{"id":32922,"date":"2012-05-13T22:19:50","date_gmt":"2012-05-14T01:19:50","guid":{"rendered":"https:\/\/historiadofutebol.com\/blog\/?p=32922"},"modified":"2012-05-14T22:48:21","modified_gmt":"2012-05-15T01:48:21","slug":"colina-atletico-colinas-sp","status":"publish","type":"post","link":"https:\/\/historiadofutebol.com\/blog\/?p=32922","title":{"rendered":"Colina Atl\u00e9tico &#8211; Munic\u00edpio de Colina (SP)"},"content":{"rendered":"<p>\u00a0<img loading=\"lazy\" decoding=\"async\" class=\"aligncenter size-medium wp-image-32924\" src=\"https:\/\/historiadofutebol.com\/blog\/wp-content\/uploads\/2012\/05\/Colina-Atletico-Colina-1945-223x300.jpg\" alt=\"\" width=\"223\" height=\"300\" srcset=\"https:\/\/historiadofutebol.com\/blog\/wp-content\/uploads\/2012\/05\/Colina-Atletico-Colina-1945-223x300.jpg 223w, https:\/\/historiadofutebol.com\/blog\/wp-content\/uploads\/2012\/05\/Colina-Atletico-Colina-1945-372x500.jpg 372w, https:\/\/historiadofutebol.com\/blog\/wp-content\/uploads\/2012\/05\/Colina-Atletico-Colina-1945.jpg 486w\" sizes=\"auto, (max-width: 223px) 100vw, 223px\" \/><\/p>\n<p>O <span style=\"color: #0000ff\"><strong><em>Colina Atl\u00e9tico<\/em><\/strong><\/span> \u00e9 uma agremia\u00e7\u00e3o do munic\u00edpio de Colina (SP). Fundado <span style=\"color: #0000ff\"><strong><em>em 1945<\/em><\/strong><\/span>, a sua Sede fica localizada na Avenida Rui Barbosa, 847 &#8211; Centro \u2013 Colina.\u00a0O temido <span style=\"color: #0000ff\"><strong>\u2018<em>Tigre do Vale<\/em>\u2019<\/strong><\/span> colinense\u00a0atraia multid\u00f5es ao est\u00e1dio da Avenida Rui Barbosa. \u00a0<\/p>\n<div id=\"attachment_32923\" style=\"width: 310px\" class=\"wp-caption aligncenter\"><img loading=\"lazy\" decoding=\"async\" aria-describedby=\"caption-attachment-32923\" class=\"size-medium wp-image-32923\" src=\"https:\/\/historiadofutebol.com\/blog\/wp-content\/uploads\/2012\/05\/Colina-Sede-300x225.jpg\" alt=\"\" width=\"300\" height=\"225\" srcset=\"https:\/\/historiadofutebol.com\/blog\/wp-content\/uploads\/2012\/05\/Colina-Sede-300x225.jpg 300w, https:\/\/historiadofutebol.com\/blog\/wp-content\/uploads\/2012\/05\/Colina-Sede-500x375.jpg 500w, https:\/\/historiadofutebol.com\/blog\/wp-content\/uploads\/2012\/05\/Colina-Sede.jpg 720w\" sizes=\"auto, (max-width: 300px) 100vw, 300px\" \/><p id=\"caption-attachment-32923\" class=\"wp-caption-text\">Sede do Colina Atl\u00e9tico<\/p><\/div>\n<p>\u00a0A cidade de Colina, no interior do Estado de S\u00e3o Paulo, \u00e9 conhecida como \u2018Colina Cidade Carinho\u2019, e\u00a0compreende um territ\u00f3rio de 424 km2 de \u00e1rea, que faz divisa com os Munic\u00edpios de Barretos, Jaborandi, Terra Roxa, Bebedouro, Monte Azul Paulista e Sever\u00ednia.<\/p>\n<p>&nbsp;<\/p>\n<p>\u00a0<strong><em>Foto: <\/em><\/strong><em><a href=\"http:\/\/colinasp.blogspot.com.br\/\" target=\"_blank\">http:\/\/colinasp.blogspot.com.br<\/a><\/em><\/p>\n","protected":false},"excerpt":{"rendered":"<p>\u00a0 O Colina Atl\u00e9tico \u00e9 uma agremia\u00e7\u00e3o do munic\u00edpio de Colina (SP). Fundado em 1945, a sua Sede fica localizada na Avenida Rui Barbosa, 847 &#8211; Centro \u2013 Colina.\u00a0O temido \u2018Tigre do Vale\u2019 colinense\u00a0atraia multid\u00f5es ao est\u00e1dio da Avenida Rui Barbosa. \u00a0 \u00a0A cidade de Colina, no interior do Estado de S\u00e3o Paulo, \u00e9 conhecida [&hellip;]<\/p>\n","protected":false},"author":55,"featured_media":0,"comment_status":"open","ping_status":"closed","sticky":false,"template":"","format":"standard","meta":{"footnotes":""},"categories":[203,189,59,3,51],"tags":[],"class_list":["post-32922","post","type-post","status-publish","format-standard","hentry","category-sergio-mello","category-toninho-sereno","category-escudos","category-historia-do-futebol","category-sao-paulo"],"_links":{"self":[{"href":"https:\/\/historiadofutebol.com\/blog\/index.php?rest_route=\/wp\/v2\/posts\/32922","targetHints":{"allow":["GET"]}}],"collection":[{"href":"https:\/\/historiadofutebol.com\/blog\/index.php?rest_route=\/wp\/v2\/posts"}],"about":[{"href":"https:\/\/historiadofutebol.com\/blog\/index.php?rest_route=\/wp\/v2\/types\/post"}],"author":[{"embeddable":true,"href":"https:\/\/historiadofutebol.com\/blog\/index.php?rest_route=\/wp\/v2\/users\/55"}],"replies":[{"embeddable":true,"href":"https:\/\/historiadofutebol.com\/blog\/index.php?rest_route=%2Fwp%2Fv2%2Fcomments&post=32922"}],"version-history":[{"count":6,"href":"https:\/\/historiadofutebol.com\/blog\/index.php?rest_route=\/wp\/v2\/posts\/32922\/revisions"}],"predecessor-version":[{"id":32975,"href":"https:\/\/historiadofutebol.com\/blog\/index.php?rest_route=\/wp\/v2\/posts\/32922\/revisions\/32975"}],"wp:attachment":[{"href":"https:\/\/historiadofutebol.com\/blog\/index.php?rest_route=%2Fwp%2Fv2%2Fmedia&parent=32922"}],"wp:term":[{"taxonomy":"category","embeddable":true,"href":"https:\/\/historiadofutebol.com\/blog\/index.php?rest_route=%2Fwp%2Fv2%2Fcategories&post=32922"},{"taxonomy":"post_tag","embeddable":true,"href":"https:\/\/historiadofutebol.com\/blog\/index.php?rest_route=%2Fwp%2Fv2%2Ftags&post=32922"}],"curies":[{"name":"wp","href":"https:\/\/api.w.org\/{rel}","templated":true}]}}