{"id":32888,"date":"2012-05-13T17:50:40","date_gmt":"2012-05-13T20:50:40","guid":{"rendered":"https:\/\/historiadofutebol.com\/blog\/?p=32888"},"modified":"2012-05-13T17:50:40","modified_gmt":"2012-05-13T20:50:40","slug":"associacao-esportiva-agua-vermelha-poa-sp","status":"publish","type":"post","link":"https:\/\/historiadofutebol.com\/blog\/?p=32888","title":{"rendered":"Associa\u00e7\u00e3o Esportiva \u00c1gua Vermelha &#8211; Po\u00e1 (SP)"},"content":{"rendered":"<div class=\"mceTemp mceIEcenter\">\u00a0<\/div>\n<div id=\"attachment_32894\" style=\"width: 281px\" class=\"wp-caption aligncenter\"><img loading=\"lazy\" decoding=\"async\" aria-describedby=\"caption-attachment-32894\" class=\"size-medium wp-image-32894\" src=\"https:\/\/historiadofutebol.com\/blog\/wp-content\/uploads\/2012\/05\/AEAV.05-271x300.jpg\" alt=\"\" width=\"271\" height=\"300\" srcset=\"https:\/\/historiadofutebol.com\/blog\/wp-content\/uploads\/2012\/05\/AEAV.05-271x300.jpg 271w, https:\/\/historiadofutebol.com\/blog\/wp-content\/uploads\/2012\/05\/AEAV.05-452x500.jpg 452w, https:\/\/historiadofutebol.com\/blog\/wp-content\/uploads\/2012\/05\/AEAV.05.jpg 589w\" sizes=\"auto, (max-width: 271px) 100vw, 271px\" \/><p id=\"caption-attachment-32894\" class=\"wp-caption-text\">Escudo atual<\/p><\/div>\n<p>A <span style=\"color: #ff0000\"><strong><em>Associa\u00e7\u00e3o Esportiva \u00c1gua Vermelha<\/em><\/strong><\/span> \u00e9 uma agremia\u00e7\u00e3o do munic\u00edpio de Po\u00e1 (SP). <span style=\"color: #ff0000\"><strong><em>Fundado no dia 31 de Dezembro de 1963<\/em><\/strong><\/span>, a sua Sede fica na Avenida Get\u00falio Vargas, 983 &#8211; Bairro: Calmon Viana &#8211; Po\u00e1 (SP).<\/p>\n<div id=\"attachment_32893\" style=\"width: 297px\" class=\"wp-caption aligncenter\"><img loading=\"lazy\" decoding=\"async\" aria-describedby=\"caption-attachment-32893\" class=\"size-medium wp-image-32893\" src=\"https:\/\/historiadofutebol.com\/blog\/wp-content\/uploads\/2012\/05\/AEAV.04-287x300.jpg\" alt=\"\" width=\"287\" height=\"300\" srcset=\"https:\/\/historiadofutebol.com\/blog\/wp-content\/uploads\/2012\/05\/AEAV.04-287x300.jpg 287w, https:\/\/historiadofutebol.com\/blog\/wp-content\/uploads\/2012\/05\/AEAV.04-478x500.jpg 478w, https:\/\/historiadofutebol.com\/blog\/wp-content\/uploads\/2012\/05\/AEAV.04-24x24.jpg 24w, https:\/\/historiadofutebol.com\/blog\/wp-content\/uploads\/2012\/05\/AEAV.04.jpg 568w\" sizes=\"auto, (max-width: 287px) 100vw, 287px\" \/><p id=\"caption-attachment-32893\" class=\"wp-caption-text\">Escudo antigo<\/p><\/div>\n<p>&nbsp;<\/p>\n<p>A Prefeitura de Po\u00e1, que fica apenas 34 km da capital, est\u00e1 revitaliza\u00e7\u00e3o o Campo do \u00c1gua Vermelha. No local, os muros j\u00e1 foram derrubados e a grama do campo j\u00e1 foi removida, para que comece a ser constru\u00eddo um Centro Esportivo, com estrutura, inclusive para receber jogos noturnos, segundo informa\u00e7\u00f5es da Secretaria de Obras. A previs\u00e3o \u00e9 de que a obra termine no pr\u00f3ximo m\u00eas de julho.<\/p>\n<p><img decoding=\"async\" class=\"aligncenter size-full wp-image-32892\" src=\"https:\/\/historiadofutebol.com\/blog\/wp-content\/uploads\/2012\/05\/AEAV.bmp\" alt=\"\" \/><\/p>\n<p>&nbsp;<\/p>\n<p>O projeto do Campo do<span style=\"color: #ff0000\"> <strong><em>\u00c1gua Vermelha<\/em><\/strong><\/span>, que est\u00e1 localizado em Calmon Viana, contempla a constru\u00e7\u00e3o de um campo de futebol com grama sint\u00e9tica, pista de caminhada, playground, vesti\u00e1rios para os atletas, banheiros, academia ao ar livre, lanchonete, sala de trof\u00e9us, espa\u00e7o para jogos, escrit\u00f3rio, g\u00eaiser (jatos d\u2019\u00e1gua), churrasqueira e uma arquibancada com capacidade para 240 pessoas.<\/p>\n<p><img loading=\"lazy\" decoding=\"async\" class=\"aligncenter size-medium wp-image-32890\" src=\"https:\/\/historiadofutebol.com\/blog\/wp-content\/uploads\/2012\/05\/AEAV.02-300x226.jpg\" alt=\"\" width=\"300\" height=\"226\" srcset=\"https:\/\/historiadofutebol.com\/blog\/wp-content\/uploads\/2012\/05\/AEAV.02-300x226.jpg 300w, https:\/\/historiadofutebol.com\/blog\/wp-content\/uploads\/2012\/05\/AEAV.02-500x377.jpg 500w, https:\/\/historiadofutebol.com\/blog\/wp-content\/uploads\/2012\/05\/AEAV.02.jpg 992w\" sizes=\"auto, (max-width: 300px) 100vw, 300px\" \/><\/p>\n<p>&nbsp;<\/p>\n<p>Ao redor do campo, ser\u00e1 colocado um gradil para melhor visualiza\u00e7\u00e3o dos jogos que devem acontecer no local. Com uma nova estrutura, o campo, que se transformar\u00e1 em um Centro Esportivo poder\u00e1 ser utilizado pela popula\u00e7\u00e3o e em especial pelos alunos da Escola Municipal de Ensino B\u00e1sico (Emeb) Edison Alves de Oliveira, situada ao lado do campo.<\/p>\n<p><img decoding=\"async\" class=\"aligncenter size-full wp-image-32889\" src=\"https:\/\/historiadofutebol.com\/blog\/wp-content\/uploads\/2012\/05\/AEAV.01.bmp\" alt=\"\" \/><\/p>\n<p><strong><em>Fotos:<\/em><\/strong><em> <a href=\"http:\/\/www.poa.sp.gov.br\/\">http:\/\/www.poa.sp.gov.br<\/a><\/em><\/p>\n<p>&nbsp;<\/p>\n","protected":false},"excerpt":{"rendered":"<p>\u00a0 A Associa\u00e7\u00e3o Esportiva \u00c1gua Vermelha \u00e9 uma agremia\u00e7\u00e3o do munic\u00edpio de Po\u00e1 (SP). Fundado no dia 31 de Dezembro de 1963, a sua Sede fica na Avenida Get\u00falio Vargas, 983 &#8211; Bairro: Calmon Viana &#8211; Po\u00e1 (SP). &nbsp; A Prefeitura de Po\u00e1, que fica apenas 34 km da capital, est\u00e1 revitaliza\u00e7\u00e3o o Campo do [&hellip;]<\/p>\n","protected":false},"author":55,"featured_media":0,"comment_status":"open","ping_status":"closed","sticky":false,"template":"","format":"standard","meta":{"footnotes":""},"categories":[203,189,59,118,51],"tags":[],"class_list":["post-32888","post","type-post","status-publish","format-standard","hentry","category-sergio-mello","category-toninho-sereno","category-escudos","category-futebol-amador-varzeano","category-sao-paulo"],"_links":{"self":[{"href":"https:\/\/historiadofutebol.com\/blog\/index.php?rest_route=\/wp\/v2\/posts\/32888","targetHints":{"allow":["GET"]}}],"collection":[{"href":"https:\/\/historiadofutebol.com\/blog\/index.php?rest_route=\/wp\/v2\/posts"}],"about":[{"href":"https:\/\/historiadofutebol.com\/blog\/index.php?rest_route=\/wp\/v2\/types\/post"}],"author":[{"embeddable":true,"href":"https:\/\/historiadofutebol.com\/blog\/index.php?rest_route=\/wp\/v2\/users\/55"}],"replies":[{"embeddable":true,"href":"https:\/\/historiadofutebol.com\/blog\/index.php?rest_route=%2Fwp%2Fv2%2Fcomments&post=32888"}],"version-history":[{"count":1,"href":"https:\/\/historiadofutebol.com\/blog\/index.php?rest_route=\/wp\/v2\/posts\/32888\/revisions"}],"predecessor-version":[{"id":32897,"href":"https:\/\/historiadofutebol.com\/blog\/index.php?rest_route=\/wp\/v2\/posts\/32888\/revisions\/32897"}],"wp:attachment":[{"href":"https:\/\/historiadofutebol.com\/blog\/index.php?rest_route=%2Fwp%2Fv2%2Fmedia&parent=32888"}],"wp:term":[{"taxonomy":"category","embeddable":true,"href":"https:\/\/historiadofutebol.com\/blog\/index.php?rest_route=%2Fwp%2Fv2%2Fcategories&post=32888"},{"taxonomy":"post_tag","embeddable":true,"href":"https:\/\/historiadofutebol.com\/blog\/index.php?rest_route=%2Fwp%2Fv2%2Ftags&post=32888"}],"curies":[{"name":"wp","href":"https:\/\/api.w.org\/{rel}","templated":true}]}}