{"id":31542,"date":"2012-04-30T19:33:25","date_gmt":"2012-04-30T22:33:25","guid":{"rendered":"https:\/\/historiadofutebol.com\/blog\/?p=31542"},"modified":"2012-04-30T19:33:25","modified_gmt":"2012-04-30T22:33:25","slug":"grudi-do-imirim-capital-sp","status":"publish","type":"post","link":"https:\/\/historiadofutebol.com\/blog\/?p=31542","title":{"rendered":"GRUDI do Imirim &#8211; Capital (SP)"},"content":{"rendered":"<p><img loading=\"lazy\" decoding=\"async\" class=\"aligncenter size-medium wp-image-31543\" src=\"https:\/\/historiadofutebol.com\/blog\/wp-content\/uploads\/2012\/04\/GRUDI-Capital-226x300.jpg\" alt=\"\" width=\"226\" height=\"300\" srcset=\"https:\/\/historiadofutebol.com\/blog\/wp-content\/uploads\/2012\/04\/GRUDI-Capital-226x300.jpg 226w, https:\/\/historiadofutebol.com\/blog\/wp-content\/uploads\/2012\/04\/GRUDI-Capital-377x500.jpg 377w, https:\/\/historiadofutebol.com\/blog\/wp-content\/uploads\/2012\/04\/GRUDI-Capital.jpg 589w\" sizes=\"auto, (max-width: 226px) 100vw, 226px\" \/><\/p>\n<p>O <span style=\"color: #000000\"><strong><em>G.R.U.D.I.<\/em><\/strong><\/span> <em>(<span style=\"color: #ff0000\"><strong>G<\/strong><\/span>r\u00eamio <span style=\"color: #ff0000\"><strong>R<\/strong><\/span>ecreativo <span style=\"color: #ff0000\"><strong>U<\/strong><\/span>ni\u00e3o <span style=\"color: #ff0000\"><strong>D<\/strong><\/span>o <span style=\"color: #ff0000\"><strong>I<\/strong><\/span>mirim)<\/em> \u00e9 uma agremia\u00e7\u00e3o da cidade de S\u00e3o Paulo (SP). <span style=\"color: #000000\"><strong><em>Fundado no dia 23 de Agosto de 1981<\/em><\/strong><\/span>, o <span style=\"color: #ff0000\"><strong><em>GRUDI<\/em><\/strong><\/span> tem a sua Sede na Rua Greg\u00f3rio dos Santos, 48 &#8211; Bairro do Imirim, na Zona Norte da capital paulista.<\/p>\n","protected":false},"excerpt":{"rendered":"<p>O G.R.U.D.I. (Gr\u00eamio Recreativo Uni\u00e3o Do Imirim) \u00e9 uma agremia\u00e7\u00e3o da cidade de S\u00e3o Paulo (SP). Fundado no dia 23 de Agosto de 1981, o GRUDI tem a sua Sede na Rua Greg\u00f3rio dos Santos, 48 &#8211; Bairro do Imirim, na Zona Norte da capital paulista.<\/p>\n","protected":false},"author":55,"featured_media":0,"comment_status":"open","ping_status":"closed","sticky":false,"template":"","format":"standard","meta":{"footnotes":""},"categories":[203,189,59,118,51],"tags":[],"class_list":["post-31542","post","type-post","status-publish","format-standard","hentry","category-sergio-mello","category-toninho-sereno","category-escudos","category-futebol-amador-varzeano","category-sao-paulo"],"_links":{"self":[{"href":"https:\/\/historiadofutebol.com\/blog\/index.php?rest_route=\/wp\/v2\/posts\/31542","targetHints":{"allow":["GET"]}}],"collection":[{"href":"https:\/\/historiadofutebol.com\/blog\/index.php?rest_route=\/wp\/v2\/posts"}],"about":[{"href":"https:\/\/historiadofutebol.com\/blog\/index.php?rest_route=\/wp\/v2\/types\/post"}],"author":[{"embeddable":true,"href":"https:\/\/historiadofutebol.com\/blog\/index.php?rest_route=\/wp\/v2\/users\/55"}],"replies":[{"embeddable":true,"href":"https:\/\/historiadofutebol.com\/blog\/index.php?rest_route=%2Fwp%2Fv2%2Fcomments&post=31542"}],"version-history":[{"count":1,"href":"https:\/\/historiadofutebol.com\/blog\/index.php?rest_route=\/wp\/v2\/posts\/31542\/revisions"}],"predecessor-version":[{"id":31544,"href":"https:\/\/historiadofutebol.com\/blog\/index.php?rest_route=\/wp\/v2\/posts\/31542\/revisions\/31544"}],"wp:attachment":[{"href":"https:\/\/historiadofutebol.com\/blog\/index.php?rest_route=%2Fwp%2Fv2%2Fmedia&parent=31542"}],"wp:term":[{"taxonomy":"category","embeddable":true,"href":"https:\/\/historiadofutebol.com\/blog\/index.php?rest_route=%2Fwp%2Fv2%2Fcategories&post=31542"},{"taxonomy":"post_tag","embeddable":true,"href":"https:\/\/historiadofutebol.com\/blog\/index.php?rest_route=%2Fwp%2Fv2%2Ftags&post=31542"}],"curies":[{"name":"wp","href":"https:\/\/api.w.org\/{rel}","templated":true}]}}