{"id":31138,"date":"2012-04-27T22:02:03","date_gmt":"2012-04-28T01:02:03","guid":{"rendered":"https:\/\/historiadofutebol.com\/blog\/?p=31138"},"modified":"2024-07-17T02:38:37","modified_gmt":"2024-07-17T05:38:37","slug":"dirceu-maravilha-negra-da-ferroviaria","status":"publish","type":"post","link":"https:\/\/historiadofutebol.com\/blog\/?p=31138","title":{"rendered":"Dirceu \u2013 \u201cMaravilha Negra\u201d da Ferrovi\u00e1ria"},"content":{"rendered":"<div id=\"attachment_31181\" style=\"width: 1099px\" class=\"wp-caption aligncenter\"><a href=\"https:\/\/historiadofutebol.com\/blog\/?attachment_id=31181\" rel=\"attachment wp-att-31181\"><img loading=\"lazy\" decoding=\"async\" aria-describedby=\"caption-attachment-31181\" class=\"size-full wp-image-31181\" title=\"Dirceu\" src=\"https:\/\/historiadofutebol.com\/blog\/wp-content\/uploads\/2012\/04\/Dirceu3.jpg\" alt=\"\" width=\"1089\" height=\"1201\" srcset=\"https:\/\/historiadofutebol.com\/blog\/wp-content\/uploads\/2012\/04\/Dirceu3.jpg 1089w, https:\/\/historiadofutebol.com\/blog\/wp-content\/uploads\/2012\/04\/Dirceu3-272x300.jpg 272w, https:\/\/historiadofutebol.com\/blog\/wp-content\/uploads\/2012\/04\/Dirceu3-453x500.jpg 453w\" sizes=\"auto, (max-width: 1089px) 100vw, 1089px\" \/><\/a><p id=\"caption-attachment-31181\" class=\"wp-caption-text\">O Imparcial Esportivo -08\/03\/1954<\/p><\/div>\n<p>Antes de Dudu (Oleg\u00e1rio Tol\u00f3i de Oliveira), a Ferrovi\u00e1ria de Araraquara contou com o futebol vistoso, cl\u00e1ssico e eficiente de<strong> Dirceu<\/strong>, um dos art\u00edfices da conquista da Segunda Divis\u00e3o do certame paulista, vers\u00e3o 1955.<\/p>\n<div id=\"attachment_31143\" style=\"width: 510px\" class=\"wp-caption aligncenter\"><a href=\"https:\/\/historiadofutebol.com\/blog\/?attachment_id=31143\" rel=\"attachment wp-att-31143\"><img loading=\"lazy\" decoding=\"async\" aria-describedby=\"caption-attachment-31143\" class=\"size-large wp-image-31143\" title=\"Dirceu 1\" src=\"https:\/\/historiadofutebol.com\/blog\/wp-content\/uploads\/2012\/04\/Dirceu-1-500x335.jpg\" alt=\"\" width=\"500\" height=\"335\" srcset=\"https:\/\/historiadofutebol.com\/blog\/wp-content\/uploads\/2012\/04\/Dirceu-1-500x335.jpg 500w, https:\/\/historiadofutebol.com\/blog\/wp-content\/uploads\/2012\/04\/Dirceu-1-300x201.jpg 300w, https:\/\/historiadofutebol.com\/blog\/wp-content\/uploads\/2012\/04\/Dirceu-1.jpg 600w\" sizes=\"auto, (max-width: 500px) 100vw, 500px\" \/><\/a><p id=\"caption-attachment-31143\" class=\"wp-caption-text\">Dirceu - Equipe da AFE 1955<\/p><\/div>\n<p>Naquela ocasi\u00e3o, a m\u00eddia esportiva tra\u00e7ava este perfil de<strong> Dirceu<\/strong>:<\/p>\n<p>M\u00e9dio direito, a mola propulsora do time gren\u00e1, fazendo de maneira cl\u00e1ssica e bela a liga\u00e7\u00e3o da defesa com o ataque. A torcida apelidou-o de \u201cMaravilha Negra\u201d pelo seu excelente controle de bola.<\/p>\n<p>Nome \u2013 Dirceu Siqueira<\/p>\n<p>Naturalidade \u2013 S\u00e3o Paulo, Capital<\/p>\n<p>Idade \u2013 27 anos. Nascido a 29 de setembro de 1929<\/p>\n<p>Estado civil \u2013 Solteiro<\/p>\n<p>Peso \u2013 68 quilos<\/p>\n<p>Altura \u2013 1,75<\/p>\n<p>Clubes \u2013 O famoso \u201cMaravilha Negra\u201d iniciou no Mocidade Glic\u00e9rio, da v\u00e1rzea paulistana. Ainda na Capital, Dirceu jogou pelo Iguape, Pelotas, R\u00e1dio Panamericana, Boca Juniors, Iuracan. Transferiu-se depois para o quadro amador do Corinthians Paulista de onde foi descoberto pelo Rio Pardo, tornando-se estrela de \u201cprimeira grandeza\u201d segundo express\u00e3o de Pereira Lima que o trouxe para a Associa\u00e7\u00e3o Desportiva Araraquara (ADA). Finalmente Dirceu ingressou na Ferrovi\u00e1ria, onde atua com enorme desenvoltura, sendo um dos \u00eddolos da torcida gren\u00e1.<\/p>\n<div id=\"attachment_31142\" style=\"width: 510px\" class=\"wp-caption aligncenter\"><a href=\"https:\/\/historiadofutebol.com\/blog\/?attachment_id=31142\" rel=\"attachment wp-att-31142\"><img loading=\"lazy\" decoding=\"async\" aria-describedby=\"caption-attachment-31142\" class=\"size-large wp-image-31142\" title=\"Dirceu ADA\" src=\"https:\/\/historiadofutebol.com\/blog\/wp-content\/uploads\/2012\/04\/Dirceu-ADA-500x321.jpg\" alt=\"\" width=\"500\" height=\"321\" srcset=\"https:\/\/historiadofutebol.com\/blog\/wp-content\/uploads\/2012\/04\/Dirceu-ADA-500x321.jpg 500w, https:\/\/historiadofutebol.com\/blog\/wp-content\/uploads\/2012\/04\/Dirceu-ADA-300x192.jpg 300w, https:\/\/historiadofutebol.com\/blog\/wp-content\/uploads\/2012\/04\/Dirceu-ADA.jpg 565w\" sizes=\"auto, (max-width: 500px) 100vw, 500px\" \/><\/a><p id=\"caption-attachment-31142\" class=\"wp-caption-text\">Dirceu - ADA<\/p><\/div>\n<p>T\u00edtulos \u2013 Dirceu foi campe\u00e3o pelo amador do Corinthians e campe\u00e3o de s\u00e9rie pelo Rio Pardo.<\/p>\n<p>Maior emo\u00e7\u00e3o \u2013 O grande m\u00e9dio \u201ccolored\u201d da Ferrovi\u00e1ria tem duas grandes emo\u00e7\u00f5es em sua carreira esportiva. A primeira foi no Pacaembu, quando ainda defendia o amador do Corinthians, num lance em cima da risca fatal de seu gol que ele tirou de \u201cbicicleta\u201d empolgando a torcida presente ao jogo. A segunda maior emo\u00e7\u00e3o de Dirceu foi descrita por ele pr\u00f3prio: \u201cO gol que fiz contra a Sanjoanense. Roque encobriu espetacularmente o famoso Z\u00e9 Amaro e, conforme a bola desceu eu chutei para o gol de \u201csem pulo\u201d marcando um tento sensacional.\u201d<\/p>\n<div id=\"attachment_31144\" style=\"width: 510px\" class=\"wp-caption aligncenter\"><a href=\"https:\/\/historiadofutebol.com\/blog\/?attachment_id=31144\" rel=\"attachment wp-att-31144\"><img loading=\"lazy\" decoding=\"async\" aria-describedby=\"caption-attachment-31144\" class=\"size-large wp-image-31144\" title=\"Dirceu2\" src=\"https:\/\/historiadofutebol.com\/blog\/wp-content\/uploads\/2012\/04\/Dirceu21-500x365.jpg\" alt=\"\" width=\"500\" height=\"365\" srcset=\"https:\/\/historiadofutebol.com\/blog\/wp-content\/uploads\/2012\/04\/Dirceu21-500x365.jpg 500w, https:\/\/historiadofutebol.com\/blog\/wp-content\/uploads\/2012\/04\/Dirceu21-300x219.jpg 300w, https:\/\/historiadofutebol.com\/blog\/wp-content\/uploads\/2012\/04\/Dirceu21.jpg 565w\" sizes=\"auto, (max-width: 500px) 100vw, 500px\" \/><\/a><p id=\"caption-attachment-31144\" class=\"wp-caption-text\">Dirceu - Atlas do M\u00e9xico<\/p><\/div>\n<p>Dirceu Careca &#8211; assim chamado porque jogava com a cabe\u00e7a raspada &#8211; transferiu-se para o M\u00e9xico, onde atuou com muito \u00eaxito at\u00e9 o encerramento de sua brilhante carreira. L\u00e1 seguiu residindo, at\u00e9 que em 1999 veio a falecer, v\u00edtima de infarto.<\/p>\n<p><strong>Fontes:<\/strong><br \/>\nJornal O Imparcial (Araraquara)<br \/>\nQue fim Levou? Milton Neves (Fotos)<br \/>\n<strong>Edi\u00e7\u00e3o: <\/strong>Paulo Lu\u00eds Micali<strong> <\/strong><\/p>\n","protected":false},"excerpt":{"rendered":"<p>Antes de Dudu (Oleg\u00e1rio Tol\u00f3i de Oliveira), a Ferrovi\u00e1ria de Araraquara contou com o futebol vistoso, cl\u00e1ssico e eficiente de Dirceu, um dos art\u00edfices da conquista da Segunda Divis\u00e3o do certame paulista, vers\u00e3o 1955. Naquela ocasi\u00e3o, a m\u00eddia esportiva tra\u00e7ava este perfil de Dirceu: M\u00e9dio direito, a mola propulsora do time gren\u00e1, fazendo de maneira [&hellip;]<\/p>\n","protected":false},"author":55,"featured_media":0,"comment_status":"open","ping_status":"closed","sticky":false,"template":"","format":"standard","meta":{"footnotes":""},"categories":[203,207,150],"tags":[],"class_list":["post-31138","post","type-post","status-publish","format-standard","hentry","category-sergio-mello","category-vicente-baroffaldi","category-x7-perfis-de-jogadores"],"_links":{"self":[{"href":"https:\/\/historiadofutebol.com\/blog\/index.php?rest_route=\/wp\/v2\/posts\/31138","targetHints":{"allow":["GET"]}}],"collection":[{"href":"https:\/\/historiadofutebol.com\/blog\/index.php?rest_route=\/wp\/v2\/posts"}],"about":[{"href":"https:\/\/historiadofutebol.com\/blog\/index.php?rest_route=\/wp\/v2\/types\/post"}],"author":[{"embeddable":true,"href":"https:\/\/historiadofutebol.com\/blog\/index.php?rest_route=\/wp\/v2\/users\/55"}],"replies":[{"embeddable":true,"href":"https:\/\/historiadofutebol.com\/blog\/index.php?rest_route=%2Fwp%2Fv2%2Fcomments&post=31138"}],"version-history":[{"count":12,"href":"https:\/\/historiadofutebol.com\/blog\/index.php?rest_route=\/wp\/v2\/posts\/31138\/revisions"}],"predecessor-version":[{"id":59008,"href":"https:\/\/historiadofutebol.com\/blog\/index.php?rest_route=\/wp\/v2\/posts\/31138\/revisions\/59008"}],"wp:attachment":[{"href":"https:\/\/historiadofutebol.com\/blog\/index.php?rest_route=%2Fwp%2Fv2%2Fmedia&parent=31138"}],"wp:term":[{"taxonomy":"category","embeddable":true,"href":"https:\/\/historiadofutebol.com\/blog\/index.php?rest_route=%2Fwp%2Fv2%2Fcategories&post=31138"},{"taxonomy":"post_tag","embeddable":true,"href":"https:\/\/historiadofutebol.com\/blog\/index.php?rest_route=%2Fwp%2Fv2%2Ftags&post=31138"}],"curies":[{"name":"wp","href":"https:\/\/api.w.org\/{rel}","templated":true}]}}