{"id":31126,"date":"2012-04-27T17:04:15","date_gmt":"2012-04-27T20:04:15","guid":{"rendered":"https:\/\/historiadofutebol.com\/blog\/?p=31126"},"modified":"2012-04-27T17:14:49","modified_gmt":"2012-04-27T20:14:49","slug":"sport-club-america-do-lins-capital-rj","status":"publish","type":"post","link":"https:\/\/historiadofutebol.com\/blog\/?p=31126","title":{"rendered":"Sport Club Am\u00e9rica do Lins &#8211; Capital (RJ)"},"content":{"rendered":"<p>\u00a0<img loading=\"lazy\" decoding=\"async\" class=\"aligncenter size-medium wp-image-31127\" src=\"https:\/\/historiadofutebol.com\/blog\/wp-content\/uploads\/2012\/04\/SC-America-Lins-252x300.jpg\" alt=\"\" width=\"252\" height=\"300\" srcset=\"https:\/\/historiadofutebol.com\/blog\/wp-content\/uploads\/2012\/04\/SC-America-Lins-252x300.jpg 252w, https:\/\/historiadofutebol.com\/blog\/wp-content\/uploads\/2012\/04\/SC-America-Lins-421x500.jpg 421w, https:\/\/historiadofutebol.com\/blog\/wp-content\/uploads\/2012\/04\/SC-America-Lins.jpg 592w\" sizes=\"auto, (max-width: 252px) 100vw, 252px\" \/><\/p>\n<p>O<span style=\"color: #ff0000\"><strong><em> Sport Club Am\u00e9rica<\/em><\/strong><\/span>, do Bairro do Lins de Vasconcellos (Sub\u00farbio do Rio) foi <span style=\"color: #ff0000\"><strong><em>Bicampe\u00e3o carioca<\/em><\/strong><\/span> pela Liga Metropolitana de Desportos Terrestres (LMDT), quando houve a cis\u00e3o com a Associa\u00e7\u00e3o Metropolitana de Esportes Atl\u00e9ticos (AMEA), em 1928 (S\u00e9rie Emmanuel Augusto Nery) e 1929 (S\u00e9rie Emmanuel Coelho Netto).<\/p>\n<p>Abaixo, um pouco da hist\u00f3ria dos t\u00edtulos conquistados pelo <span style=\"color: #ff0000\"><strong><em>Sport Club Am\u00e9rica<\/em><\/strong><\/span>, pesquisados pelos amigos <strong>Auriel de Almeida<\/strong>,\u00a0Raymundo Quadros e Pedro Varanda.<\/p>\n<p style=\"text-align: center\"><span style=\"color: #0000ff\"><strong><span style=\"text-decoration: underline\">CAMPE\u00c3O EM 1928<\/span><\/strong><\/span><\/p>\n<p>\u00a0<strong>Participantes da S\u00e9rie Emmanuel Augusto Nery:<\/strong><\/p>\n<p>\u00a0<strong><em>Campo Grande Athletico Club<\/em>, do Bairro de Campo Grande (Zona Oeste, antiga Zona Rural): Vencedor desta S\u00e9rie <\/strong><\/p>\n<p>Americano Football Club, do bairro Riachuelo (Zona Norte do Rio);<\/p>\n<p>Dram\u00e1tico Athletico Club, do Bairro de Realengo (Zona Oeste);<\/p>\n<p>Esperan\u00e7a Football Club, do Bairro de Bangu (Zona Oeste);<\/p>\n<p>Fidalgo Football Club, do Bairro de Madureira (Zona Norte do Rio);<\/p>\n<p>Fundi\u00e7\u00e3o Nacional Athletico Club, do Bairro de S\u00e3o Crist\u00f3v\u00e3o (Zona Norte do Rio);<\/p>\n<p>Jornal do Commercio Football Club, do Bairro do Santo Cristo\/ Gamboa (Centro do Rio)<\/p>\n<p>Mav\u00edlis Football Club, do Bairro do Caju (Zona Norte do Rio);<\/p>\n<p>Modesto Football Club, do Bairro de Quintino Bocai\u00fava (Zona Norte do Rio).<\/p>\n<p>\u00a0<strong>Participantes da S\u00e9rie Emmanuel Coelho Netto<\/strong><strong>:<\/strong><\/p>\n<p><span style=\"color: #ff0000\">\u00a0<strong><em>Sport Club A<\/em><\/strong><strong><em>m\u00e9rica, do<\/em><\/strong><strong><em> Bairro do Lins de Vasconcelos<\/em><\/strong><strong><em> (Sub\u00farbio), vencedor da S\u00e9rie<\/em><\/strong><\/span><\/p>\n<p>Am\u00e9rica Suburbano Football Club, do Bairro de Bento Ribeiro (Zona Oeste)<\/p>\n<p>Sport Club Boa Vista, do Bairro do Alto da Boa Vista (Zona Norte);<\/p>\n<p>Club Athletico Central, do Bairro do Rocha (Zona Norte);<\/p>\n<p>Sport Club Curupaity, do Bairro do Catete (Zona Sul);<\/p>\n<p>Dous de Junho Football Club, do Bairro do Caju (Zona Norte do Rio);<\/p>\n<p>Magno Football Club, do Bairro de Madureira (Zona Norte do Rio);<\/p>\n<p>Terra Nova Football Club, na Estrada da Pavuna \u2013 Inha\u00fama (Sub\u00farbio).<\/p>\n<p><span style=\"color: #ff0000\"><strong>NARRATIVA DO GOL: <\/strong><\/span><\/p>\n<p>\u00a0A Prorroga\u00e7\u00e3o de 20 minutos: Esse tempo extra transcorreu movimentado, at\u00e9 que Nen\u00ea desfere forte shoot rasteiro, que Euro defende e larga. O guardi\u00e3o alvinegro (alvinegro) consegue aparar ainda a pelota, surgindo ent\u00e3o d\u00favidas sobre se esta havia ou n\u00e3o transposto a linha de &#8220;goal&#8221; (&#8220;gol&#8221;).<\/p>\n<p>H\u00e1 prolongada discuss\u00e3o, conforme dissemos a princ\u00edpio, sendo que o juiz resolveu consignar o ponto, dando a victoria (vit\u00f3ria) ao Am\u00e9rica, por ter se retirado de campo o quadro do Campo Grande. <strong>Campe\u00e3o:<\/strong> S.C. Am\u00e9rica.<\/p>\n<p style=\"text-align: center\">\u00a0<\/p>\n<table border=\"1\" cellspacing=\"0\" cellpadding=\"0\">\n<tbody>\n<tr>\n<td width=\"173\"><span style=\"color: #ff0000\"><strong>S.C. AM\u00c9RICA<\/strong><\/span><\/td>\n<td width=\"45\"><strong>\u00a0\u00a0 1<\/strong><\/td>\n<td width=\"42\"><strong>\u00a0\u00a0 X<\/strong><\/td>\n<td width=\"57\"><strong>\u00a0\u00a0 0<\/strong><\/td>\n<td width=\"204\"><strong>CAMPO GRANDE A.C.<\/strong><\/td>\n<\/tr>\n<tr>\n<td colspan=\"5\" width=\"521\"><strong>DATA:<\/strong> Domingo, do dia 23 de Dezembro de 1928<\/td>\n<\/tr>\n<tr>\n<td colspan=\"5\" width=\"521\"><strong>LOCAL:<\/strong> Rua Jos\u00e9 do Patroc\u00ednio <em>(campo do Independ\u00eancia F.C.)<\/em><\/td>\n<\/tr>\n<tr>\n<td colspan=\"5\" width=\"521\"><strong>\u00c1RBITRO:<\/strong> Sylvio Vinhas de Viterbo<\/td>\n<\/tr>\n<tr>\n<td colspan=\"5\" width=\"521\"><span style=\"color: #ff0000\"><strong>S.C. AM\u00c9RICA:<\/strong><\/span> Martins, Serra e Daminho; Thur\u00edbio, Lucena e Biri; Canedo, Goulart, Adhemar, Nen\u00ea e Lixa.<\/td>\n<\/tr>\n<tr>\n<td colspan=\"5\" width=\"521\"><strong>CAMPO GRANDE A.C.:<\/strong> Euro, Nauta e M\u00e1rio Lopes; Theodomiro, Geraldino e Nilo; Edmundo, Jah\u00fa, Modesto, Augusto e Heitor.<\/td>\n<\/tr>\n<tr>\n<td colspan=\"5\" width=\"521\"><strong>GOL:<\/strong> Terminou 0 x 0, no tempo normal. <strong><span style=\"color: #ff0000\">Nen\u00ea<\/span><\/strong> marcou aos 5 minutos do 2\u00ba tempo da Prorroga\u00e7\u00e3o \u00a0<\/td>\n<\/tr>\n<\/tbody>\n<\/table>\n<p style=\"text-align: center\">\u00a0<\/p>\n<p style=\"text-align: center\"><span style=\"text-decoration: underline\"><span style=\"color: #0000ff;text-decoration: underline\">\u00a0<strong>CAMPE\u00c3O EM 1929<\/strong><\/span><\/span><\/p>\n<p>\u00a0<strong><em>Participantes da S\u00e9rie Emmanuel Coelho Netto:<\/em><\/strong><\/p>\n<p>\u00a0<span style=\"color: #ff0000\"><strong><em>Sport Club Am\u00e9rica<\/em><\/strong>, do Bairro do Lins de Vasconcelos (Sub\u00farbio), <strong>vencedor da S\u00e9rie<\/strong><\/span><\/p>\n<p>Sport Club Anchieta, do Bairro de Anchieta (Zona Norte);<\/p>\n<p>Sport Club Boa Vista, do Bairro do Alto da Boa Vista (Zona Norte);<\/p>\n<p>Brasil Suburbano Football Club, do Bairro da Piedade (Zona Norte);<\/p>\n<p>Club Athletico Central, do Bairro do Rocha (Zona Norte);<\/p>\n<p>Athletico Club Cordovil, do Bairro de Cordovil (Zona Norte);<\/p>\n<p>Oriente Athletico Club, do Bairro de Santa Cruz (Zona Oeste);<\/p>\n<p>Pereira Passos Football Club, do Bairro da Sa\u00fade (Centro do Rio);<\/p>\n<p>Gr\u00eamio Sportivo Santa Cruz, do Bairro de Santa Cruz (Zona Oeste).<\/p>\n<table border=\"1\" cellspacing=\"0\" cellpadding=\"0\">\n<tbody>\n<tr>\n<td width=\"173\">\n<p align=\"center\"><span style=\"color: #ff0000\"><strong>S.C. AM\u00c9RICA<\/strong><\/span><\/p>\n<\/td>\n<td width=\"45\">\n<p align=\"center\"><strong>3<\/strong><\/p>\n<\/td>\n<td width=\"42\">\n<p align=\"center\"><strong>X<\/strong><\/p>\n<\/td>\n<td width=\"57\">\n<p align=\"center\"><strong>2<\/strong><\/p>\n<\/td>\n<td width=\"204\">\n<p align=\"center\"><strong>MAVILIS F.C.<\/strong><\/p>\n<\/td>\n<\/tr>\n<tr>\n<td colspan=\"5\" width=\"521\"><strong>DATA:<\/strong> Domingo, do dia 23 de Fevereiro de 1930<\/td>\n<\/tr>\n<tr>\n<td colspan=\"5\" width=\"521\"><strong>LOCAL:<\/strong> Avenida Pedro II, em S\u00e3o Crist\u00f3v\u00e3o<\/td>\n<\/tr>\n<tr>\n<td colspan=\"5\" width=\"521\"><strong>\u00c1RBITRO:<\/strong> Jo\u00e3o Alves Pereira<\/td>\n<\/tr>\n<tr>\n<td colspan=\"5\" width=\"521\"><span style=\"color: #ff0000\"><strong>S.C. AM\u00c9RICA:<\/strong><\/span> Jaj\u00e1, Serra e Dam\u00e1sio; Guerra, Lucena e Biri; M\u00e1rio, Nen\u00ea, Goulart, Arantes e Camarinha.<\/td>\n<\/tr>\n<tr>\n<td colspan=\"5\" width=\"521\"><strong>MAVILIS F.C.:<\/strong> Manoel, Bad\u00fa e Oswaldo II; Pisca, Leopoldo e Oswaldo I; Gualegu\u00e1, Hermes, Vicente, Bahianinho e Antoninho.<\/td>\n<\/tr>\n<tr>\n<td colspan=\"5\" width=\"521\"><strong>GOLS:<\/strong> <span style=\"color: #ff0000\">Arantes (SCA);<\/span> Gualegu\u00e1 (MFC), no 1\u00b0 tempo. <span style=\"color: #ff0000\">Goulart (SCA);<\/span> Hermes (MFC) e <span style=\"color: #ff0000\">Oswaldo II, contra (SCA).<\/span><\/td>\n<\/tr>\n<\/tbody>\n<\/table>\n<p><strong><em>Fontes:<\/em><\/strong><em> RSSSF e peri\u00f3dicos da \u00e9poca (A Noite, CM, JB, JC, O Globo, O Jornal e O Imparcial). <\/em><\/p>\n","protected":false},"excerpt":{"rendered":"<p>\u00a0 O Sport Club Am\u00e9rica, do Bairro do Lins de Vasconcellos (Sub\u00farbio do Rio) foi Bicampe\u00e3o carioca pela Liga Metropolitana de Desportos Terrestres (LMDT), quando houve a cis\u00e3o com a Associa\u00e7\u00e3o Metropolitana de Esportes Atl\u00e9ticos (AMEA), em 1928 (S\u00e9rie Emmanuel Augusto Nery) e 1929 (S\u00e9rie Emmanuel Coelho Netto). Abaixo, um pouco da hist\u00f3ria dos t\u00edtulos [&hellip;]<\/p>\n","protected":false},"author":55,"featured_media":0,"comment_status":"open","ping_status":"closed","sticky":false,"template":"","format":"standard","meta":{"footnotes":""},"categories":[203,3,47],"tags":[],"class_list":["post-31126","post","type-post","status-publish","format-standard","hentry","category-sergio-mello","category-historia-do-futebol","category-rio-de-janeiro"],"_links":{"self":[{"href":"https:\/\/historiadofutebol.com\/blog\/index.php?rest_route=\/wp\/v2\/posts\/31126","targetHints":{"allow":["GET"]}}],"collection":[{"href":"https:\/\/historiadofutebol.com\/blog\/index.php?rest_route=\/wp\/v2\/posts"}],"about":[{"href":"https:\/\/historiadofutebol.com\/blog\/index.php?rest_route=\/wp\/v2\/types\/post"}],"author":[{"embeddable":true,"href":"https:\/\/historiadofutebol.com\/blog\/index.php?rest_route=\/wp\/v2\/users\/55"}],"replies":[{"embeddable":true,"href":"https:\/\/historiadofutebol.com\/blog\/index.php?rest_route=%2Fwp%2Fv2%2Fcomments&post=31126"}],"version-history":[{"count":9,"href":"https:\/\/historiadofutebol.com\/blog\/index.php?rest_route=\/wp\/v2\/posts\/31126\/revisions"}],"predecessor-version":[{"id":31135,"href":"https:\/\/historiadofutebol.com\/blog\/index.php?rest_route=\/wp\/v2\/posts\/31126\/revisions\/31135"}],"wp:attachment":[{"href":"https:\/\/historiadofutebol.com\/blog\/index.php?rest_route=%2Fwp%2Fv2%2Fmedia&parent=31126"}],"wp:term":[{"taxonomy":"category","embeddable":true,"href":"https:\/\/historiadofutebol.com\/blog\/index.php?rest_route=%2Fwp%2Fv2%2Fcategories&post=31126"},{"taxonomy":"post_tag","embeddable":true,"href":"https:\/\/historiadofutebol.com\/blog\/index.php?rest_route=%2Fwp%2Fv2%2Ftags&post=31126"}],"curies":[{"name":"wp","href":"https:\/\/api.w.org\/{rel}","templated":true}]}}