{"id":30584,"date":"2012-04-22T00:58:29","date_gmt":"2012-04-22T03:58:29","guid":{"rendered":"https:\/\/historiadofutebol.com\/blog\/?p=30584"},"modified":"2020-02-19T00:29:33","modified_gmt":"2020-02-19T03:29:33","slug":"c-a-s-a-clube-atletico-santana-santana-de-parnaiba-sp","status":"publish","type":"post","link":"https:\/\/historiadofutebol.com\/blog\/?p=30584","title":{"rendered":"C.A.S.A. (Clube Atl\u00e9tico Sant\u2019Ana) &#8211; Santana de Parna\u00edba (SP)"},"content":{"rendered":"<p><img loading=\"lazy\" decoding=\"async\" class=\"aligncenter size-medium wp-image-30585\" src=\"https:\/\/historiadofutebol.com\/blog\/wp-content\/uploads\/2012\/04\/CA-SantAna-Santana-de-Parnaiba-300x300.jpg\" alt=\"\" width=\"300\" height=\"300\" srcset=\"https:\/\/historiadofutebol.com\/blog\/wp-content\/uploads\/2012\/04\/CA-SantAna-Santana-de-Parnaiba-300x300.jpg 300w, https:\/\/historiadofutebol.com\/blog\/wp-content\/uploads\/2012\/04\/CA-SantAna-Santana-de-Parnaiba-150x150.jpg 150w, https:\/\/historiadofutebol.com\/blog\/wp-content\/uploads\/2012\/04\/CA-SantAna-Santana-de-Parnaiba-500x500.jpg 500w, https:\/\/historiadofutebol.com\/blog\/wp-content\/uploads\/2012\/04\/CA-SantAna-Santana-de-Parnaiba-96x96.jpg 96w, https:\/\/historiadofutebol.com\/blog\/wp-content\/uploads\/2012\/04\/CA-SantAna-Santana-de-Parnaiba-24x24.jpg 24w, https:\/\/historiadofutebol.com\/blog\/wp-content\/uploads\/2012\/04\/CA-SantAna-Santana-de-Parnaiba-36x36.jpg 36w, https:\/\/historiadofutebol.com\/blog\/wp-content\/uploads\/2012\/04\/CA-SantAna-Santana-de-Parnaiba-48x48.jpg 48w, https:\/\/historiadofutebol.com\/blog\/wp-content\/uploads\/2012\/04\/CA-SantAna-Santana-de-Parnaiba-64x64.jpg 64w, https:\/\/historiadofutebol.com\/blog\/wp-content\/uploads\/2012\/04\/CA-SantAna-Santana-de-Parnaiba.jpg 584w\" sizes=\"auto, (max-width: 300px) 100vw, 300px\" \/><\/p>\n<p>O <span style=\"color: #0a44cb;\"><strong><em>Clube Atl\u00e9tico Sant\u2019Ana<\/em><\/strong><\/span>, popularmente conhecido como <span style=\"color: #0a44cb;\"><strong><em>CASA<\/em><\/strong><\/span> (sigla come\u00e7ou a ser utilizada em 1936), est\u00e1 presente na vida do munic\u00edpio de Santana de Parna\u00edba, localizado na Zona Oeste da Regi\u00e3o Metropolitana de S\u00e3o Paulo, desde a sua <span style=\"color: #0a44cb;\"><strong><em>funda\u00e7\u00e3o em 27 de junho de 1927<\/em><\/strong><\/span>, fazendo parte da hist\u00f3ria ao se tornar pe\u00e7a fundamental nos eventos sociais, esportivos, culturais e pol\u00edticos da cidade.<\/p>\n<p>Inicialmente, no pr\u00e9dio n\u00famero 12, da Rua Suzana Dias, o CASA foi criado para dar \u00e0 cidade um clube de futebol. O primeiro presidente foi Israel de Oliveira Pinto. Atualmente, a presid\u00eancia do clube est\u00e1 a cargo de Benedito Rocha Pedroso, Dit\u00e3o.<\/p>\n<p>As cores do uniforme do time principal foram definidas como sendo camisas e cal\u00e7\u00f5es brancos, e distintivo azul em fundo branco. Um fato curioso \u00e9 que, em 1940, o <span style=\"color: #0a44cb;\"><strong><em>CASA<\/em><\/strong><\/span> participou do desfile de inaugura\u00e7\u00e3o do Est\u00e1dio do Pacaembu, na Capital.<\/p>\n<p>At\u00e9 hoje, o clube continua com suas atividades sociais, com campo, quadra e sal\u00e3o pr\u00f3prios. Al\u00e9m disso, o clube \u00e9 conhecido tamb\u00e9m pela sua participa\u00e7\u00e3o nas festas da cidade, como no carnaval, onde realiza um lindo desfile, com \u00f3timas coreografias, belas fantasias e muita hist\u00f3ria em seus enredos.<\/p>\n<p><span style=\"color: #0a44cb;\"><strong><em>Sede Esportiva:<\/em><\/strong><\/span> Rua Luiz de Oliveira, 99 &#8211; Vila Nova Santana. <strong><em><span style=\"color: #0a44cb;\">Sede Social:<\/span><\/em><\/strong> Rua Suzana Dias, 260 \u2013 Centro, ambos na cidade de Santana de Parna\u00edba, no Interior Paulista.<\/p>\n","protected":false},"excerpt":{"rendered":"<p>O Clube Atl\u00e9tico Sant\u2019Ana, popularmente conhecido como CASA (sigla come\u00e7ou a ser utilizada em 1936), est\u00e1 presente na vida do munic\u00edpio de Santana de Parna\u00edba, localizado na Zona Oeste da Regi\u00e3o Metropolitana de S\u00e3o Paulo, desde a sua funda\u00e7\u00e3o em 27 de junho de 1927, fazendo parte da hist\u00f3ria ao se tornar pe\u00e7a fundamental nos [&hellip;]<\/p>\n","protected":false},"author":55,"featured_media":0,"comment_status":"open","ping_status":"closed","sticky":false,"template":"","format":"standard","meta":{"footnotes":""},"categories":[203,204,59,51],"tags":[],"class_list":["post-30584","post","type-post","status-publish","format-standard","hentry","category-sergio-mello","category-roberto-saraiva","category-escudos","category-sao-paulo"],"_links":{"self":[{"href":"https:\/\/historiadofutebol.com\/blog\/index.php?rest_route=\/wp\/v2\/posts\/30584","targetHints":{"allow":["GET"]}}],"collection":[{"href":"https:\/\/historiadofutebol.com\/blog\/index.php?rest_route=\/wp\/v2\/posts"}],"about":[{"href":"https:\/\/historiadofutebol.com\/blog\/index.php?rest_route=\/wp\/v2\/types\/post"}],"author":[{"embeddable":true,"href":"https:\/\/historiadofutebol.com\/blog\/index.php?rest_route=\/wp\/v2\/users\/55"}],"replies":[{"embeddable":true,"href":"https:\/\/historiadofutebol.com\/blog\/index.php?rest_route=%2Fwp%2Fv2%2Fcomments&post=30584"}],"version-history":[{"count":3,"href":"https:\/\/historiadofutebol.com\/blog\/index.php?rest_route=\/wp\/v2\/posts\/30584\/revisions"}],"predecessor-version":[{"id":121960,"href":"https:\/\/historiadofutebol.com\/blog\/index.php?rest_route=\/wp\/v2\/posts\/30584\/revisions\/121960"}],"wp:attachment":[{"href":"https:\/\/historiadofutebol.com\/blog\/index.php?rest_route=%2Fwp%2Fv2%2Fmedia&parent=30584"}],"wp:term":[{"taxonomy":"category","embeddable":true,"href":"https:\/\/historiadofutebol.com\/blog\/index.php?rest_route=%2Fwp%2Fv2%2Fcategories&post=30584"},{"taxonomy":"post_tag","embeddable":true,"href":"https:\/\/historiadofutebol.com\/blog\/index.php?rest_route=%2Fwp%2Fv2%2Ftags&post=30584"}],"curies":[{"name":"wp","href":"https:\/\/api.w.org\/{rel}","templated":true}]}}