{"id":29793,"date":"2012-04-14T18:28:17","date_gmt":"2012-04-14T21:28:17","guid":{"rendered":"https:\/\/historiadofutebol.com\/blog\/?p=29793"},"modified":"2012-04-14T18:28:18","modified_gmt":"2012-04-14T21:28:18","slug":"gremio-esportivo-treviso-sideropolissc-escudo","status":"publish","type":"post","link":"https:\/\/historiadofutebol.com\/blog\/?p=29793","title":{"rendered":"Gr\u00eamio Esportivo Treviso &#8211; Sider\u00f3polis\/SC &#8211; ESCUDO"},"content":{"rendered":"<p><a href=\"https:\/\/historiadofutebol.com\/blog\/?attachment_id=29796\" rel=\"attachment wp-att-29796\"><img loading=\"lazy\" decoding=\"async\" class=\"aligncenter size-full wp-image-29796\" src=\"https:\/\/historiadofutebol.com\/blog\/wp-content\/uploads\/2012\/04\/BRA-SC-TREVISO.jpg\" alt=\"\" width=\"102\" height=\"106\" srcset=\"https:\/\/historiadofutebol.com\/blog\/wp-content\/uploads\/2012\/04\/BRA-SC-TREVISO.jpg 102w, https:\/\/historiadofutebol.com\/blog\/wp-content\/uploads\/2012\/04\/BRA-SC-TREVISO-24x24.jpg 24w, https:\/\/historiadofutebol.com\/blog\/wp-content\/uploads\/2012\/04\/BRA-SC-TREVISO-36x36.jpg 36w\" sizes=\"auto, (max-width: 102px) 100vw, 102px\" \/><\/a><\/p>\n<p>Segue escudo do Gr\u00eamio Esportivo Treviso.<\/p>\n<p><span style=\"font-size: small\">GR\u00caMIO ESPORTIVO TREVISO<\/span><\/p>\n<p><span style=\"font-size: small\">Funda\u00e7\u00e3o: 3 de julho de 1956<\/span><\/p>\n<p><span style=\"font-size: small\">Est\u00e1dio: Engenheiro Sebasti\u00e3o Toledo dos Santos<\/span><\/p>\n<p><span style=\"font-size: small\">T\u00edtulos: campe\u00e3o da Liga de Lauro M\u00fcller em 1961 e da LARM em 1965, 68, 69 e 72 e da segunda divis\u00e3o amadora em 1958 e 59.<\/span><\/p>\n<p><span style=\"font-size: small\">Cores: verde e branca.<\/span><\/p>\n<p>&nbsp;<\/p>\n<h2>Fonte:<\/h2>\n<p><a href=\"http:\/\/kluser.zip.net\/\">http:\/\/kluser.zip.net\/<\/a><\/p>\n<p>&nbsp;<\/p>\n","protected":false},"excerpt":{"rendered":"<p>Segue escudo do Gr\u00eamio Esportivo Treviso. GR\u00caMIO ESPORTIVO TREVISO Funda\u00e7\u00e3o: 3 de julho de 1956 Est\u00e1dio: Engenheiro Sebasti\u00e3o Toledo dos Santos T\u00edtulos: campe\u00e3o da Liga de Lauro M\u00fcller em 1961 e da LARM em 1965, 68, 69 e 72 e da segunda divis\u00e3o amadora em 1958 e 59. Cores: verde e branca. &nbsp; Fonte: http:\/\/kluser.zip.net\/ [&hellip;]<\/p>\n","protected":false},"author":15,"featured_media":0,"comment_status":"open","ping_status":"closed","sticky":false,"template":"","format":"standard","meta":{"footnotes":""},"categories":[132,59,118,50],"tags":[],"class_list":["post-29793","post","type-post","status-publish","format-standard","hentry","category-rodrigo-oliveira","category-escudos","category-futebol-amador-varzeano","category-santa-catarina"],"_links":{"self":[{"href":"https:\/\/historiadofutebol.com\/blog\/index.php?rest_route=\/wp\/v2\/posts\/29793","targetHints":{"allow":["GET"]}}],"collection":[{"href":"https:\/\/historiadofutebol.com\/blog\/index.php?rest_route=\/wp\/v2\/posts"}],"about":[{"href":"https:\/\/historiadofutebol.com\/blog\/index.php?rest_route=\/wp\/v2\/types\/post"}],"author":[{"embeddable":true,"href":"https:\/\/historiadofutebol.com\/blog\/index.php?rest_route=\/wp\/v2\/users\/15"}],"replies":[{"embeddable":true,"href":"https:\/\/historiadofutebol.com\/blog\/index.php?rest_route=%2Fwp%2Fv2%2Fcomments&post=29793"}],"version-history":[{"count":3,"href":"https:\/\/historiadofutebol.com\/blog\/index.php?rest_route=\/wp\/v2\/posts\/29793\/revisions"}],"predecessor-version":[{"id":29809,"href":"https:\/\/historiadofutebol.com\/blog\/index.php?rest_route=\/wp\/v2\/posts\/29793\/revisions\/29809"}],"wp:attachment":[{"href":"https:\/\/historiadofutebol.com\/blog\/index.php?rest_route=%2Fwp%2Fv2%2Fmedia&parent=29793"}],"wp:term":[{"taxonomy":"category","embeddable":true,"href":"https:\/\/historiadofutebol.com\/blog\/index.php?rest_route=%2Fwp%2Fv2%2Fcategories&post=29793"},{"taxonomy":"post_tag","embeddable":true,"href":"https:\/\/historiadofutebol.com\/blog\/index.php?rest_route=%2Fwp%2Fv2%2Ftags&post=29793"}],"curies":[{"name":"wp","href":"https:\/\/api.w.org\/{rel}","templated":true}]}}