{"id":29785,"date":"2012-04-14T18:21:17","date_gmt":"2012-04-14T21:21:17","guid":{"rendered":"https:\/\/historiadofutebol.com\/blog\/?p=29785"},"modified":"2024-08-06T23:38:48","modified_gmt":"2024-08-07T02:38:48","slug":"dudu-antes-do-palmeiras","status":"publish","type":"post","link":"https:\/\/historiadofutebol.com\/blog\/?p=29785","title":{"rendered":"Dudu, antes do Palmeiras"},"content":{"rendered":"<p><a href=\"https:\/\/historiadofutebol.com\/blog\/?attachment_id=29786\" rel=\"attachment wp-att-29786\"><img loading=\"lazy\" decoding=\"async\" class=\"aligncenter size-large wp-image-29786\" title=\"Dudu\" src=\"https:\/\/historiadofutebol.com\/blog\/wp-content\/uploads\/2012\/04\/Dudu-371x500.jpg\" alt=\"\" width=\"371\" height=\"500\" srcset=\"https:\/\/historiadofutebol.com\/blog\/wp-content\/uploads\/2012\/04\/Dudu-371x500.jpg 371w, https:\/\/historiadofutebol.com\/blog\/wp-content\/uploads\/2012\/04\/Dudu-222x300.jpg 222w, https:\/\/historiadofutebol.com\/blog\/wp-content\/uploads\/2012\/04\/Dudu.jpg 890w\" sizes=\"auto, (max-width: 371px) 100vw, 371px\" \/><\/a><br \/>\nDudu, o volante ra\u00e7udo, de fibra, \u201ccarregador de piano\u201d surgiu como revela\u00e7\u00e3o da grande equipe da Associa\u00e7\u00e3o Ferrovi\u00e1ria de Esportes, de Araraquara,em 1959, ano de ouro gren\u00e1 que representou o in\u00edcio de um per\u00edodo glorioso da representa\u00e7\u00e3o da \u201cMorada do Sol\u201d. Dudu fez parte de um time forte, que passou a ser considerado, pela m\u00eddia esportiva, como o sexto grande do futebol paulista.<br \/>\nOleg\u00e1rio Tol\u00f3i de Oliveira, nascido em Araraquara em 7 de novembro de 1939, recebeu do av\u00f4 o apelido de Dudu quando ainda era crian\u00e7a.<br \/>\nNos cinco anos em que Dudu defendeu a AFE, esta viveu realmente uma fase magn\u00edfica. Em 1959, alcan\u00e7ou o terceiro lugar no Campeonato Paulista, juntamente com o S\u00e3o Paulo e atr\u00e1s apenas de Palmeiras e Santos, que disputaram o t\u00edtulo em tr\u00eas partidas, num aut\u00eantico supercampeonato. Ap\u00f3s, de 1960 a 1963, a Ferrovi\u00e1ria s\u00f3 obteve excelentes posi\u00e7\u00f5es no Paulist\u00e3o.<\/p>\n<p><strong>1960 \u2013 6\u00ba lugar; 1961 \u2013 5\u00ba lugar; 1962 \u2013 6\u00ba lugar; 1963 \u2013 6\u00ba lugar.<\/strong><\/p>\n<p>N\u00e3o sem raz\u00e3o, a Ferrovi\u00e1ria era tida como o sexto clube \u201cgrande\u201d de S\u00e3o Paulo, dado que S\u00e3o Paulo, Palmeiras, Santos, Corinthians e Portuguesa de Desportos eram os cinco tradicionais \u201cgrandes\u201d do futebol bandeirante, como de resto seguem sendo, \u00e0 exce\u00e7\u00e3o, infelizmente, da simp\u00e1tica Portuguesa.<br \/>\nDudu formou um meio-de-campo de rara compet\u00eancia com o grande Bazzani. Ambos foram art\u00edfices de vit\u00f3rias expressivas, comandando, cadenciando, pelo meio da cancha o futebol aparatoso e de bons resultados da esquadra afeana.<br \/>\nO primeiro registro que temos de Dudu com a camisa da Ferrovi\u00e1ria data de 13 de agosto de 1959, quando os gren\u00e1s atuaram na Fonte Luminosa, contra a Ponte Preta, pelo Campeonato Paulista. Foi uma quinta-feira \u00e0 noite, e a vit\u00f3ria sorriu para o time da casa pela contagem m\u00ednima. Forma\u00e7\u00e3o da Ferrovi\u00e1ria naquela oportunidade: Rosan; Porunga, Antoninho e Cardarelli; Dirceu e Rodrigues; Baiano, Cardoso, Nei, Dudu e Benny. T\u00e9cnico: Jos\u00e9 Guillermo Agnelli.<\/p>\n<p>Em seguida, viriam as seguintes presen\u00e7as de Dudu no onze afeano:<br \/>\n<strong>19.08.1959<\/strong> \u2013 Santos 0 x 0 Ferrovi\u00e1ria \u2013 Campeonato Paulista<br \/>\n<strong>26.08.1959<\/strong> \u2013 Ferrovi\u00e1ria 4 x 2 Taubat\u00e9 \u2013 Campeonato Paulista<br \/>\n<strong>30.08.1959<\/strong> \u2013 XV de Ja\u00fa 0 x 0 Ferrovi\u00e1ria \u2013 Campeonato Paulista<\/p>\n<p>Destacamos, como curiosidade, uma forma\u00e7\u00e3o para cada ano em que Dudu defendeu a Ferrovi\u00e1ria de Araraquara:<br \/>\n<strong>1959<\/strong> \u2013 Rosan; Porunga, Antoninho e Cardarelli; Dudu e Rodrigues; Baiano,<br \/>\nCardoso, Nei, Bazzani e Benny<br \/>\n<strong>1960<\/strong> \u2013 Rosan; Porunga, Antoninho e Cardarelli; Dirceu e Rodrigues; Faustino, Dudu, Baiano, Bazzani e Benny<br \/>\n<strong>1961<\/strong> \u2013 Fia; Ismael, Antoninho e Jurandir; Dudu e Rodrigues; Peixinho, Laerte, Parada, Bazzani e Benny<br \/>\n<strong>1962<\/strong> \u2013 Toninho; Geraldo Scalera, Antoninho e Galhardo; Dudu e Rodrigues; Davi, Peixinho, Parada, Bazzani e Benny<br \/>\n<strong>1963<\/strong> \u2013 Toninho; Geraldo Scalera, Fogueira e Galhardo; Dudu e M\u00e1rio; Peixinho, Tales, Lio, Capit\u00e3o e Ari<\/p>\n<p style=\"text-align: center;\"><strong>Dudu participou, ainda, das duas primeiras excurs\u00f5es da Ferrovi\u00e1ria ao exterior, que, somadas, resultaram na seguinte campanha:<\/strong><\/p>\n<table class=\"aligncenter\" border=\"1\" cellspacing=\"0\" cellpadding=\"0\">\n<tbody>\n<tr>\n<td valign=\"top\" width=\"82\">\n<p align=\"center\"><strong>Jogos<\/strong><\/p>\n<\/td>\n<td valign=\"top\" width=\"82\">\n<p align=\"center\"><strong>V<\/strong><\/p>\n<\/td>\n<td valign=\"top\" width=\"82\">\n<p align=\"center\"><strong>E<\/strong><\/p>\n<\/td>\n<td valign=\"top\" width=\"82\">\n<p align=\"center\"><strong>D<\/strong><\/p>\n<\/td>\n<td valign=\"top\" width=\"82\">\n<p align=\"center\"><strong>GP<\/strong><\/p>\n<\/td>\n<td valign=\"top\" width=\"82\">\n<p align=\"center\"><strong>GC<\/strong><\/p>\n<\/td>\n<td valign=\"top\" width=\"82\">\n<p align=\"center\"><strong>SG<\/strong><\/p>\n<\/td>\n<\/tr>\n<tr>\n<td valign=\"top\" width=\"82\">\n<p align=\"center\"><strong>36<\/strong><\/p>\n<\/td>\n<td valign=\"top\" width=\"82\">\n<p align=\"center\"><strong>30<\/strong><\/p>\n<\/td>\n<td valign=\"top\" width=\"82\">\n<p align=\"center\"><strong>2<\/strong><\/p>\n<\/td>\n<td valign=\"top\" width=\"82\">\n<p align=\"center\"><strong>4<\/strong><\/p>\n<\/td>\n<td valign=\"top\" width=\"82\">\n<p align=\"center\"><strong>133<\/strong><\/p>\n<\/td>\n<td valign=\"top\" width=\"82\">\n<p align=\"center\"><strong>25<\/strong><\/p>\n<\/td>\n<td valign=\"top\" width=\"82\">\n<p align=\"center\"><strong>108<\/strong><\/p>\n<\/td>\n<\/tr>\n<\/tbody>\n<\/table>\n<p><strong><\/strong><strong><\/strong>\u00a0<\/p>\n<p><strong><\/strong><strong>Dudu foi tamb\u00e9m convocado, enquanto defendeu as cores gren\u00e1s, para defender o Selecionado Paulista, visto que naquela \u00e9poca t\u00ednhamos a realiza\u00e7\u00e3o do Campeonato Brasileiro de Sele\u00e7\u00f5es Estaduais.<\/strong><\/p>\n<p><strong>Fontes:<\/strong><br \/>\nArquivo do Prof. Ant\u00f4nio Jorge Moreira<br \/>\nArquivo pessoal<br \/>\nFoto de Dudu: A Gazeta Esportiva Ilustrada\/1962<br \/>\n<strong>Texto<\/strong>: Vicente Henrique Baroffaldi<br \/>\n<strong>Edi\u00e7\u00e3o<\/strong>: Paulo Lu\u00eds Micali<\/p>\n","protected":false},"excerpt":{"rendered":"<p>Dudu, o volante ra\u00e7udo, de fibra, \u201ccarregador de piano\u201d surgiu como revela\u00e7\u00e3o da grande equipe da Associa\u00e7\u00e3o Ferrovi\u00e1ria de Esportes, de Araraquara,em 1959, ano de ouro gren\u00e1 que representou o in\u00edcio de um per\u00edodo glorioso da representa\u00e7\u00e3o da \u201cMorada do Sol\u201d. Dudu fez parte de um time forte, que passou a ser considerado, pela m\u00eddia [&hellip;]<\/p>\n","protected":false},"author":55,"featured_media":0,"comment_status":"open","ping_status":"closed","sticky":false,"template":"","format":"standard","meta":{"footnotes":""},"categories":[203,207,150],"tags":[],"class_list":["post-29785","post","type-post","status-publish","format-standard","hentry","category-sergio-mello","category-vicente-baroffaldi","category-x7-perfis-de-jogadores"],"_links":{"self":[{"href":"https:\/\/historiadofutebol.com\/blog\/index.php?rest_route=\/wp\/v2\/posts\/29785","targetHints":{"allow":["GET"]}}],"collection":[{"href":"https:\/\/historiadofutebol.com\/blog\/index.php?rest_route=\/wp\/v2\/posts"}],"about":[{"href":"https:\/\/historiadofutebol.com\/blog\/index.php?rest_route=\/wp\/v2\/types\/post"}],"author":[{"embeddable":true,"href":"https:\/\/historiadofutebol.com\/blog\/index.php?rest_route=\/wp\/v2\/users\/55"}],"replies":[{"embeddable":true,"href":"https:\/\/historiadofutebol.com\/blog\/index.php?rest_route=%2Fwp%2Fv2%2Fcomments&post=29785"}],"version-history":[{"count":18,"href":"https:\/\/historiadofutebol.com\/blog\/index.php?rest_route=\/wp\/v2\/posts\/29785\/revisions"}],"predecessor-version":[{"id":29806,"href":"https:\/\/historiadofutebol.com\/blog\/index.php?rest_route=\/wp\/v2\/posts\/29785\/revisions\/29806"}],"wp:attachment":[{"href":"https:\/\/historiadofutebol.com\/blog\/index.php?rest_route=%2Fwp%2Fv2%2Fmedia&parent=29785"}],"wp:term":[{"taxonomy":"category","embeddable":true,"href":"https:\/\/historiadofutebol.com\/blog\/index.php?rest_route=%2Fwp%2Fv2%2Fcategories&post=29785"},{"taxonomy":"post_tag","embeddable":true,"href":"https:\/\/historiadofutebol.com\/blog\/index.php?rest_route=%2Fwp%2Fv2%2Ftags&post=29785"}],"curies":[{"name":"wp","href":"https:\/\/api.w.org\/{rel}","templated":true}]}}