{"id":29735,"date":"2012-04-14T14:16:43","date_gmt":"2012-04-14T17:16:43","guid":{"rendered":"https:\/\/historiadofutebol.com\/blog\/?p=29735"},"modified":"2017-05-25T18:48:46","modified_gmt":"2017-05-25T21:48:46","slug":"gremio-esportivo-nova-america","status":"publish","type":"post","link":"https:\/\/historiadofutebol.com\/blog\/?p=29735","title":{"rendered":"Gr\u00eamio Esportivo Nova Am\u00e9rica &#8211; Taubat\u00e9 (SP)"},"content":{"rendered":"<p><a href=\"https:\/\/historiadofutebol.com\/blog\/?attachment_id=29736\" rel=\"attachment wp-att-29736\"><img loading=\"lazy\" decoding=\"async\" class=\"aligncenter size-full wp-image-29736\" title=\"NovaAmerica\" src=\"https:\/\/historiadofutebol.com\/blog\/wp-content\/uploads\/2012\/04\/NovaAmerica.jpg\" alt=\"\" width=\"459\" height=\"240\" srcset=\"https:\/\/historiadofutebol.com\/blog\/wp-content\/uploads\/2012\/04\/NovaAmerica.jpg 459w, https:\/\/historiadofutebol.com\/blog\/wp-content\/uploads\/2012\/04\/NovaAmerica-300x156.jpg 300w\" sizes=\"auto, (max-width: 459px) 100vw, 459px\" \/><\/a>Esse \u00e9 o Gr\u00eamio Esportivo Nova Am\u00e9rica, tetra campe\u00e3o da Segunda Divis\u00e3o Amadora de Taubat\u00e9 &#8211; 1986, 1987, 1988 e 1989.<\/p>\n<p><strong>Em p\u00e9:<\/strong> Juninho, Aramandinho, Tost\u00e3o, Vadi, Lulinha, Zil, Gen\u00e3o, Tafarel, e Vaguinho. <strong>Agachados:<\/strong> Adilsinho, Zico, Nei, Marinho, Walace, Pelezinho, Altair, M\u00e1rio e Tutu.<\/p>\n","protected":false},"excerpt":{"rendered":"<p>Esse \u00e9 o Gr\u00eamio Esportivo Nova Am\u00e9rica, tetra campe\u00e3o da Segunda Divis\u00e3o Amadora de Taubat\u00e9 &#8211; 1986, 1987, 1988 e 1989. Em p\u00e9: Juninho, Aramandinho, Tost\u00e3o, Vadi, Lulinha, Zil, Gen\u00e3o, Tafarel, e Vaguinho. Agachados: Adilsinho, Zico, Nei, Marinho, Walace, Pelezinho, Altair, M\u00e1rio e Tutu.<\/p>\n","protected":false},"author":13,"featured_media":0,"comment_status":"open","ping_status":"closed","sticky":false,"template":"","format":"standard","meta":{"footnotes":""},"categories":[98,118,51],"tags":[],"class_list":["post-29735","post","type-post","status-publish","format-standard","hentry","category-michel","category-futebol-amador-varzeano","category-sao-paulo"],"_links":{"self":[{"href":"https:\/\/historiadofutebol.com\/blog\/index.php?rest_route=\/wp\/v2\/posts\/29735","targetHints":{"allow":["GET"]}}],"collection":[{"href":"https:\/\/historiadofutebol.com\/blog\/index.php?rest_route=\/wp\/v2\/posts"}],"about":[{"href":"https:\/\/historiadofutebol.com\/blog\/index.php?rest_route=\/wp\/v2\/types\/post"}],"author":[{"embeddable":true,"href":"https:\/\/historiadofutebol.com\/blog\/index.php?rest_route=\/wp\/v2\/users\/13"}],"replies":[{"embeddable":true,"href":"https:\/\/historiadofutebol.com\/blog\/index.php?rest_route=%2Fwp%2Fv2%2Fcomments&post=29735"}],"version-history":[{"count":6,"href":"https:\/\/historiadofutebol.com\/blog\/index.php?rest_route=\/wp\/v2\/posts\/29735\/revisions"}],"predecessor-version":[{"id":107529,"href":"https:\/\/historiadofutebol.com\/blog\/index.php?rest_route=\/wp\/v2\/posts\/29735\/revisions\/107529"}],"wp:attachment":[{"href":"https:\/\/historiadofutebol.com\/blog\/index.php?rest_route=%2Fwp%2Fv2%2Fmedia&parent=29735"}],"wp:term":[{"taxonomy":"category","embeddable":true,"href":"https:\/\/historiadofutebol.com\/blog\/index.php?rest_route=%2Fwp%2Fv2%2Fcategories&post=29735"},{"taxonomy":"post_tag","embeddable":true,"href":"https:\/\/historiadofutebol.com\/blog\/index.php?rest_route=%2Fwp%2Fv2%2Ftags&post=29735"}],"curies":[{"name":"wp","href":"https:\/\/api.w.org\/{rel}","templated":true}]}}