{"id":29725,"date":"2012-04-14T13:44:34","date_gmt":"2012-04-14T16:44:34","guid":{"rendered":"https:\/\/historiadofutebol.com\/blog\/?p=29725"},"modified":"2012-04-14T13:44:34","modified_gmt":"2012-04-14T16:44:34","slug":"gremio-esportivo-treviso-de-1969","status":"publish","type":"post","link":"https:\/\/historiadofutebol.com\/blog\/?p=29725","title":{"rendered":"Gr\u00eamio Esportivo Treviso de 1969"},"content":{"rendered":"<p><a href=\"https:\/\/historiadofutebol.com\/blog\/?attachment_id=29726\" rel=\"attachment wp-att-29726\"><img loading=\"lazy\" decoding=\"async\" class=\"aligncenter size-full wp-image-29726\" title=\"Treviso 07-de-abr-de-06\" src=\"https:\/\/historiadofutebol.com\/blog\/wp-content\/uploads\/2012\/04\/Treviso-07-de-abr-de-06.jpg\" alt=\"\" width=\"400\" height=\"266\" srcset=\"https:\/\/historiadofutebol.com\/blog\/wp-content\/uploads\/2012\/04\/Treviso-07-de-abr-de-06.jpg 400w, https:\/\/historiadofutebol.com\/blog\/wp-content\/uploads\/2012\/04\/Treviso-07-de-abr-de-06-300x199.jpg 300w\" sizes=\"auto, (max-width: 400px) 100vw, 400px\" \/><\/a>Aqui est\u00e1 o Treviso, no Est\u00e1dio Engenheiro Toledo dos Santos, campe\u00e3o da Liga Atl\u00e9tica da Regi\u00e3o Mineira em 1965, 1968, 1969 e 1971. Na foto, o time campe\u00e3o de 1969. Em p\u00e9, da esquerda para a direita: Avelino, Edgar, Si, Ivan\u00edsio, Casagrande (ex- Figueira), Roberto, Raul, Vanda, Edval e o t\u00e9cnico Jameg\u00e3o. Agachados: Get\u00falio, Boca, Maneca, Lica, Z\u00e9 Nilton, Irani e Zenildo.<\/p>\n<p><strong>Fonte:<\/strong> DC<\/p>\n","protected":false},"excerpt":{"rendered":"<p>Aqui est\u00e1 o Treviso, no Est\u00e1dio Engenheiro Toledo dos Santos, campe\u00e3o da Liga Atl\u00e9tica da Regi\u00e3o Mineira em 1965, 1968, 1969 e 1971. Na foto, o time campe\u00e3o de 1969. Em p\u00e9, da esquerda para a direita: Avelino, Edgar, Si, Ivan\u00edsio, Casagrande (ex- Figueira), Roberto, Raul, Vanda, Edval e o t\u00e9cnico Jameg\u00e3o. Agachados: Get\u00falio, Boca, [&hellip;]<\/p>\n","protected":false},"author":13,"featured_media":0,"comment_status":"open","ping_status":"closed","sticky":false,"template":"","format":"standard","meta":{"footnotes":""},"categories":[98,50],"tags":[],"class_list":["post-29725","post","type-post","status-publish","format-standard","hentry","category-michel","category-santa-catarina"],"_links":{"self":[{"href":"https:\/\/historiadofutebol.com\/blog\/index.php?rest_route=\/wp\/v2\/posts\/29725","targetHints":{"allow":["GET"]}}],"collection":[{"href":"https:\/\/historiadofutebol.com\/blog\/index.php?rest_route=\/wp\/v2\/posts"}],"about":[{"href":"https:\/\/historiadofutebol.com\/blog\/index.php?rest_route=\/wp\/v2\/types\/post"}],"author":[{"embeddable":true,"href":"https:\/\/historiadofutebol.com\/blog\/index.php?rest_route=\/wp\/v2\/users\/13"}],"replies":[{"embeddable":true,"href":"https:\/\/historiadofutebol.com\/blog\/index.php?rest_route=%2Fwp%2Fv2%2Fcomments&post=29725"}],"version-history":[{"count":3,"href":"https:\/\/historiadofutebol.com\/blog\/index.php?rest_route=\/wp\/v2\/posts\/29725\/revisions"}],"predecessor-version":[{"id":29729,"href":"https:\/\/historiadofutebol.com\/blog\/index.php?rest_route=\/wp\/v2\/posts\/29725\/revisions\/29729"}],"wp:attachment":[{"href":"https:\/\/historiadofutebol.com\/blog\/index.php?rest_route=%2Fwp%2Fv2%2Fmedia&parent=29725"}],"wp:term":[{"taxonomy":"category","embeddable":true,"href":"https:\/\/historiadofutebol.com\/blog\/index.php?rest_route=%2Fwp%2Fv2%2Fcategories&post=29725"},{"taxonomy":"post_tag","embeddable":true,"href":"https:\/\/historiadofutebol.com\/blog\/index.php?rest_route=%2Fwp%2Fv2%2Ftags&post=29725"}],"curies":[{"name":"wp","href":"https:\/\/api.w.org\/{rel}","templated":true}]}}