{"id":28385,"date":"2012-04-04T08:54:56","date_gmt":"2012-04-04T11:54:56","guid":{"rendered":"https:\/\/historiadofutebol.com\/blog\/?p=28385"},"modified":"2012-04-04T08:54:57","modified_gmt":"2012-04-04T11:54:57","slug":"primavera-de-florianopolis-sc","status":"publish","type":"post","link":"https:\/\/historiadofutebol.com\/blog\/?p=28385","title":{"rendered":"Primavera de Florian\u00f3polis SC"},"content":{"rendered":"<p><a href=\"https:\/\/historiadofutebol.com\/blog\/?attachment_id=28386\" rel=\"attachment wp-att-28386\"><img loading=\"lazy\" decoding=\"async\" class=\"aligncenter size-full wp-image-28386\" title=\"Primavera 01-de-abr-de-06\" src=\"https:\/\/historiadofutebol.com\/blog\/wp-content\/uploads\/2012\/04\/Primavera-01-de-abr-de-06.jpg\" alt=\"\" width=\"400\" height=\"290\" srcset=\"https:\/\/historiadofutebol.com\/blog\/wp-content\/uploads\/2012\/04\/Primavera-01-de-abr-de-06.jpg 400w, https:\/\/historiadofutebol.com\/blog\/wp-content\/uploads\/2012\/04\/Primavera-01-de-abr-de-06-300x217.jpg 300w\" sizes=\"auto, (max-width: 400px) 100vw, 400px\" \/><\/a>Fundado em 1\u00ba de abril de 1974, o Primavera completou no \u00faltimo domingo 38 anos de atividade esportiva, congregando uma regi\u00e3o da Capital do Estado. Seu atual presidente \u00e9 o m\u00e9dico oncologista Luiz Alberto da Silveira, tamb\u00e9m atleta, master, claro. Com a homenagem aqui vai uma de suas forma\u00e7\u00f5es.<\/p>\n<p>Em p\u00e9, da esquerda para a direita: Onildo, Leco, Fl\u00e1vio, Serginho, Rodrigo, Cristiano, Carioca, Dr. Luiz Alberto da Silveira, Ademar, Sidney Dias e \u00cdtalo. Agachados: Felipe, Helton Luiz, Careca, Laurinho, Carlos Alberto Ferreira, Fl\u00e1vio Roberto e o professor Estev\u00e3o. A foto \u00e9 do est\u00e1dio do Bairro de C\u00f3rrego Grande, em Florian\u00f3polis.<\/p>\n<p><strong>Fonte:<\/strong> Acervo pessoal<\/p>\n","protected":false},"excerpt":{"rendered":"<p>Fundado em 1\u00ba de abril de 1974, o Primavera completou no \u00faltimo domingo 38 anos de atividade esportiva, congregando uma regi\u00e3o da Capital do Estado. Seu atual presidente \u00e9 o m\u00e9dico oncologista Luiz Alberto da Silveira, tamb\u00e9m atleta, master, claro. Com a homenagem aqui vai uma de suas forma\u00e7\u00f5es. Em p\u00e9, da esquerda para a [&hellip;]<\/p>\n","protected":false},"author":13,"featured_media":0,"comment_status":"open","ping_status":"closed","sticky":false,"template":"","format":"standard","meta":{"footnotes":""},"categories":[98,118,50],"tags":[],"class_list":["post-28385","post","type-post","status-publish","format-standard","hentry","category-michel","category-futebol-amador-varzeano","category-santa-catarina"],"_links":{"self":[{"href":"https:\/\/historiadofutebol.com\/blog\/index.php?rest_route=\/wp\/v2\/posts\/28385","targetHints":{"allow":["GET"]}}],"collection":[{"href":"https:\/\/historiadofutebol.com\/blog\/index.php?rest_route=\/wp\/v2\/posts"}],"about":[{"href":"https:\/\/historiadofutebol.com\/blog\/index.php?rest_route=\/wp\/v2\/types\/post"}],"author":[{"embeddable":true,"href":"https:\/\/historiadofutebol.com\/blog\/index.php?rest_route=\/wp\/v2\/users\/13"}],"replies":[{"embeddable":true,"href":"https:\/\/historiadofutebol.com\/blog\/index.php?rest_route=%2Fwp%2Fv2%2Fcomments&post=28385"}],"version-history":[{"count":3,"href":"https:\/\/historiadofutebol.com\/blog\/index.php?rest_route=\/wp\/v2\/posts\/28385\/revisions"}],"predecessor-version":[{"id":28389,"href":"https:\/\/historiadofutebol.com\/blog\/index.php?rest_route=\/wp\/v2\/posts\/28385\/revisions\/28389"}],"wp:attachment":[{"href":"https:\/\/historiadofutebol.com\/blog\/index.php?rest_route=%2Fwp%2Fv2%2Fmedia&parent=28385"}],"wp:term":[{"taxonomy":"category","embeddable":true,"href":"https:\/\/historiadofutebol.com\/blog\/index.php?rest_route=%2Fwp%2Fv2%2Fcategories&post=28385"},{"taxonomy":"post_tag","embeddable":true,"href":"https:\/\/historiadofutebol.com\/blog\/index.php?rest_route=%2Fwp%2Fv2%2Ftags&post=28385"}],"curies":[{"name":"wp","href":"https:\/\/api.w.org\/{rel}","templated":true}]}}