{"id":28380,"date":"2012-04-04T02:41:59","date_gmt":"2012-04-04T05:41:59","guid":{"rendered":"https:\/\/historiadofutebol.com\/blog\/?p=28380"},"modified":"2012-04-04T02:44:03","modified_gmt":"2012-04-04T05:44:03","slug":"a-primeira-vez-a-gente-nunca-esquece-flamengo-no-amazonas","status":"publish","type":"post","link":"https:\/\/historiadofutebol.com\/blog\/?p=28380","title":{"rendered":"A primeira vez a gente nunca esquece: Flamengo no Amazonas"},"content":{"rendered":"<p><em><strong>Por:<\/strong> Carlos Zamith<\/em><\/p>\n<p>Na d\u00e9cada de 50, uma temporada do Flamengo, em Manaus, mexeu com os amazonenses, Era a primeira vez que o time carioca se exibiria nesta cidade, numa\u00a0\u00e9poca restrita apenas a classe comerci\u00e1ria.<\/p>\n<p>A estr\u00e9ia aconteceu num dia \u00fatil, numa quinta-feira \u00e0 tarde, pois no local do jogo, Parque Amazonense, n\u00e3o havia luz artificial. Por isso, em aten\u00e7\u00e3o aos apelos dos promotores da temporada dirigidos \u00e0 Associa\u00e7\u00e3o Comercial, o com\u00e9rcio local decidiu cerrar suas atividades \u00e0s 15 horas<\/p>\n<p align=\"center\"><strong>FLAMENGO\u00a0 6 X 1\u00a0 FAST CLUBE<\/strong><\/p>\n<p><strong>Local:<\/strong> Parque Amazonense<\/p>\n<p><strong>\u00c1rbitro:<\/strong> Gentil Cardoso, t\u00e9cnico do Flamengo.<\/p>\n<p><strong>Data: <\/strong>quinta-feira \u00e0 tarde, no dia 30 de mar\u00e7o de 1950\u00a0<\/p>\n<p><strong>FLAMENGO <\/strong>\u2013 Antonino, Newton Canegal e Job; Bigu\u00e1, Bria (H\u00e9lio) e Beto; Jorge de Castro (Alo\u00edsio), Gringo (Hamilton), Moacir, Durval e Esquerdinha.<\/p>\n<p align=\"justify\"><strong>FAST CLUBE<\/strong> \u2013 Guilherme (Raul com o marcador de 4 a 0), Canh\u00e3o e Gatinho; Valdemir Os\u00f3rio, Belo Ferreira e N\u00eago; Z\u00e9 Nery (M\u00e1rio Matos), Lafayette Vieira, Pereirinha, Paulo Onety e Aderaldo<\/p>\n<p><strong>Gols:<\/strong> Moacir (Fla) aos 9 e 15, do 1\u00ba tempo; H\u00e9lio aos 2, Moacir aos 9, Esquerdinha aos 13 e Moacir aos 16 (Fla) e Paulo Onety, aos 30 (Fast) do 2\u00ba tempo.<\/p>\n<p>&nbsp;<\/p>\n<p align=\"center\"><strong>FLAMENGO\u00a0 7\u00a0 X\u00a0 1\u00a0 NACIONAL<\/strong><\/p>\n<p><strong>Local:<\/strong> Parque Amazonense<\/p>\n<p><strong>\u00c1rbitro:<\/strong> Aristocilio Rocha (FCF)<\/p>\n<p><strong>Data: <\/strong>Domingo, no dia 02 de abril de 1950<\/p>\n<p><strong>FLAMENGO<\/strong> \u2013 Antonino, Newton Canegal e Job; Osvaldo, Bria (H\u00e9lio) e Beto; Jorge de Castro (Alo\u00edsio), Gringo (N\u00e9lio), Durval (Hamilton), Moacir (Quiba) e Esquerdinha.<\/p>\n<p><strong>NACIONAL &#8211;<\/strong> Sandoval (Mota), Lup\u00e9rcio (M\u00e1rio Matos) e Gatinho; H\u00e9lcio Sena (Ca\u00e7ador), Br\u00e1s Gioia e Antonino (N\u00eago); Cabral (H\u00e9lcio Sena) posteriormente Aderaldo, Paulo Onety, Marcos Gon\u00e7alves, Raspada e Pedrinho (Linhares).<\/p>\n<p><strong>Gols: <\/strong>Moacir aos 13, Durval aos 28 e Moacir aos 33;\u00a0Moacir aos 4, Esquerdinha aos 8 e 34, Hamilton aos 40, para o Flamengo. Aderaldo, aos 41 (Na\u00e7a) ap\u00f3s a cobran\u00e7a de um penal. Falta foi cometida por Osvaldo. M\u00e1rio Matos cobrou e o goleiro Antonino defendeu parcialmente, espalmando para fora da \u00e1rea. O mesmo M\u00e1rio Matos aproveitou para marcar o tento de honra do time local.<\/p>\n<p>&nbsp;<\/p>\n<p><em><strong>Curiosidade:<\/strong><\/em> O goleiro Sandoval jogava no Clube do Remo e foi chamado pelo Nacional para esse jogo. O time paraense o liberou, mas o goleiro terminou ficando por aqui mesmo. Deixou o campo, contundido, quando o marcador era de 5 a 0. Mota entrou no seu lugar foi vazado mais duas vezes.<\/p>\n<p align=\"center\"><strong>ATUA\u00c7\u00c3O DO \u00c1RBITRO<\/strong><\/p>\n<p>O jornal Di\u00e1rio da Tarde, do dia 4 de abril de 1950, comenta a atua\u00e7\u00e3o do \u00e1rbitro, assim:<\/p>\n<p>\u201c<em>O juiz carioca Aristoc\u00edlio Rocha teve v\u00e1rios sen\u00f5es. Marcou dois tentos do Flamengo quando os seus autores estavam em franco impedimento. Deixou de marcar um tento do mesmo Flamengo, feito por Esquerdinha, assinalando escanteio e deixou de marcar um penal de Lup\u00e9rcio. Muito fraca a atua\u00e7\u00e3o do \u00e1rbitro\u201d.<\/em><\/p>\n<p><em>O time do Nacional, como sempre acontecia com clubes locais, refor\u00e7ou-se de elementos de outras agremia\u00e7\u00f5es, como Gatinho, Aderaldo e N\u00eago, emprestado pelo Fast Clube.<\/em><\/p>\n","protected":false},"excerpt":{"rendered":"<p>Por: Carlos Zamith Na d\u00e9cada de 50, uma temporada do Flamengo, em Manaus, mexeu com os amazonenses, Era a primeira vez que o time carioca se exibiria nesta cidade, numa\u00a0\u00e9poca restrita apenas a classe comerci\u00e1ria. A estr\u00e9ia aconteceu num dia \u00fatil, numa quinta-feira \u00e0 tarde, pois no local do jogo, Parque Amazonense, n\u00e3o havia luz [&hellip;]<\/p>\n","protected":false},"author":55,"featured_media":0,"comment_status":"open","ping_status":"closed","sticky":false,"template":"","format":"standard","meta":{"footnotes":""},"categories":[203,27,3],"tags":[],"class_list":["post-28380","post","type-post","status-publish","format-standard","hentry","category-sergio-mello","category-amazonas","category-historia-do-futebol"],"_links":{"self":[{"href":"https:\/\/historiadofutebol.com\/blog\/index.php?rest_route=\/wp\/v2\/posts\/28380","targetHints":{"allow":["GET"]}}],"collection":[{"href":"https:\/\/historiadofutebol.com\/blog\/index.php?rest_route=\/wp\/v2\/posts"}],"about":[{"href":"https:\/\/historiadofutebol.com\/blog\/index.php?rest_route=\/wp\/v2\/types\/post"}],"author":[{"embeddable":true,"href":"https:\/\/historiadofutebol.com\/blog\/index.php?rest_route=\/wp\/v2\/users\/55"}],"replies":[{"embeddable":true,"href":"https:\/\/historiadofutebol.com\/blog\/index.php?rest_route=%2Fwp%2Fv2%2Fcomments&post=28380"}],"version-history":[{"count":4,"href":"https:\/\/historiadofutebol.com\/blog\/index.php?rest_route=\/wp\/v2\/posts\/28380\/revisions"}],"predecessor-version":[{"id":28384,"href":"https:\/\/historiadofutebol.com\/blog\/index.php?rest_route=\/wp\/v2\/posts\/28380\/revisions\/28384"}],"wp:attachment":[{"href":"https:\/\/historiadofutebol.com\/blog\/index.php?rest_route=%2Fwp%2Fv2%2Fmedia&parent=28380"}],"wp:term":[{"taxonomy":"category","embeddable":true,"href":"https:\/\/historiadofutebol.com\/blog\/index.php?rest_route=%2Fwp%2Fv2%2Fcategories&post=28380"},{"taxonomy":"post_tag","embeddable":true,"href":"https:\/\/historiadofutebol.com\/blog\/index.php?rest_route=%2Fwp%2Fv2%2Ftags&post=28380"}],"curies":[{"name":"wp","href":"https:\/\/api.w.org\/{rel}","templated":true}]}}