{"id":28088,"date":"2012-04-02T01:09:59","date_gmt":"2012-04-02T04:09:59","guid":{"rendered":"https:\/\/historiadofutebol.com\/blog\/?p=28088"},"modified":"2012-04-02T01:11:05","modified_gmt":"2012-04-02T04:11:05","slug":"independente-futebol-clube-palmares-pe","status":"publish","type":"post","link":"https:\/\/historiadofutebol.com\/blog\/?p=28088","title":{"rendered":"Independente Futebol Clube &#8211; Palmares (PE)"},"content":{"rendered":"<p><img loading=\"lazy\" decoding=\"async\" class=\"aligncenter size-medium wp-image-28089\" src=\"https:\/\/historiadofutebol.com\/blog\/wp-content\/uploads\/2012\/04\/Independente-FC-Palmares-278x300.jpg\" alt=\"\" width=\"278\" height=\"300\" srcset=\"https:\/\/historiadofutebol.com\/blog\/wp-content\/uploads\/2012\/04\/Independente-FC-Palmares-278x300.jpg 278w, https:\/\/historiadofutebol.com\/blog\/wp-content\/uploads\/2012\/04\/Independente-FC-Palmares-464x500.jpg 464w, https:\/\/historiadofutebol.com\/blog\/wp-content\/uploads\/2012\/04\/Independente-FC-Palmares.jpg 595w\" sizes=\"auto, (max-width: 278px) 100vw, 278px\" \/><\/p>\n<p>O <span style=\"color: #008000\"><strong><em>Independente Futebol Clube<\/em><\/strong><\/span> \u00e9 uma agremia\u00e7\u00e3o do munic\u00edpio pernambucano de\u00a0Palmares. A sede\u00a0fica na Rua Coronel Izacio, 69, no Centro. O time manda os seus jogos no\u00a0Est\u00e1dio Ulisses Arcanjo de Oliveira, com capacidade para 1.200\u00a0espectadores.<\/p>\n","protected":false},"excerpt":{"rendered":"<p>O Independente Futebol Clube \u00e9 uma agremia\u00e7\u00e3o do munic\u00edpio pernambucano de\u00a0Palmares. A sede\u00a0fica na Rua Coronel Izacio, 69, no Centro. O time manda os seus jogos no\u00a0Est\u00e1dio Ulisses Arcanjo de Oliveira, com capacidade para 1.200\u00a0espectadores.<\/p>\n","protected":false},"author":55,"featured_media":0,"comment_status":"open","ping_status":"closed","sticky":false,"template":"","format":"standard","meta":{"footnotes":""},"categories":[203,118,43],"tags":[],"class_list":["post-28088","post","type-post","status-publish","format-standard","hentry","category-sergio-mello","category-futebol-amador-varzeano","category-pernambuco"],"_links":{"self":[{"href":"https:\/\/historiadofutebol.com\/blog\/index.php?rest_route=\/wp\/v2\/posts\/28088","targetHints":{"allow":["GET"]}}],"collection":[{"href":"https:\/\/historiadofutebol.com\/blog\/index.php?rest_route=\/wp\/v2\/posts"}],"about":[{"href":"https:\/\/historiadofutebol.com\/blog\/index.php?rest_route=\/wp\/v2\/types\/post"}],"author":[{"embeddable":true,"href":"https:\/\/historiadofutebol.com\/blog\/index.php?rest_route=\/wp\/v2\/users\/55"}],"replies":[{"embeddable":true,"href":"https:\/\/historiadofutebol.com\/blog\/index.php?rest_route=%2Fwp%2Fv2%2Fcomments&post=28088"}],"version-history":[{"count":3,"href":"https:\/\/historiadofutebol.com\/blog\/index.php?rest_route=\/wp\/v2\/posts\/28088\/revisions"}],"predecessor-version":[{"id":28092,"href":"https:\/\/historiadofutebol.com\/blog\/index.php?rest_route=\/wp\/v2\/posts\/28088\/revisions\/28092"}],"wp:attachment":[{"href":"https:\/\/historiadofutebol.com\/blog\/index.php?rest_route=%2Fwp%2Fv2%2Fmedia&parent=28088"}],"wp:term":[{"taxonomy":"category","embeddable":true,"href":"https:\/\/historiadofutebol.com\/blog\/index.php?rest_route=%2Fwp%2Fv2%2Fcategories&post=28088"},{"taxonomy":"post_tag","embeddable":true,"href":"https:\/\/historiadofutebol.com\/blog\/index.php?rest_route=%2Fwp%2Fv2%2Ftags&post=28088"}],"curies":[{"name":"wp","href":"https:\/\/api.w.org\/{rel}","templated":true}]}}