{"id":28085,"date":"2012-04-01T23:58:04","date_gmt":"2012-04-02T02:58:04","guid":{"rendered":"https:\/\/historiadofutebol.com\/blog\/?p=28085"},"modified":"2012-04-01T23:58:04","modified_gmt":"2012-04-02T02:58:04","slug":"independente-fc-nova-granada-sp","status":"publish","type":"post","link":"https:\/\/historiadofutebol.com\/blog\/?p=28085","title":{"rendered":"Independente FC &#8211; Nova Granada (SP)"},"content":{"rendered":"<p><img loading=\"lazy\" decoding=\"async\" class=\"aligncenter size-medium wp-image-28086\" src=\"https:\/\/historiadofutebol.com\/blog\/wp-content\/uploads\/2012\/04\/Independente-FC-Nova-Granada-300x288.jpg\" alt=\"\" width=\"300\" height=\"288\" srcset=\"https:\/\/historiadofutebol.com\/blog\/wp-content\/uploads\/2012\/04\/Independente-FC-Nova-Granada-300x288.jpg 300w, https:\/\/historiadofutebol.com\/blog\/wp-content\/uploads\/2012\/04\/Independente-FC-Nova-Granada-500x480.jpg 500w, https:\/\/historiadofutebol.com\/blog\/wp-content\/uploads\/2012\/04\/Independente-FC-Nova-Granada-24x24.jpg 24w, https:\/\/historiadofutebol.com\/blog\/wp-content\/uploads\/2012\/04\/Independente-FC-Nova-Granada-36x36.jpg 36w, https:\/\/historiadofutebol.com\/blog\/wp-content\/uploads\/2012\/04\/Independente-FC-Nova-Granada.jpg 590w\" sizes=\"auto, (max-width: 300px) 100vw, 300px\" \/><\/p>\n<p>O Independente Futebol Clube \u00e9 uma agremia\u00e7\u00e3o do munic\u00edpio de Nova Granada, que fica a 475 km da capital paulista.<\/p>\n","protected":false},"excerpt":{"rendered":"<p>O Independente Futebol Clube \u00e9 uma agremia\u00e7\u00e3o do munic\u00edpio de Nova Granada, que fica a 475 km da capital paulista.<\/p>\n","protected":false},"author":55,"featured_media":0,"comment_status":"open","ping_status":"closed","sticky":false,"template":"","format":"standard","meta":{"footnotes":""},"categories":[203,204,118,51],"tags":[],"class_list":["post-28085","post","type-post","status-publish","format-standard","hentry","category-sergio-mello","category-roberto-saraiva","category-futebol-amador-varzeano","category-sao-paulo"],"_links":{"self":[{"href":"https:\/\/historiadofutebol.com\/blog\/index.php?rest_route=\/wp\/v2\/posts\/28085","targetHints":{"allow":["GET"]}}],"collection":[{"href":"https:\/\/historiadofutebol.com\/blog\/index.php?rest_route=\/wp\/v2\/posts"}],"about":[{"href":"https:\/\/historiadofutebol.com\/blog\/index.php?rest_route=\/wp\/v2\/types\/post"}],"author":[{"embeddable":true,"href":"https:\/\/historiadofutebol.com\/blog\/index.php?rest_route=\/wp\/v2\/users\/55"}],"replies":[{"embeddable":true,"href":"https:\/\/historiadofutebol.com\/blog\/index.php?rest_route=%2Fwp%2Fv2%2Fcomments&post=28085"}],"version-history":[{"count":1,"href":"https:\/\/historiadofutebol.com\/blog\/index.php?rest_route=\/wp\/v2\/posts\/28085\/revisions"}],"predecessor-version":[{"id":28087,"href":"https:\/\/historiadofutebol.com\/blog\/index.php?rest_route=\/wp\/v2\/posts\/28085\/revisions\/28087"}],"wp:attachment":[{"href":"https:\/\/historiadofutebol.com\/blog\/index.php?rest_route=%2Fwp%2Fv2%2Fmedia&parent=28085"}],"wp:term":[{"taxonomy":"category","embeddable":true,"href":"https:\/\/historiadofutebol.com\/blog\/index.php?rest_route=%2Fwp%2Fv2%2Fcategories&post=28085"},{"taxonomy":"post_tag","embeddable":true,"href":"https:\/\/historiadofutebol.com\/blog\/index.php?rest_route=%2Fwp%2Fv2%2Ftags&post=28085"}],"curies":[{"name":"wp","href":"https:\/\/api.w.org\/{rel}","templated":true}]}}