{"id":28076,"date":"2012-04-01T21:43:36","date_gmt":"2012-04-02T00:43:36","guid":{"rendered":"https:\/\/historiadofutebol.com\/blog\/?p=28076"},"modified":"2012-04-02T02:48:21","modified_gmt":"2012-04-02T05:48:21","slug":"e-c-colorado-do-parque-america-grajau-sp","status":"publish","type":"post","link":"https:\/\/historiadofutebol.com\/blog\/?p=28076","title":{"rendered":"E.C. Colorado do Parque Am\u00e9rica &#8211; Graja\u00fa (SP)"},"content":{"rendered":"<p>\u00a0<img loading=\"lazy\" decoding=\"async\" class=\"aligncenter size-medium wp-image-28077\" src=\"https:\/\/historiadofutebol.com\/blog\/wp-content\/uploads\/2012\/04\/EC-Colorado-259x300.jpg\" alt=\"\" width=\"259\" height=\"300\" srcset=\"https:\/\/historiadofutebol.com\/blog\/wp-content\/uploads\/2012\/04\/EC-Colorado-259x300.jpg 259w, https:\/\/historiadofutebol.com\/blog\/wp-content\/uploads\/2012\/04\/EC-Colorado-432x500.jpg 432w, https:\/\/historiadofutebol.com\/blog\/wp-content\/uploads\/2012\/04\/EC-Colorado.jpg 592w\" sizes=\"auto, (max-width: 259px) 100vw, 259px\" \/><\/p>\n<p>O <span style=\"color: #800000\"><em><strong>Esporte Clube Colorado do Parque Am\u00e9rica <\/strong><\/em><\/span>no dia 25 de janeiro de 1981, quando num<strong> <\/strong>\u201cracha\u201d no antigo time do Am\u00e9rica Santista FC. Por causa deste \u201cracha\u201d foi marcada para o dia 25 de Janeiro de 1982 uma assembleia geral com o objetivo de se criar uma nova equipe de futebol no Parque Am\u00e9rica.<\/p>\n<p>\u00a0Depois de determinadas horas de reuni\u00e3o ficou decidido que esta nova equipe se chamaria <strong><em>Internacional Futebol Clube<\/em><\/strong>, e que as cores deste time seriam as mesmas do Internacional de Porto Alegre <em>(vermelho e branco)<\/em>, como alguns n\u00e3o gostaram do nome, foi sugerido o nome de Colorado, nome este que representava o Internacional, sendo que todos gostaram da ideia. Surgia ent\u00e3o o <strong>Esporte Clube Colorado do Parque Am\u00e9rica<\/strong>, e as cores adotadas foram mesmo as do Inter, vermelho e branco.\u00a0<\/p>\n<p>O primeiro uniforme seria todo vermelho e o segundo uniforme seria com a base em branco. Com o passar dos anos este vermelho acabou ficando mais escuro (bord\u00f4).<\/p>\n<p>A sede do <strong>E.C. Colorado do Parque Am\u00e9rica<\/strong> ficou no campo onde ele mandaria seus jogos, Av. Professor Oscar Barreto Filho, 260, hoje mais conhecido como <strong>CDC\u00a0 Doutor Tancredo Neves<\/strong>, que fica no mesmo endere\u00e7o at\u00e9 hoje.<\/p>\n<p>&nbsp;<\/p>\n<p style=\"text-align: center\"><span style=\"color: #800000\"><strong>Momento hist\u00f3rico e tr\u00e1gico em dois jogos<\/strong><\/span><\/p>\n<p>Em 1986, esta grande agremia\u00e7\u00e3o fez uma excurs\u00e3o para o estado do Rio de Janeiro, para fazer um amistoso de ida e volta contra o grande time do <strong>Olaria Atl\u00e9tico Clube<\/strong>, na \u00e9poca disputava o Campeonato Carioca da S\u00e9rie B. Jogando no Est\u00e1dio Mour\u00e3o Filho, na Rua Bariri, o <strong>Esporte Clube Colorado do Parque Am\u00e9rica<\/strong> conquistou uma vit\u00f3ria marcante ao bater por 2 a 0.<\/p>\n<p>O jogo da volta aconteceu um m\u00eas depois. Atuando no seu campo, o <strong>Colorado do Parque Am\u00e9rica <\/strong>era derrotado por 2 a 0, quando um momento tr\u00e1gico marcou a partida.<\/p>\n<p>Ap\u00f3s centro da direita, na \u00e2nsia de marcar o gol, o ponta esquerda Breu marcou o gol de cabe\u00e7a em um \u2018peixinho\u2019. Contudo, o jogador acabou se chocando com a cabe\u00e7a na trave direita, vindo a falecer. Sem condi\u00e7\u00f5es emocionais a partida foi interrompida.<\/p>\n<p>&nbsp;<\/p>\n<p style=\"text-align: left\">\u00a0<span style=\"color: #800000\"><strong>T\u00cdTULOS<\/strong><\/span><\/p>\n<table width=\"70%\" border=\"0\" cellpadding=\"0\">\n<tbody>\n<tr>\n<td valign=\"top\" width=\"52%\"><strong>1996 <\/strong><br \/>\nCampe\u00e3o da Copa Danubio Azul<br \/>\n( Campo do Malha )<\/td>\n<td valign=\"top\" width=\"48%\"><strong>1998 <\/strong><br \/>\nCampe\u00e3o Copa Santo Amaro de Futebol ( Campo do Brasilia )<\/td>\n<\/tr>\n<tr>\n<td valign=\"top\"><strong>1999 <\/strong><br \/>\nBicampe\u00e3o da Copa Santo Amaro de Futebol (Campo do Brasilia)<\/td>\n<td valign=\"top\"><strong>2003 <\/strong><br \/>\nCampe\u00e3o Copa Zaga de Futebol (Campo Do Malha)<\/td>\n<\/tr>\n<tr>\n<td valign=\"top\"><strong>2005 <\/strong><br \/>\nBicampe\u00e3o da Copa Zaga de Futebol (Campo do Castelo)<\/td>\n<td valign=\"top\"><strong>2006 <\/strong><br \/>\nCampe\u00e3o da Copa Le\u00f5es da Liga Grande S\u00e3o Paulo<\/td>\n<\/tr>\n<tr>\n<td valign=\"top\"><strong>2007 <\/strong><br \/>\nCampe\u00e3o da 3\u00ba Copa Bandeirante de Futebol ( Campo do Bandeirantes)<\/td>\n<td valign=\"top\"><strong>2009 <\/strong><br \/>\nCampe\u00e3o da 10\u00aa Copa Colorado de Futebol<br \/>\n(Cdc Doutor Tancredo Neves)<\/td>\n<\/tr>\n<\/tbody>\n<\/table>\n","protected":false},"excerpt":{"rendered":"<p>\u00a0 O Esporte Clube Colorado do Parque Am\u00e9rica no dia 25 de janeiro de 1981, quando num \u201cracha\u201d no antigo time do Am\u00e9rica Santista FC. Por causa deste \u201cracha\u201d foi marcada para o dia 25 de Janeiro de 1982 uma assembleia geral com o objetivo de se criar uma nova equipe de futebol no Parque [&hellip;]<\/p>\n","protected":false},"author":55,"featured_media":0,"comment_status":"open","ping_status":"closed","sticky":false,"template":"","format":"standard","meta":{"footnotes":""},"categories":[203,3,51],"tags":[],"class_list":["post-28076","post","type-post","status-publish","format-standard","hentry","category-sergio-mello","category-historia-do-futebol","category-sao-paulo"],"_links":{"self":[{"href":"https:\/\/historiadofutebol.com\/blog\/index.php?rest_route=\/wp\/v2\/posts\/28076","targetHints":{"allow":["GET"]}}],"collection":[{"href":"https:\/\/historiadofutebol.com\/blog\/index.php?rest_route=\/wp\/v2\/posts"}],"about":[{"href":"https:\/\/historiadofutebol.com\/blog\/index.php?rest_route=\/wp\/v2\/types\/post"}],"author":[{"embeddable":true,"href":"https:\/\/historiadofutebol.com\/blog\/index.php?rest_route=\/wp\/v2\/users\/55"}],"replies":[{"embeddable":true,"href":"https:\/\/historiadofutebol.com\/blog\/index.php?rest_route=%2Fwp%2Fv2%2Fcomments&post=28076"}],"version-history":[{"count":4,"href":"https:\/\/historiadofutebol.com\/blog\/index.php?rest_route=\/wp\/v2\/posts\/28076\/revisions"}],"predecessor-version":[{"id":28104,"href":"https:\/\/historiadofutebol.com\/blog\/index.php?rest_route=\/wp\/v2\/posts\/28076\/revisions\/28104"}],"wp:attachment":[{"href":"https:\/\/historiadofutebol.com\/blog\/index.php?rest_route=%2Fwp%2Fv2%2Fmedia&parent=28076"}],"wp:term":[{"taxonomy":"category","embeddable":true,"href":"https:\/\/historiadofutebol.com\/blog\/index.php?rest_route=%2Fwp%2Fv2%2Fcategories&post=28076"},{"taxonomy":"post_tag","embeddable":true,"href":"https:\/\/historiadofutebol.com\/blog\/index.php?rest_route=%2Fwp%2Fv2%2Ftags&post=28076"}],"curies":[{"name":"wp","href":"https:\/\/api.w.org\/{rel}","templated":true}]}}