{"id":28051,"date":"2012-04-01T19:26:55","date_gmt":"2012-04-01T22:26:55","guid":{"rendered":"https:\/\/historiadofutebol.com\/blog\/?p=28051"},"modified":"2020-09-05T20:31:21","modified_gmt":"2020-09-05T23:31:21","slug":"associacao-atletica-arthur-alvim-sao-paulo-sp","status":"publish","type":"post","link":"https:\/\/historiadofutebol.com\/blog\/?p=28051","title":{"rendered":"Associa\u00e7\u00e3o Atl\u00e9tica Arthur Alvim &#8211; S\u00e3o Paulo (SP): Fundado em 1937"},"content":{"rendered":"\n<div class=\"wp-block-image\"><figure class=\"aligncenter size-large\"><img loading=\"lazy\" decoding=\"async\" width=\"500\" height=\"335\" src=\"https:\/\/historiadofutebol.com\/blog\/wp-content\/uploads\/2020\/09\/AA-Arthur-Alvim-Capital-1937-500x335.jpg\" alt=\"\" class=\"wp-image-122864\" srcset=\"https:\/\/historiadofutebol.com\/blog\/wp-content\/uploads\/2020\/09\/AA-Arthur-Alvim-Capital-1937-500x335.jpg 500w, https:\/\/historiadofutebol.com\/blog\/wp-content\/uploads\/2020\/09\/AA-Arthur-Alvim-Capital-1937-300x201.jpg 300w, https:\/\/historiadofutebol.com\/blog\/wp-content\/uploads\/2020\/09\/AA-Arthur-Alvim-Capital-1937-768x514.jpg 768w, https:\/\/historiadofutebol.com\/blog\/wp-content\/uploads\/2020\/09\/AA-Arthur-Alvim-Capital-1937-1536x1028.jpg 1536w, https:\/\/historiadofutebol.com\/blog\/wp-content\/uploads\/2020\/09\/AA-Arthur-Alvim-Capital-1937-2048x1371.jpg 2048w, https:\/\/historiadofutebol.com\/blog\/wp-content\/uploads\/2020\/09\/AA-Arthur-Alvim-Capital-1937-624x418.jpg 624w\" sizes=\"auto, (max-width: 500px) 100vw, 500px\" \/><\/figure><\/div>\n\n\n<div class=\"mceTemp mceIEcenter\">\u00a0<\/div>\n<p><strong><em><span style=\"color: #008000;\">Associa\u00e7\u00e3o Atl\u00e9tica Arthur Alvim<\/span><\/em><\/strong> \u00e9 uma agremia\u00e7\u00e3o do Bairro de Arthur Alvim, em S\u00e3o Paulo (SP). O <strong><em><span style=\"color: #008000;\">Terremoto Verde<\/span><\/em><span style=\"color: #008000;\">\u00a0<\/span><\/strong><span style=\"color: #008000;\">(<em>alcunha do time<\/em>)<\/span> foi <strong><em>Fundado na quarta-feira, do dia 08 de Setembro de 1937<\/em><\/strong>. O atual escudo surgiu em meados de 1960, o nome do clube ate ent\u00e3o era <strong><em>Sociedade Atl\u00e9tica Arthur Alvim<\/em><\/strong>, representado por um distintivo que baseava suas caracter\u00edsticas no logo do Santos Futebol Clube.<\/p>\n<p>Nosso time, embora n\u00e3o possu\u00edsse jogadores profissionais, mesmo sendo um time de V\u00e1rzea, era sempre convidado para torneios de grande import\u00e2ncia, como O Campeonato Amador de 1954, COPA em homenagem ao anivers\u00e1rio da Cidade de S\u00e3o Paulo.<\/p>\n<p>\u00a0<\/p>\n<div class=\"mceTemp mceIEcenter\">\n<div id=\"attachment_28053\" style=\"width: 310px\" class=\"wp-caption alignnone\"><img loading=\"lazy\" decoding=\"async\" aria-describedby=\"caption-attachment-28053\" class=\"size-medium wp-image-28053\" src=\"https:\/\/historiadofutebol.com\/blog\/wp-content\/uploads\/2012\/04\/historia-300x201.jpg\" alt=\"\" width=\"300\" height=\"201\" srcset=\"https:\/\/historiadofutebol.com\/blog\/wp-content\/uploads\/2012\/04\/historia-300x201.jpg 300w, https:\/\/historiadofutebol.com\/blog\/wp-content\/uploads\/2012\/04\/historia-500x336.jpg 500w, https:\/\/historiadofutebol.com\/blog\/wp-content\/uploads\/2012\/04\/historia.jpg 863w\" sizes=\"auto, (max-width: 300px) 100vw, 300px\" \/><p id=\"caption-attachment-28053\" class=\"wp-caption-text\">Sele\u00e7\u00e3o A.A. Arthur Alvim de 1956<\/p><\/div>\n<\/div>\n<p>\u00a0<\/p>\n<p>Os atletas do Arthur Alvim desta brilhante \u00e9poca, eram mais que colegas de time, eram amigos, e a maioria jogou junto por cerca de 16 anos seguidos, s\u00e3o casos como o Pich\u00e3o ( C\u00e1rmino Sinibard ), Jacob Brito da lend\u00e1ria fam\u00edlia dos Britos, Valdemar Piranha, entre outros tantos, o time sempre unido e organizado, transformava qualquer jogo em uma grande festa, chegando a lotar 30 \u00f4nibus de torcedores para levar aos seus jogos!<\/p>\n\n\n\u00a0 \u00a0 \u00a0 \u00a0 \u00a0 \u00a0 \u00a0 \u00a0 \u00a0 \u00a0 \u00a0 \u00a0 \u00a0 \u00a0 \u00a0 Escudo antigo (1937 a 1960)\n\n<figure class=\"wp-block-image size-large\"><img loading=\"lazy\" decoding=\"async\" width=\"500\" height=\"319\" class=\"wp-image-122865 aligncenter\" src=\"https:\/\/historiadofutebol.com\/blog\/wp-content\/uploads\/2020\/09\/AA-Arthur-Alvim-SA-Arthur-Alvim-anos-30-60-Capital-500x319.jpg\" alt=\"\" srcset=\"https:\/\/historiadofutebol.com\/blog\/wp-content\/uploads\/2020\/09\/AA-Arthur-Alvim-SA-Arthur-Alvim-anos-30-60-Capital-500x319.jpg 500w, https:\/\/historiadofutebol.com\/blog\/wp-content\/uploads\/2020\/09\/AA-Arthur-Alvim-SA-Arthur-Alvim-anos-30-60-Capital-300x191.jpg 300w, https:\/\/historiadofutebol.com\/blog\/wp-content\/uploads\/2020\/09\/AA-Arthur-Alvim-SA-Arthur-Alvim-anos-30-60-Capital-768x490.jpg 768w, https:\/\/historiadofutebol.com\/blog\/wp-content\/uploads\/2020\/09\/AA-Arthur-Alvim-SA-Arthur-Alvim-anos-30-60-Capital-1536x980.jpg 1536w, https:\/\/historiadofutebol.com\/blog\/wp-content\/uploads\/2020\/09\/AA-Arthur-Alvim-SA-Arthur-Alvim-anos-30-60-Capital-2048x1306.jpg 2048w, https:\/\/historiadofutebol.com\/blog\/wp-content\/uploads\/2020\/09\/AA-Arthur-Alvim-SA-Arthur-Alvim-anos-30-60-Capital-624x398.jpg 624w\" sizes=\"auto, (max-width: 500px) 100vw, 500px\" \/><\/figure>\n<p><!-- \/wp:post-content --><\/p>\n<p>\u00a0<\/p>\n<table border=\"0\" width=\"988\" cellspacing=\"1\" cellpadding=\"0\">\n<tbody>\n<tr>\n<td colspan=\"2\" width=\"728\" height=\"17\">\n<p align=\"center\"><strong><em><span style=\"font-family: Comic Sans MS;\">T\u00cdTULOS CATEGORIA VETERANOS<\/span><\/em><\/strong><\/p>\n<\/td>\n<\/tr>\n<tr>\n<td colspan=\"2\" valign=\"top\" width=\"728\" height=\"16\"><hr \/><\/td>\n<\/tr>\n<tr>\n<td valign=\"top\" width=\"162\" height=\"96\">\n<p align=\"left\">\u00a0<\/p>\n<p>\u00a0<\/p>\n<\/td>\n<td valign=\"top\" width=\"565\" height=\"96\">\n<p align=\"left\"><span style=\"font-family: Verdana; font-size: x-small;\">Vice Campe\u00e3o &#8211; Campeonato regional zona leste jornal \u00daltima Hora &#8211; 1978<br \/>Campe\u00e3o (12) vezes &#8211; Copa Arthur Alvim &#8211; durante 20 copas<br \/>Campe\u00e3o Copa Corintinha Aricanduva ano 1981<br \/>Vice Campe\u00e3o Copa Regional Penha zona leste &#8211; 2000<br \/>Tri Campe\u00e3o Copa Geave ano 2004 \/ 2006 \/ 2007<br \/>Tetra Campe\u00e3o Copa Niter\u00f3i ano 2000 \/ 2002 \/ 2008 \/ 2009<br \/>Campe\u00e3o Copa 1 de Maio Ermelino 50 anos &#8211; ano 2009<br \/>Hexa Campe\u00e3o Copa Veteranos Negritude &#8211; 2000<\/span><\/p>\n<p>\u00a0<\/p>\n<\/td>\n<\/tr>\n<tr>\n<td colspan=\"2\" valign=\"top\" width=\"728\" height=\"20\">\n<p align=\"center\"><strong><em><span style=\"font-family: Comic Sans MS;\">T\u00cdTULOS CATEGORIA ESPORTE<\/span><\/em><\/strong><\/p>\n<\/td>\n<\/tr>\n<tr>\n<td colspan=\"2\" valign=\"top\" width=\"728\" height=\"22\"><hr \/><\/td>\n<\/tr>\n<tr>\n<td valign=\"top\" width=\"162\" height=\"113\">\u00a0<\/td>\n<td valign=\"top\" width=\"566\" height=\"113\">\n<p align=\"left\"><span style=\"font-family: Verdana; font-size: x-small;\">Vice Campe\u00e3o campeonato Varziano &#8211; ano 1993<br \/>Campe\u00e3o Copa 1\u00ba de Maio &#8211; Jardim Santo Andr\u00e9 &#8211; ano 1995<br \/>Campe\u00e3o Copa Ja\u00fa da Penha &#8211; ano 2004<br \/>Campe\u00e3o Copa Unidos Pra\u00e7a &#8211; ano 2005<br \/>Campe\u00e3o Copa Atalanta &#8211; ano 2007<\/span><\/p>\n<\/td>\n<\/tr>\n<tr>\n<td colspan=\"2\" valign=\"top\" width=\"728\" height=\"199\">\n<p align=\"center\"><img decoding=\"async\" src=\"http:\/\/www.arthuralvimfc.com.br\/images\/trofeu.png\" alt=\"\" border=\"0\" \/><\/p>\n<\/td>\n<\/tr>\n<\/tbody>\n<\/table>\n<p>\u00a0<\/p>\n<p><em><strong>FONTE &amp; FOTOS:<\/strong> Site do A.A. Arthur Alvim<\/em><\/p>","protected":false},"excerpt":{"rendered":"<p>\u00a0 Associa\u00e7\u00e3o Atl\u00e9tica Arthur Alvim \u00e9 uma agremia\u00e7\u00e3o do Bairro de Arthur Alvim, em S\u00e3o Paulo (SP). O Terremoto Verde\u00a0(alcunha do time) foi Fundado na quarta-feira, do dia 08 de Setembro de 1937. O atual escudo surgiu em meados de 1960, o nome do clube ate ent\u00e3o era Sociedade Atl\u00e9tica Arthur Alvim, representado por um [&hellip;]<\/p>\n","protected":false},"author":55,"featured_media":0,"comment_status":"open","ping_status":"closed","sticky":false,"template":"","format":"standard","meta":{"footnotes":""},"categories":[203,118,51],"tags":[],"class_list":["post-28051","post","type-post","status-publish","format-standard","hentry","category-sergio-mello","category-futebol-amador-varzeano","category-sao-paulo"],"_links":{"self":[{"href":"https:\/\/historiadofutebol.com\/blog\/index.php?rest_route=\/wp\/v2\/posts\/28051","targetHints":{"allow":["GET"]}}],"collection":[{"href":"https:\/\/historiadofutebol.com\/blog\/index.php?rest_route=\/wp\/v2\/posts"}],"about":[{"href":"https:\/\/historiadofutebol.com\/blog\/index.php?rest_route=\/wp\/v2\/types\/post"}],"author":[{"embeddable":true,"href":"https:\/\/historiadofutebol.com\/blog\/index.php?rest_route=\/wp\/v2\/users\/55"}],"replies":[{"embeddable":true,"href":"https:\/\/historiadofutebol.com\/blog\/index.php?rest_route=%2Fwp%2Fv2%2Fcomments&post=28051"}],"version-history":[{"count":4,"href":"https:\/\/historiadofutebol.com\/blog\/index.php?rest_route=\/wp\/v2\/posts\/28051\/revisions"}],"predecessor-version":[{"id":122866,"href":"https:\/\/historiadofutebol.com\/blog\/index.php?rest_route=\/wp\/v2\/posts\/28051\/revisions\/122866"}],"wp:attachment":[{"href":"https:\/\/historiadofutebol.com\/blog\/index.php?rest_route=%2Fwp%2Fv2%2Fmedia&parent=28051"}],"wp:term":[{"taxonomy":"category","embeddable":true,"href":"https:\/\/historiadofutebol.com\/blog\/index.php?rest_route=%2Fwp%2Fv2%2Fcategories&post=28051"},{"taxonomy":"post_tag","embeddable":true,"href":"https:\/\/historiadofutebol.com\/blog\/index.php?rest_route=%2Fwp%2Fv2%2Ftags&post=28051"}],"curies":[{"name":"wp","href":"https:\/\/api.w.org\/{rel}","templated":true}]}}