{"id":27079,"date":"2012-03-24T00:43:27","date_gmt":"2012-03-24T03:43:27","guid":{"rendered":"https:\/\/historiadofutebol.com\/blog\/?p=27079"},"modified":"2023-01-05T02:12:57","modified_gmt":"2023-01-05T05:12:57","slug":"itau-esporte-clube-e-suas-duas-honrarias-o-titulo-da-segundona-de-1961-e-ter-enfrentado-o-santos-de-pele","status":"publish","type":"post","link":"https:\/\/historiadofutebol.com\/blog\/?p=27079","title":{"rendered":"Ita\u00fa E.C. (MG) e as suas duas honrarias: O t\u00edtulo da Segundona de 1961 e ter enfrentado o Santos de Pel\u00e9"},"content":{"rendered":"<p><a href=\"https:\/\/historiadofutebol.com\/blog\/?attachment_id=27080\" rel=\"attachment wp-att-27080\"><img loading=\"lazy\" decoding=\"async\" class=\"aligncenter size-medium wp-image-27080\" src=\"https:\/\/historiadofutebol.com\/blog\/wp-content\/uploads\/2012\/03\/Itau-EC-232x300.jpg\" alt=\"\" width=\"232\" height=\"300\" srcset=\"https:\/\/historiadofutebol.com\/blog\/wp-content\/uploads\/2012\/03\/Itau-EC-232x300.jpg 232w, https:\/\/historiadofutebol.com\/blog\/wp-content\/uploads\/2012\/03\/Itau-EC-386x500.jpg 386w, https:\/\/historiadofutebol.com\/blog\/wp-content\/uploads\/2012\/03\/Itau-EC.jpg 588w\" sizes=\"auto, (max-width: 232px) 100vw, 232px\" \/><\/a><\/p>\n<p>O <span style=\"color: #0b9ff3;\"><strong><em>Ita\u00fa Esporte Clube<\/em><\/strong><\/span>, fundado em 1956, foi criado com o objetivo de propiciar maiores oportunidades de divers\u00e3o para os itauenses, com grandes e inesquec\u00edveis bailes de debutantes, carnavais, al\u00e9m das piscinas, quadras e brinquedos que entusiasmavam as crian\u00e7as e jovens.<\/p>\n<p>Localizado, na Rua Artur Vieira, 129, no Centro, em Ita\u00fa de Minas (MG), o Alvianil itauense tamb\u00e9m teve os seus momentos no futebol bret\u00e3o. Na inaugura\u00e7\u00e3o de seu Est\u00e1dio Engenheiro Jorge Oliva, numa segunda-feira, no dia 15 de agosto de 1960, aconteceu o jogo que ficou na hist\u00f3ria de Ita\u00fa de Minas: t\u00e3o esperada visita do Rei Pel\u00e9.<\/p>\n<p><a href=\"https:\/\/historiadofutebol.com\/blog\/?attachment_id=27082\" rel=\"attachment wp-att-27082\"><img loading=\"lazy\" decoding=\"async\" class=\"aligncenter  wp-image-27082\" src=\"https:\/\/historiadofutebol.com\/blog\/wp-content\/uploads\/2012\/03\/foto_antiga_1-300x226.jpg\" alt=\"\" width=\"512\" height=\"386\" srcset=\"https:\/\/historiadofutebol.com\/blog\/wp-content\/uploads\/2012\/03\/foto_antiga_1-300x226.jpg 300w, https:\/\/historiadofutebol.com\/blog\/wp-content\/uploads\/2012\/03\/foto_antiga_1-500x377.jpg 500w, https:\/\/historiadofutebol.com\/blog\/wp-content\/uploads\/2012\/03\/foto_antiga_1.jpg 600w\" sizes=\"auto, (max-width: 512px) 100vw, 512px\" \/><\/a><\/p>\n<p>Tudo come\u00e7ou no dia 15 de agosto de 1960, \u00e0s 12h30, quando um avi\u00e3o da Real CIA. A\u00e9rea\u00a0 descia no aeroporto de Ita\u00fa trazendo a delega\u00e7\u00e3o do melhor time da \u00e9poca no Brasil, o Santos Futebol Clube, onde estavam presentes centenas de populares\u00a0 e autoridades, como o presidente do Ita\u00fa Esporte Clube, Sr. Silvio Taliberti , Jo\u00e3o Ilson Alc\u00e2ntara, Hugo Batista, Jo\u00e3o de Deus, Francisco Correa (Chiquinho Guerra), quando o presidente do Santos recebeu das m\u00e3os de Silvio Taliberti um cart\u00e3o de prata\u00a0 marcando o acontecimento.<\/p>\n<p>O est\u00e1dio estava completamente lotado, n\u00e3o cabia mais ningu\u00e9m, e um fato curioso aconteceu antes do jogo, um torcedor fan\u00e1tico, n\u00e3o havendo mais lugar para ele, afixou uma cadeira de ferro em um eucalipto atr\u00e1s do gol para assistir o jogo. O time do Santos estava completo, contando com os melhores jogadores do mundo naquela \u00e9poca.<\/p>\n<p>Participaram do jogo nada mais nada menos que Mauro, Zito, Pepe, Pel\u00e9 e v\u00e1rios outros jogadores da sele\u00e7\u00e3o Brasileira, o time do Ita\u00fa Esporte Clube tamb\u00e9m era na \u00e9poca um dos melhores times do interior de Minas Gerais. O jogo foi emocionante com o Ita\u00fa oferecendo resist\u00eancia, inclusive fazendo o primeiro gol da partida. Este dia festivo contava com a presen\u00e7a da diretoria da Cia. de Cimento Portland Ita\u00fa, onde estavam presentes Dr. Jos\u00e9 Balbino, Dr. Jos\u00e9 Mario Tavares de Oliva, Milton de Souza Meireles e muitos outros.<\/p>\n<p>Obviamente o est\u00e1dio ficou lotado com cerca de 5 mil pessoas, para ver a vit\u00f3ria, de virada, do Santos Futebol Clube por 2 a 1,\u00a0 com direito a gol de Pel\u00e9. O goleiro do Ita\u00fa, Aldo, disse que para ele foi uma honra tomar um gol de Pel\u00e9. Este jogo ficou na hist\u00f3ria de Ita\u00fa porque na \u00e9poca o Santos nunca havia jogado em uma cidade do interior.<\/p>\n<p><strong>Campe\u00e3o da Segundona Mineira de 1961<\/strong><\/p>\n<p>O principal t\u00edtulo aconteceu em 1961, quando o Ita\u00fa Esporte Clube foi o campe\u00e3o do Campeonato Mineiro da Segunda Divis\u00e3o. Mesmo com o Alvianil itauense levantando a ta\u00e7a da Segundona, nunca chegou a disputar a elite do futebol mineiro, uma vez que perdeu a vaga em uma disputa obrigat\u00f3ria neste ano com o Bela Vista Futebol Clube, de Sete Lagoas (1930), ultimo colocado da 1\u00aa Divis\u00e3o de Minas.<\/p>\n","protected":false},"excerpt":{"rendered":"<p>O Ita\u00fa Esporte Clube, fundado em 1956, foi criado com o objetivo de propiciar maiores oportunidades de divers\u00e3o para os itauenses, com grandes e inesquec\u00edveis bailes de debutantes, carnavais, al\u00e9m das piscinas, quadras e brinquedos que entusiasmavam as crian\u00e7as e jovens. Localizado, na Rua Artur Vieira, 129, no Centro, em Ita\u00fa de Minas (MG), o [&hellip;]<\/p>\n","protected":false},"author":55,"featured_media":0,"comment_status":"open","ping_status":"closed","sticky":false,"template":"","format":"standard","meta":{"footnotes":""},"categories":[203,3,39],"tags":[],"class_list":["post-27079","post","type-post","status-publish","format-standard","hentry","category-sergio-mello","category-historia-do-futebol","category-minas-gerais"],"_links":{"self":[{"href":"https:\/\/historiadofutebol.com\/blog\/index.php?rest_route=\/wp\/v2\/posts\/27079","targetHints":{"allow":["GET"]}}],"collection":[{"href":"https:\/\/historiadofutebol.com\/blog\/index.php?rest_route=\/wp\/v2\/posts"}],"about":[{"href":"https:\/\/historiadofutebol.com\/blog\/index.php?rest_route=\/wp\/v2\/types\/post"}],"author":[{"embeddable":true,"href":"https:\/\/historiadofutebol.com\/blog\/index.php?rest_route=\/wp\/v2\/users\/55"}],"replies":[{"embeddable":true,"href":"https:\/\/historiadofutebol.com\/blog\/index.php?rest_route=%2Fwp%2Fv2%2Fcomments&post=27079"}],"version-history":[{"count":7,"href":"https:\/\/historiadofutebol.com\/blog\/index.php?rest_route=\/wp\/v2\/posts\/27079\/revisions"}],"predecessor-version":[{"id":128842,"href":"https:\/\/historiadofutebol.com\/blog\/index.php?rest_route=\/wp\/v2\/posts\/27079\/revisions\/128842"}],"wp:attachment":[{"href":"https:\/\/historiadofutebol.com\/blog\/index.php?rest_route=%2Fwp%2Fv2%2Fmedia&parent=27079"}],"wp:term":[{"taxonomy":"category","embeddable":true,"href":"https:\/\/historiadofutebol.com\/blog\/index.php?rest_route=%2Fwp%2Fv2%2Fcategories&post=27079"},{"taxonomy":"post_tag","embeddable":true,"href":"https:\/\/historiadofutebol.com\/blog\/index.php?rest_route=%2Fwp%2Fv2%2Ftags&post=27079"}],"curies":[{"name":"wp","href":"https:\/\/api.w.org\/{rel}","templated":true}]}}