{"id":26719,"date":"2012-03-20T19:17:01","date_gmt":"2012-03-20T22:17:01","guid":{"rendered":"https:\/\/historiadofutebol.com\/blog\/?p=26719"},"modified":"2012-03-20T19:17:02","modified_gmt":"2012-03-20T22:17:02","slug":"carioca-da-serie-b-cabofriense-apresenta-mais-dois-reforcos","status":"publish","type":"post","link":"https:\/\/historiadofutebol.com\/blog\/?p=26719","title":{"rendered":"Carioca da S\u00e9rie B &#8211; Cabofriense apresenta mais dois refor\u00e7os"},"content":{"rendered":"<p><a href=\"https:\/\/historiadofutebol.com\/blog\/?attachment_id=26720\" rel=\"attachment wp-att-26720\"><img loading=\"lazy\" decoding=\"async\" class=\"aligncenter size-medium wp-image-26720\" src=\"https:\/\/historiadofutebol.com\/blog\/wp-content\/uploads\/2012\/03\/AD-Cabofriense-300x179.jpg\" alt=\"\" width=\"300\" height=\"179\" srcset=\"https:\/\/historiadofutebol.com\/blog\/wp-content\/uploads\/2012\/03\/AD-Cabofriense-300x179.jpg 300w, https:\/\/historiadofutebol.com\/blog\/wp-content\/uploads\/2012\/03\/AD-Cabofriense.jpg 467w\" sizes=\"auto, (max-width: 300px) 100vw, 300px\" \/><\/a><\/p>\n<p>Querendo a recupera\u00e7\u00e3o no Estadual da S\u00e9rie B, a Cabofriense, \u00faltima colocada no grupo B, anunciou mais dois refor\u00e7os para o returno da competi\u00e7\u00e3o. Trata-se do zagueiro Rodrigo e do atacante Capixaba <strong><em>(foto abaixo)<\/em><\/strong>. Ambos os jogadores j\u00e1 treinam com seus novos companheiros e est\u00e3o \u00e0 disposi\u00e7\u00e3o do treinador D\u00e1rio Louren\u00e7o.<\/p>\n<p><a href=\"https:\/\/historiadofutebol.com\/blog\/?attachment_id=26721\" rel=\"attachment wp-att-26721\"><img decoding=\"async\" class=\"aligncenter size-full wp-image-26721\" src=\"https:\/\/historiadofutebol.com\/blog\/wp-content\/uploads\/2012\/03\/cabofrio.bmp\" alt=\"\" \/><\/a><\/p>\n<p>Natural de Cabo Frio, Rodrigo come\u00e7ou na ESPROF, equipe tamb\u00e9m\u00a0de Cabo Frio,\u00a0\u00a0e teve passagens pelas categorias de base do Tricolor. Estava h\u00e1 oito anos no futebol portugu\u00eas e na \u00faltima temporada estava no futebol do Chipre. Assim como seu companheiro, Capixaba tamb\u00e9m atuou na Cabofriense, nas temporadas de 2010 e 2011, marcando dez gols com a camisa do time.<\/p>\n<p>Animado com o retorno \u00e0 Cabofriense, Capixaba quer ajudar o time a se livrar da inc\u00f4moda posi\u00e7\u00e3o e, assim como em 2010, levar o clube ao acesso:<\/p>\n<p>\u201cA expectativa \u00e9 muito boa, estou muito feliz com meu retorno. Espero contribuir de alguma forma junto aos meus companheiros a colocar a Cabofriense no seu devido lugar, que \u00e9 na S\u00e9rie A. Vamos trabalhar forte, pois os resultados ser\u00e3o conseq\u00fc\u00eancia\u201d, disse o atacante ao site na jogada.<\/p>\n<p>No pr\u00f3ximo s\u00e1bado (24\/03\/12), a Cabofriense tenta come\u00e7ar sua recupera\u00e7\u00e3o diante do Goytacaz, no Est\u00e1dio Alair Corr\u00eaa, em Cabo Frio (Regi\u00e3o dos Lagos do Rio), pela primeira rodada do turno do grupo B da competi\u00e7\u00e3o.<\/p>\n<p><strong><em><\/em><\/strong>\u00a0<\/p>\n<p><strong><em>Foto: <\/em><\/strong><em>L\u00e9o Borges<\/em><\/p>\n","protected":false},"excerpt":{"rendered":"<p>Querendo a recupera\u00e7\u00e3o no Estadual da S\u00e9rie B, a Cabofriense, \u00faltima colocada no grupo B, anunciou mais dois refor\u00e7os para o returno da competi\u00e7\u00e3o. Trata-se do zagueiro Rodrigo e do atacante Capixaba (foto abaixo). Ambos os jogadores j\u00e1 treinam com seus novos companheiros e est\u00e3o \u00e0 disposi\u00e7\u00e3o do treinador D\u00e1rio Louren\u00e7o. Natural de Cabo Frio, [&hellip;]<\/p>\n","protected":false},"author":55,"featured_media":0,"comment_status":"open","ping_status":"closed","sticky":false,"template":"","format":"standard","meta":{"footnotes":""},"categories":[203,3,47],"tags":[],"class_list":["post-26719","post","type-post","status-publish","format-standard","hentry","category-sergio-mello","category-historia-do-futebol","category-rio-de-janeiro"],"_links":{"self":[{"href":"https:\/\/historiadofutebol.com\/blog\/index.php?rest_route=\/wp\/v2\/posts\/26719","targetHints":{"allow":["GET"]}}],"collection":[{"href":"https:\/\/historiadofutebol.com\/blog\/index.php?rest_route=\/wp\/v2\/posts"}],"about":[{"href":"https:\/\/historiadofutebol.com\/blog\/index.php?rest_route=\/wp\/v2\/types\/post"}],"author":[{"embeddable":true,"href":"https:\/\/historiadofutebol.com\/blog\/index.php?rest_route=\/wp\/v2\/users\/55"}],"replies":[{"embeddable":true,"href":"https:\/\/historiadofutebol.com\/blog\/index.php?rest_route=%2Fwp%2Fv2%2Fcomments&post=26719"}],"version-history":[{"count":2,"href":"https:\/\/historiadofutebol.com\/blog\/index.php?rest_route=\/wp\/v2\/posts\/26719\/revisions"}],"predecessor-version":[{"id":26723,"href":"https:\/\/historiadofutebol.com\/blog\/index.php?rest_route=\/wp\/v2\/posts\/26719\/revisions\/26723"}],"wp:attachment":[{"href":"https:\/\/historiadofutebol.com\/blog\/index.php?rest_route=%2Fwp%2Fv2%2Fmedia&parent=26719"}],"wp:term":[{"taxonomy":"category","embeddable":true,"href":"https:\/\/historiadofutebol.com\/blog\/index.php?rest_route=%2Fwp%2Fv2%2Fcategories&post=26719"},{"taxonomy":"post_tag","embeddable":true,"href":"https:\/\/historiadofutebol.com\/blog\/index.php?rest_route=%2Fwp%2Fv2%2Ftags&post=26719"}],"curies":[{"name":"wp","href":"https:\/\/api.w.org\/{rel}","templated":true}]}}