{"id":26710,"date":"2012-03-20T19:06:24","date_gmt":"2012-03-20T22:06:24","guid":{"rendered":"https:\/\/historiadofutebol.com\/blog\/?p=26710"},"modified":"2012-03-20T19:07:45","modified_gmt":"2012-03-20T22:07:45","slug":"carioca-da-serie-b-lamoglia-exalta-uniao-da-a-a-carapebus","status":"publish","type":"post","link":"https:\/\/historiadofutebol.com\/blog\/?p=26710","title":{"rendered":"Carioca da S\u00e9rie B &#8211; Lamoglia exalta uni\u00e3o da A.A. Carapebus"},"content":{"rendered":"<div>\n<p>\u00a0<a href=\"https:\/\/historiadofutebol.com\/blog\/?attachment_id=26712\" rel=\"attachment wp-att-26712\"><img loading=\"lazy\" decoding=\"async\" class=\"aligncenter size-medium wp-image-26712\" src=\"https:\/\/historiadofutebol.com\/blog\/wp-content\/uploads\/2012\/03\/AA-Carapebus-300x296.jpg\" alt=\"\" width=\"300\" height=\"296\" srcset=\"https:\/\/historiadofutebol.com\/blog\/wp-content\/uploads\/2012\/03\/AA-Carapebus-300x296.jpg 300w, https:\/\/historiadofutebol.com\/blog\/wp-content\/uploads\/2012\/03\/AA-Carapebus-500x493.jpg 500w, https:\/\/historiadofutebol.com\/blog\/wp-content\/uploads\/2012\/03\/AA-Carapebus-96x96.jpg 96w, https:\/\/historiadofutebol.com\/blog\/wp-content\/uploads\/2012\/03\/AA-Carapebus-24x24.jpg 24w, https:\/\/historiadofutebol.com\/blog\/wp-content\/uploads\/2012\/03\/AA-Carapebus-36x36.jpg 36w, https:\/\/historiadofutebol.com\/blog\/wp-content\/uploads\/2012\/03\/AA-Carapebus-48x48.jpg 48w, https:\/\/historiadofutebol.com\/blog\/wp-content\/uploads\/2012\/03\/AA-Carapebus-64x64.jpg 64w, https:\/\/historiadofutebol.com\/blog\/wp-content\/uploads\/2012\/03\/AA-Carapebus.jpg 579w\" sizes=\"auto, (max-width: 300px) 100vw, 300px\" \/><\/a><\/p>\n<p>\u00a0Em 2011, um momento que emocionou o p\u00fablico foi a trajet\u00f3ria da Associa\u00e7\u00e3o Atl\u00e9tica Carapebus, que virou at\u00e9 um document\u00e1rio. O time mesmo com pouca grana, os jogadores sem sal\u00e1rios conseguiram o que parecia imposs\u00edvel: conseguiram o in\u00e9dito acesso para o Carioca da S\u00e9rie B. Agora, com patrocinio e uma estrutura um pouco melhor, a A.A. Carapebus sonha em conquistar outro in\u00e9dito acesso:\u00a0para \u00e0 elite do futebol do Rio. \u00a0\u00a0<\/p>\n<p><a href=\"https:\/\/historiadofutebol.com\/blog\/?attachment_id=26711\" rel=\"attachment wp-att-26711\"><img loading=\"lazy\" decoding=\"async\" class=\"aligncenter size-medium wp-image-26711\" src=\"https:\/\/historiadofutebol.com\/blog\/wp-content\/uploads\/2012\/03\/Lamoglia-300x225.jpg\" alt=\"\" width=\"300\" height=\"225\" srcset=\"https:\/\/historiadofutebol.com\/blog\/wp-content\/uploads\/2012\/03\/Lamoglia-300x225.jpg 300w, https:\/\/historiadofutebol.com\/blog\/wp-content\/uploads\/2012\/03\/Lamoglia.jpg 400w\" sizes=\"auto, (max-width: 300px) 100vw, 300px\" \/><\/a><\/p>\n<p>Feliz com a vit\u00f3ria de 1 a 0 sobre o S\u00e3o Crist\u00f3v\u00e3o, em partida disputada no s\u00e1bado, no est\u00e1dio Figueira de Melo, o t\u00e9cnico Luciano Lamoglia exaltou a uni\u00e3o do seu elenco. Segundo o comandante do Carapebus, a coes\u00e3o do grupo foi essencial para obter esse importante triunfo na S\u00e9rie B do Campeonato Carioca.<\/p>\n<p>&#8220;Fizemos um bom jogo, a equipe trabalhou forte essa semana principalmente na parte f\u00edsica, pois agora trabalhamos com um preparador f\u00edsico, coisa que n\u00e3o t\u00ednhamos. Al\u00e9m disso, mais da metade do elenco foi o que conquistou o acesso ano passado e eles jogaram com determina\u00e7\u00e3o e mereceram a vit\u00f3ria&#8221; &#8211; revelou o treinador, em entrevista concedida, nesta segunda, ao Fut Rio.<\/p>\n<p>Entretanto, Lamoglia tratou de frear os \u00e2nimos e manteve os &#8220;p\u00e9s no ch\u00e3o&#8221; quanto ao futuro da agremia\u00e7\u00e3o no torneio estadual.<\/p>\n<p>&#8220;Nosso objetivo era alcan\u00e7ar os 16 pontos nesse turno, conseguimos 12. Para o returno, trabalhamos com 20 pontos. Nossa meta \u00e9 escapar do Grupo X, quando conseguirmos isto, vamos brigar pela classifica\u00e7\u00e3o para a segunda fase&#8221;.<\/p>\n<p>O pr\u00f3ximo compromisso da A.A. Carapebus, s\u00e9timo colocado, acontece no s\u00e1bado, \u00e0s 19 horas, diante do Mesquita, no Est\u00e1dio Giulite Coutinho, no Distrito de Edson Passos, em Mesquita.<\/p>\n<p>&nbsp;<\/p>\n<p><em><strong>Foto:<\/strong> Divulga\u00e7\u00e3o<\/em><\/p>\n<\/div>\n","protected":false},"excerpt":{"rendered":"<p>\u00a0 \u00a0Em 2011, um momento que emocionou o p\u00fablico foi a trajet\u00f3ria da Associa\u00e7\u00e3o Atl\u00e9tica Carapebus, que virou at\u00e9 um document\u00e1rio. O time mesmo com pouca grana, os jogadores sem sal\u00e1rios conseguiram o que parecia imposs\u00edvel: conseguiram o in\u00e9dito acesso para o Carioca da S\u00e9rie B. Agora, com patrocinio e uma estrutura um pouco melhor, [&hellip;]<\/p>\n","protected":false},"author":55,"featured_media":0,"comment_status":"open","ping_status":"closed","sticky":false,"template":"","format":"standard","meta":{"footnotes":""},"categories":[203,3,47],"tags":[],"class_list":["post-26710","post","type-post","status-publish","format-standard","hentry","category-sergio-mello","category-historia-do-futebol","category-rio-de-janeiro"],"_links":{"self":[{"href":"https:\/\/historiadofutebol.com\/blog\/index.php?rest_route=\/wp\/v2\/posts\/26710","targetHints":{"allow":["GET"]}}],"collection":[{"href":"https:\/\/historiadofutebol.com\/blog\/index.php?rest_route=\/wp\/v2\/posts"}],"about":[{"href":"https:\/\/historiadofutebol.com\/blog\/index.php?rest_route=\/wp\/v2\/types\/post"}],"author":[{"embeddable":true,"href":"https:\/\/historiadofutebol.com\/blog\/index.php?rest_route=\/wp\/v2\/users\/55"}],"replies":[{"embeddable":true,"href":"https:\/\/historiadofutebol.com\/blog\/index.php?rest_route=%2Fwp%2Fv2%2Fcomments&post=26710"}],"version-history":[{"count":6,"href":"https:\/\/historiadofutebol.com\/blog\/index.php?rest_route=\/wp\/v2\/posts\/26710\/revisions"}],"predecessor-version":[{"id":26718,"href":"https:\/\/historiadofutebol.com\/blog\/index.php?rest_route=\/wp\/v2\/posts\/26710\/revisions\/26718"}],"wp:attachment":[{"href":"https:\/\/historiadofutebol.com\/blog\/index.php?rest_route=%2Fwp%2Fv2%2Fmedia&parent=26710"}],"wp:term":[{"taxonomy":"category","embeddable":true,"href":"https:\/\/historiadofutebol.com\/blog\/index.php?rest_route=%2Fwp%2Fv2%2Fcategories&post=26710"},{"taxonomy":"post_tag","embeddable":true,"href":"https:\/\/historiadofutebol.com\/blog\/index.php?rest_route=%2Fwp%2Fv2%2Ftags&post=26710"}],"curies":[{"name":"wp","href":"https:\/\/api.w.org\/{rel}","templated":true}]}}