{"id":26706,"date":"2012-03-20T18:56:41","date_gmt":"2012-03-20T21:56:41","guid":{"rendered":"https:\/\/historiadofutebol.com\/blog\/?p=26706"},"modified":"2012-03-20T18:56:41","modified_gmt":"2012-03-20T21:56:41","slug":"carioca-da-serie-b-goytacaz-quer-jogar-a-noite-para-lotar-o-aryzao","status":"publish","type":"post","link":"https:\/\/historiadofutebol.com\/blog\/?p=26706","title":{"rendered":"Carioca da S\u00e9rie B &#8211; Goytacaz quer jogar \u00e0 noite para lotar o Aryz\u00e3o"},"content":{"rendered":"<div>\n<p>&nbsp;<\/p>\n<div id=\"attachment_23650\" style=\"width: 157px\" class=\"wp-caption aligncenter\"><a href=\"https:\/\/historiadofutebol.com\/blog\/?attachment_id=23650\" rel=\"attachment wp-att-23650\"><img loading=\"lazy\" decoding=\"async\" aria-describedby=\"caption-attachment-23650\" class=\"size-full wp-image-23650\" src=\"https:\/\/historiadofutebol.com\/blog\/wp-content\/uploads\/2012\/01\/Goytacaz.png\" alt=\"\" width=\"147\" height=\"200\" \/><\/a><p id=\"caption-attachment-23650\" class=\"wp-caption-text\">Goytacaz F.C.<\/p><\/div>\n<p>A diretoria do Goytacaz j\u00e1 enviou documento \u00e0 Federa\u00e7\u00e3o de Futebol do Estado do Rio de Janeiro (Ferj)\u00a0pedindo a altera\u00e7\u00e3o do hor\u00e1rio da partida contra a Portuguesa Carioca\u00a0na pr\u00f3xima quarta-feira (28\/03\/12) das 15h30 para \u00e0s 20h. Os t\u00e9cnicos j\u00e1 programam a realiza\u00e7\u00e3o de mais um teste at\u00e9 o final desta semana.<\/p>\n<div id=\"attachment_26707\" style=\"width: 310px\" class=\"wp-caption aligncenter\"><a href=\"https:\/\/historiadofutebol.com\/blog\/?attachment_id=26707\" rel=\"attachment wp-att-26707\"><img loading=\"lazy\" decoding=\"async\" aria-describedby=\"caption-attachment-26707\" class=\"size-medium wp-image-26707\" src=\"https:\/\/historiadofutebol.com\/blog\/wp-content\/uploads\/2012\/03\/thumbsmaterias2-300x225.jpg\" alt=\"\" width=\"300\" height=\"225\" srcset=\"https:\/\/historiadofutebol.com\/blog\/wp-content\/uploads\/2012\/03\/thumbsmaterias2-300x225.jpg 300w, https:\/\/historiadofutebol.com\/blog\/wp-content\/uploads\/2012\/03\/thumbsmaterias2.jpg 332w\" sizes=\"auto, (max-width: 300px) 100vw, 300px\" \/><\/a><p id=\"caption-attachment-26707\" class=\"wp-caption-text\">Diretoria quer o time jogando no Aryz\u00e3o \u00e0 noite para aumentar o p\u00fablico<\/p><\/div>\n<p>O presidente Jomar Garcia recebeu garantias da empresa que realiza a instala\u00e7\u00e3o dos refletores de que a partida poder\u00e1 ser realizada no per\u00edodo noturno. No dia 17 de fevereiro j\u00e1 aconteceu um primeiro teste com os refletores que est\u00e3o localizados na parte oposta \u00e0s cabines de r\u00e1dio e social e o resultado foi satisfat\u00f3rio.<\/p>\n<p>Ap\u00f3s o pedido feito para a troca de hor\u00e1rio, o clube aguarda o comunicado da entidade m\u00e1xima do futebol no estado para que seja oficalmente reinaguarado todo o sistema de ilumina\u00e7\u00e3o do Ary de Oliveira e Souza, inativo por v\u00e1rios anos. A data n\u00e3o poderia ser mais apropriada, j\u00e1 que no pr\u00f3ximo dia 28 de mar\u00e7o (quarta-feira) os campistas comemoram\u00a0\u00a0 o anivers\u00e1rio de 177 anos de Campos dos Goytacazes.<\/p>\n<p><strong>\u00a0A energia \u2013<\/strong> A hist\u00f3ria do clube revela que o Goytacaz foi o primeiro clube a ter um campo com ilumina\u00e7\u00e3o el\u00e9trica do interior do Estado, isso em 5 de junho de 1930. O fato causou muita pol\u00eamica entre a popula\u00e7\u00e3o campista, j\u00e1 que a cidade vivia s\u00e9rios problemas de fornecimento de energia, mesmo tendo sido a primeira cidade na Am\u00e9rica Latina a receber energia el\u00e9trica, em 1883.<br \/>\n<strong>Time<\/strong> \u2013 Os trabalhos continuam visando\u00a0 partida do pr\u00f3ximo s\u00e1bado contra a Cabofriense. em Cabo Frio,\u00a0 pela primeira rodada do reutrno da S\u00e9rie B. Nesta ter\u00e7a-feira (20) pela manh\u00e3, o elenco realizou um trabalho f\u00edsico com o preparador Rodolfo Maia. No per\u00edodo da tarde o trabalho foi com bola no est\u00e1dio do Ypiranga, no bairro do Cap\u00e3o em Campos.<\/p>\n<p><strong>Refor\u00e7os <\/strong>\u2013 O presidente Jomar Garcia revelou \u00e0 assessoria de imprensa do clube que nesta quarta-feira (21\/03\/12)\u00a0 poder\u00e1 anunciar a chegada de alguns jogadores que ir\u00e3o refor\u00e7ar a equipe para o restante do Carioca S\u00e9rie B 2012. De acordo com o presidente, a diretoria s\u00f3 pretende revelar os nomes dos\u00a0 contratados ap\u00f3s a chegada dos atletas em Campos.<\/p>\n<p><em><strong>Foto:<\/strong> Ascom<\/em><\/p>\n<\/div>\n","protected":false},"excerpt":{"rendered":"<p>&nbsp; A diretoria do Goytacaz j\u00e1 enviou documento \u00e0 Federa\u00e7\u00e3o de Futebol do Estado do Rio de Janeiro (Ferj)\u00a0pedindo a altera\u00e7\u00e3o do hor\u00e1rio da partida contra a Portuguesa Carioca\u00a0na pr\u00f3xima quarta-feira (28\/03\/12) das 15h30 para \u00e0s 20h. Os t\u00e9cnicos j\u00e1 programam a realiza\u00e7\u00e3o de mais um teste at\u00e9 o final desta semana. O presidente Jomar [&hellip;]<\/p>\n","protected":false},"author":55,"featured_media":0,"comment_status":"open","ping_status":"closed","sticky":false,"template":"","format":"standard","meta":{"footnotes":""},"categories":[203,3,47],"tags":[],"class_list":["post-26706","post","type-post","status-publish","format-standard","hentry","category-sergio-mello","category-historia-do-futebol","category-rio-de-janeiro"],"_links":{"self":[{"href":"https:\/\/historiadofutebol.com\/blog\/index.php?rest_route=\/wp\/v2\/posts\/26706","targetHints":{"allow":["GET"]}}],"collection":[{"href":"https:\/\/historiadofutebol.com\/blog\/index.php?rest_route=\/wp\/v2\/posts"}],"about":[{"href":"https:\/\/historiadofutebol.com\/blog\/index.php?rest_route=\/wp\/v2\/types\/post"}],"author":[{"embeddable":true,"href":"https:\/\/historiadofutebol.com\/blog\/index.php?rest_route=\/wp\/v2\/users\/55"}],"replies":[{"embeddable":true,"href":"https:\/\/historiadofutebol.com\/blog\/index.php?rest_route=%2Fwp%2Fv2%2Fcomments&post=26706"}],"version-history":[{"count":2,"href":"https:\/\/historiadofutebol.com\/blog\/index.php?rest_route=\/wp\/v2\/posts\/26706\/revisions"}],"predecessor-version":[{"id":26709,"href":"https:\/\/historiadofutebol.com\/blog\/index.php?rest_route=\/wp\/v2\/posts\/26706\/revisions\/26709"}],"wp:attachment":[{"href":"https:\/\/historiadofutebol.com\/blog\/index.php?rest_route=%2Fwp%2Fv2%2Fmedia&parent=26706"}],"wp:term":[{"taxonomy":"category","embeddable":true,"href":"https:\/\/historiadofutebol.com\/blog\/index.php?rest_route=%2Fwp%2Fv2%2Fcategories&post=26706"},{"taxonomy":"post_tag","embeddable":true,"href":"https:\/\/historiadofutebol.com\/blog\/index.php?rest_route=%2Fwp%2Fv2%2Ftags&post=26706"}],"curies":[{"name":"wp","href":"https:\/\/api.w.org\/{rel}","templated":true}]}}