{"id":24870,"date":"2012-02-27T01:43:14","date_gmt":"2012-02-27T04:43:14","guid":{"rendered":"https:\/\/historiadofutebol.com\/blog\/?p=24870"},"modified":"2012-02-27T01:46:26","modified_gmt":"2012-02-27T04:46:26","slug":"sao-jose-esporte-clube-iiaborai-rj","status":"publish","type":"post","link":"https:\/\/historiadofutebol.com\/blog\/?p=24870","title":{"rendered":"SA\u00d5 JOS\u00c9 ESPORTE CLUBE &#8211; ITABORA\u00cd (RJ)"},"content":{"rendered":"<p>&nbsp;<\/p>\n<div class=\"mceTemp mceIEcenter\"><a href=\"https:\/\/historiadofutebol.com\/blog\/?attachment_id=24871\" rel=\"attachment wp-att-24871\"><img loading=\"lazy\" decoding=\"async\" class=\"aligncenter size-medium wp-image-24871\" src=\"https:\/\/historiadofutebol.com\/blog\/wp-content\/uploads\/2012\/02\/SEEC-01-300x212.jpg\" alt=\"\" width=\"300\" height=\"212\" srcset=\"https:\/\/historiadofutebol.com\/blog\/wp-content\/uploads\/2012\/02\/SEEC-01-300x212.jpg 300w, https:\/\/historiadofutebol.com\/blog\/wp-content\/uploads\/2012\/02\/SEEC-01-500x354.jpg 500w, https:\/\/historiadofutebol.com\/blog\/wp-content\/uploads\/2012\/02\/SEEC-01.jpg 1027w\" sizes=\"auto, (max-width: 300px) 100vw, 300px\" \/><\/a>\u00a0<\/div>\n<p>\u00a0O S\u00e3o Jos\u00e9 Esporte Clube\u00a0\u00e9 um dos times mais antigos do mun\u00edcipio de Itabora\u00ed, Regi\u00e3o Metropolitana do Rio. O \u00e1ureo-verde foi fundado no s\u00e1bado, no dia 13 de fevereiro de 1937. Curiosamente, o S\u00e3o Jos\u00e9 \u00e9 mais antigo do que a pr\u00f3pria\u00a0Liga Desportiva de Itabora\u00ed (Primeiro de Julho de 1962), no qual disputa as competi\u00e7\u00f5es da regi\u00e3o.\u00a0\u00a0<\/p>\n<p>Outro fato interessante \u00e9 que o time ficou inativo por mais de uma d\u00e9cada e retornou em 2009, promento n\u00e3o fechar mais.\u00a0<\/p>\n<div id=\"attachment_24872\" style=\"width: 310px\" class=\"wp-caption aligncenter\"><a href=\"https:\/\/historiadofutebol.com\/blog\/?attachment_id=24872\" rel=\"attachment wp-att-24872\"><img loading=\"lazy\" decoding=\"async\" aria-describedby=\"caption-attachment-24872\" class=\"size-medium wp-image-24872\" src=\"https:\/\/historiadofutebol.com\/blog\/wp-content\/uploads\/2012\/02\/SEEC-02-300x81.jpg\" alt=\"\" width=\"300\" height=\"81\" srcset=\"https:\/\/historiadofutebol.com\/blog\/wp-content\/uploads\/2012\/02\/SEEC-02-300x81.jpg 300w, https:\/\/historiadofutebol.com\/blog\/wp-content\/uploads\/2012\/02\/SEEC-02-500x136.jpg 500w, https:\/\/historiadofutebol.com\/blog\/wp-content\/uploads\/2012\/02\/SEEC-02.jpg 1549w\" sizes=\"auto, (max-width: 300px) 100vw, 300px\" \/><\/a><p id=\"caption-attachment-24872\" class=\"wp-caption-text\">Escudo atual<\/p><\/div>\n<p>&nbsp;<\/p>\n<p>&nbsp;<\/p>\n<p>&nbsp;<\/p>\n","protected":false},"excerpt":{"rendered":"<p>&nbsp; \u00a0 \u00a0O S\u00e3o Jos\u00e9 Esporte Clube\u00a0\u00e9 um dos times mais antigos do mun\u00edcipio de Itabora\u00ed, Regi\u00e3o Metropolitana do Rio. O \u00e1ureo-verde foi fundado no s\u00e1bado, no dia 13 de fevereiro de 1937. Curiosamente, o S\u00e3o Jos\u00e9 \u00e9 mais antigo do que a pr\u00f3pria\u00a0Liga Desportiva de Itabora\u00ed (Primeiro de Julho de 1962), no qual disputa [&hellip;]<\/p>\n","protected":false},"author":55,"featured_media":0,"comment_status":"open","ping_status":"closed","sticky":false,"template":"","format":"standard","meta":{"footnotes":""},"categories":[203,118,47],"tags":[],"class_list":["post-24870","post","type-post","status-publish","format-standard","hentry","category-sergio-mello","category-futebol-amador-varzeano","category-rio-de-janeiro"],"_links":{"self":[{"href":"https:\/\/historiadofutebol.com\/blog\/index.php?rest_route=\/wp\/v2\/posts\/24870","targetHints":{"allow":["GET"]}}],"collection":[{"href":"https:\/\/historiadofutebol.com\/blog\/index.php?rest_route=\/wp\/v2\/posts"}],"about":[{"href":"https:\/\/historiadofutebol.com\/blog\/index.php?rest_route=\/wp\/v2\/types\/post"}],"author":[{"embeddable":true,"href":"https:\/\/historiadofutebol.com\/blog\/index.php?rest_route=\/wp\/v2\/users\/55"}],"replies":[{"embeddable":true,"href":"https:\/\/historiadofutebol.com\/blog\/index.php?rest_route=%2Fwp%2Fv2%2Fcomments&post=24870"}],"version-history":[{"count":7,"href":"https:\/\/historiadofutebol.com\/blog\/index.php?rest_route=\/wp\/v2\/posts\/24870\/revisions"}],"predecessor-version":[{"id":24879,"href":"https:\/\/historiadofutebol.com\/blog\/index.php?rest_route=\/wp\/v2\/posts\/24870\/revisions\/24879"}],"wp:attachment":[{"href":"https:\/\/historiadofutebol.com\/blog\/index.php?rest_route=%2Fwp%2Fv2%2Fmedia&parent=24870"}],"wp:term":[{"taxonomy":"category","embeddable":true,"href":"https:\/\/historiadofutebol.com\/blog\/index.php?rest_route=%2Fwp%2Fv2%2Fcategories&post=24870"},{"taxonomy":"post_tag","embeddable":true,"href":"https:\/\/historiadofutebol.com\/blog\/index.php?rest_route=%2Fwp%2Fv2%2Ftags&post=24870"}],"curies":[{"name":"wp","href":"https:\/\/api.w.org\/{rel}","templated":true}]}}