{"id":24555,"date":"2012-02-23T22:53:14","date_gmt":"2012-02-24T00:53:14","guid":{"rendered":"https:\/\/historiadofutebol.com\/blog\/?p=24555"},"modified":"2025-01-30T02:36:38","modified_gmt":"2025-01-30T05:36:38","slug":"serie-escudos-de-clubes-amadores-de-araraquara-que-se-destacaram-nas-decadas-de-196070-gremio-desportivo-da-policia-militar","status":"publish","type":"post","link":"https:\/\/historiadofutebol.com\/blog\/?p=24555","title":{"rendered":"S\u00c9RIE: ESCUDOS DE CLUBES AMADORES DE ARARAQUARA QUE SE DESTACARAM NAS D\u00c9CADAS DE 1960\/70: GR\u00caMIO DESPORTIVO DA POL\u00cdCIA MILITAR"},"content":{"rendered":"<p><a href=\"https:\/\/historiadofutebol.com\/blog\/?attachment_id=24558\" rel=\"attachment wp-att-24558\"><img loading=\"lazy\" decoding=\"async\" src=\"https:\/\/historiadofutebol.com\/blog\/wp-content\/uploads\/2012\/02\/G.E.P.MILITAR-271x300.jpg\" alt=\"\" title=\"G.E.P.MILITAR\" width=\"271\" height=\"300\" class=\"aligncenter size-medium wp-image-24558\" srcset=\"https:\/\/historiadofutebol.com\/blog\/wp-content\/uploads\/2012\/02\/G.E.P.MILITAR-271x300.jpg 271w, https:\/\/historiadofutebol.com\/blog\/wp-content\/uploads\/2012\/02\/G.E.P.MILITAR.jpg 415w\" sizes=\"auto, (max-width: 271px) 100vw, 271px\" \/><\/a><\/p>\n<p><strong>O GR\u00caMIO FOI CAMPE\u00c3O AMADOR DE ARARAQUARA EM 1974<\/strong><\/p>\n<p>Foto tirada de r\u00e9plica da camisa do Gr\u00eamio Desportivo da Pol\u00edcia Militar, por Paulo Lu\u00eds Micali.<br \/>\nFonte: Museu do Futebol e Esportes de Araraquara (Arena Fonte Luminosa)<\/p>\n","protected":false},"excerpt":{"rendered":"<p>O GR\u00caMIO FOI CAMPE\u00c3O AMADOR DE ARARAQUARA EM 1974 Foto tirada de r\u00e9plica da camisa do Gr\u00eamio Desportivo da Pol\u00edcia Militar, por Paulo Lu\u00eds Micali. Fonte: Museu do Futebol e Esportes de Araraquara (Arena Fonte Luminosa)<\/p>\n","protected":false},"author":55,"featured_media":0,"comment_status":"open","ping_status":"closed","sticky":false,"template":"","format":"standard","meta":{"footnotes":""},"categories":[203,207,59,118,3],"tags":[],"class_list":["post-24555","post","type-post","status-publish","format-standard","hentry","category-sergio-mello","category-vicente-baroffaldi","category-escudos","category-futebol-amador-varzeano","category-historia-do-futebol"],"_links":{"self":[{"href":"https:\/\/historiadofutebol.com\/blog\/index.php?rest_route=\/wp\/v2\/posts\/24555","targetHints":{"allow":["GET"]}}],"collection":[{"href":"https:\/\/historiadofutebol.com\/blog\/index.php?rest_route=\/wp\/v2\/posts"}],"about":[{"href":"https:\/\/historiadofutebol.com\/blog\/index.php?rest_route=\/wp\/v2\/types\/post"}],"author":[{"embeddable":true,"href":"https:\/\/historiadofutebol.com\/blog\/index.php?rest_route=\/wp\/v2\/users\/55"}],"replies":[{"embeddable":true,"href":"https:\/\/historiadofutebol.com\/blog\/index.php?rest_route=%2Fwp%2Fv2%2Fcomments&post=24555"}],"version-history":[{"count":8,"href":"https:\/\/historiadofutebol.com\/blog\/index.php?rest_route=\/wp\/v2\/posts\/24555\/revisions"}],"predecessor-version":[{"id":24571,"href":"https:\/\/historiadofutebol.com\/blog\/index.php?rest_route=\/wp\/v2\/posts\/24555\/revisions\/24571"}],"wp:attachment":[{"href":"https:\/\/historiadofutebol.com\/blog\/index.php?rest_route=%2Fwp%2Fv2%2Fmedia&parent=24555"}],"wp:term":[{"taxonomy":"category","embeddable":true,"href":"https:\/\/historiadofutebol.com\/blog\/index.php?rest_route=%2Fwp%2Fv2%2Fcategories&post=24555"},{"taxonomy":"post_tag","embeddable":true,"href":"https:\/\/historiadofutebol.com\/blog\/index.php?rest_route=%2Fwp%2Fv2%2Ftags&post=24555"}],"curies":[{"name":"wp","href":"https:\/\/api.w.org\/{rel}","templated":true}]}}