{"id":2409,"date":"2007-10-12T18:21:16","date_gmt":"2007-10-12T21:21:16","guid":{"rendered":"http:\/\/blog.soccerlogos.com.br\/2007\/10\/12\/nao-confundir-v-rj\/"},"modified":"2010-01-25T21:00:16","modified_gmt":"2010-01-25T23:00:16","slug":"nao-confundir-v-rj","status":"publish","type":"post","link":"https:\/\/historiadofutebol.com\/blog\/?p=2409","title":{"rendered":"N\u00e3o Confundir V &#8211; RJ"},"content":{"rendered":"<p>No Rio de Janeiro existem v\u00e1rios clubes antigos extintos que foram homenageados com o mesmo nome, e em alguns caso no mesmo bairro, levando \u00e0 erro ao considerar o mesmo clube ou o mesmo escudo.<\/p>\n<p>Um dos casos que causa confus\u00e3o:<\/p>\n<p>\u201cOs Internacionais\u201d<\/p>\n<p>Association Athletic Internacional do Andara\u00ed &#8211; Rio de Janeiro &#8211; RJ, disputou o Campeonato de 1907 (4\u00ba &#8211; ultimo), era o Foot-Ball &amp; Athletic Club. N\u00e3o h\u00e1 informa\u00e7\u00e3o sobre suas cores, embora o Foot-Ball &amp; Athletic Club era vermelho e branco.<\/p>\n<p>Internacional Foot-ball Club do Botafogo &#8211; Rio de Janeiro &#8211; RJ, 1912 &#8211; 6\u00ba (ultimo) pela AFRJ. Suas cores eram vermelho e branco.<\/p>\n","protected":false},"excerpt":{"rendered":"<p>No Rio de Janeiro existem v\u00e1rios clubes antigos extintos que foram homenageados com o mesmo nome, e em alguns caso no mesmo bairro, levando \u00e0 erro ao considerar o mesmo clube ou o mesmo escudo. Um dos casos que causa confus\u00e3o: \u201cOs Internacionais\u201d Association Athletic Internacional do Andara\u00ed &#8211; Rio de Janeiro &#8211; RJ, disputou [&hellip;]<\/p>\n","protected":false},"author":18,"featured_media":0,"comment_status":"open","ping_status":"closed","sticky":false,"template":"","format":"standard","meta":{"footnotes":""},"categories":[99,68,59,47],"tags":[],"class_list":["post-2409","post","type-post","status-publish","format-standard","hentry","category-antonio-mario-ielo","category-blog-historia-do-futebol","category-escudos","category-rio-de-janeiro"],"_links":{"self":[{"href":"https:\/\/historiadofutebol.com\/blog\/index.php?rest_route=\/wp\/v2\/posts\/2409","targetHints":{"allow":["GET"]}}],"collection":[{"href":"https:\/\/historiadofutebol.com\/blog\/index.php?rest_route=\/wp\/v2\/posts"}],"about":[{"href":"https:\/\/historiadofutebol.com\/blog\/index.php?rest_route=\/wp\/v2\/types\/post"}],"author":[{"embeddable":true,"href":"https:\/\/historiadofutebol.com\/blog\/index.php?rest_route=\/wp\/v2\/users\/18"}],"replies":[{"embeddable":true,"href":"https:\/\/historiadofutebol.com\/blog\/index.php?rest_route=%2Fwp%2Fv2%2Fcomments&post=2409"}],"version-history":[{"count":1,"href":"https:\/\/historiadofutebol.com\/blog\/index.php?rest_route=\/wp\/v2\/posts\/2409\/revisions"}],"predecessor-version":[{"id":3279,"href":"https:\/\/historiadofutebol.com\/blog\/index.php?rest_route=\/wp\/v2\/posts\/2409\/revisions\/3279"}],"wp:attachment":[{"href":"https:\/\/historiadofutebol.com\/blog\/index.php?rest_route=%2Fwp%2Fv2%2Fmedia&parent=2409"}],"wp:term":[{"taxonomy":"category","embeddable":true,"href":"https:\/\/historiadofutebol.com\/blog\/index.php?rest_route=%2Fwp%2Fv2%2Fcategories&post=2409"},{"taxonomy":"post_tag","embeddable":true,"href":"https:\/\/historiadofutebol.com\/blog\/index.php?rest_route=%2Fwp%2Fv2%2Ftags&post=2409"}],"curies":[{"name":"wp","href":"https:\/\/api.w.org\/{rel}","templated":true}]}}