{"id":24071,"date":"2012-02-13T23:20:09","date_gmt":"2012-02-14T01:20:09","guid":{"rendered":"https:\/\/historiadofutebol.com\/blog\/?p=24071"},"modified":"2015-06-24T04:13:15","modified_gmt":"2015-06-24T07:13:15","slug":"sport-club-xi-garotos-ermelino-matarazzo","status":"publish","type":"post","link":"https:\/\/historiadofutebol.com\/blog\/?p=24071","title":{"rendered":"SPORT CLUB XI GAROTOS &#8211; ERMELINO MATARAZZO"},"content":{"rendered":"<div id=\"attachment_24072\" style=\"width: 270px\" class=\"wp-caption aligncenter\"><img loading=\"lazy\" decoding=\"async\" aria-describedby=\"caption-attachment-24072\" class=\"size-medium wp-image-24072\" src=\"https:\/\/historiadofutebol.com\/blog\/wp-content\/uploads\/2012\/02\/SPORT-CLUB-XI-GAROTOS-260x300.jpg\" alt=\"\" width=\"260\" height=\"300\" srcset=\"https:\/\/historiadofutebol.com\/blog\/wp-content\/uploads\/2012\/02\/SPORT-CLUB-XI-GAROTOS-260x300.jpg 260w, https:\/\/historiadofutebol.com\/blog\/wp-content\/uploads\/2012\/02\/SPORT-CLUB-XI-GAROTOS-433x500.jpg 433w, https:\/\/historiadofutebol.com\/blog\/wp-content\/uploads\/2012\/02\/SPORT-CLUB-XI-GAROTOS.jpg 624w\" sizes=\"auto, (max-width: 260px) 100vw, 260px\" \/><p id=\"caption-attachment-24072\" class=\"wp-caption-text\">SPORT CLUB XI GAROTOS - ERMELINO MATARAZZO<\/p><\/div>\n<p>SPORT CLUB XI GAROTOS<\/p>\n<p>FUNDA\u00c7\u00c3O &#8211; 07-09-1982<\/p>\n<p>BAIRRO &#8211; ERMELINO MATARAZZO<\/p>\n<p>ZONA LESTE<\/p>\n<p>S\u00c3O PAULO &#8211; CAPITAL<\/p>\n","protected":false},"excerpt":{"rendered":"<p>SPORT CLUB XI GAROTOS FUNDA\u00c7\u00c3O &#8211; 07-09-1982 BAIRRO &#8211; ERMELINO MATARAZZO ZONA LESTE S\u00c3O PAULO &#8211; CAPITAL<\/p>\n","protected":false},"author":47,"featured_media":0,"comment_status":"open","ping_status":"closed","sticky":false,"template":"","format":"standard","meta":{"footnotes":""},"categories":[203,189,59,118,51],"tags":[],"class_list":["post-24071","post","type-post","status-publish","format-standard","hentry","category-sergio-mello","category-toninho-sereno","category-escudos","category-futebol-amador-varzeano","category-sao-paulo"],"_links":{"self":[{"href":"https:\/\/historiadofutebol.com\/blog\/index.php?rest_route=\/wp\/v2\/posts\/24071","targetHints":{"allow":["GET"]}}],"collection":[{"href":"https:\/\/historiadofutebol.com\/blog\/index.php?rest_route=\/wp\/v2\/posts"}],"about":[{"href":"https:\/\/historiadofutebol.com\/blog\/index.php?rest_route=\/wp\/v2\/types\/post"}],"author":[{"embeddable":true,"href":"https:\/\/historiadofutebol.com\/blog\/index.php?rest_route=\/wp\/v2\/users\/47"}],"replies":[{"embeddable":true,"href":"https:\/\/historiadofutebol.com\/blog\/index.php?rest_route=%2Fwp%2Fv2%2Fcomments&post=24071"}],"version-history":[{"count":4,"href":"https:\/\/historiadofutebol.com\/blog\/index.php?rest_route=\/wp\/v2\/posts\/24071\/revisions"}],"predecessor-version":[{"id":24075,"href":"https:\/\/historiadofutebol.com\/blog\/index.php?rest_route=\/wp\/v2\/posts\/24071\/revisions\/24075"}],"wp:attachment":[{"href":"https:\/\/historiadofutebol.com\/blog\/index.php?rest_route=%2Fwp%2Fv2%2Fmedia&parent=24071"}],"wp:term":[{"taxonomy":"category","embeddable":true,"href":"https:\/\/historiadofutebol.com\/blog\/index.php?rest_route=%2Fwp%2Fv2%2Fcategories&post=24071"},{"taxonomy":"post_tag","embeddable":true,"href":"https:\/\/historiadofutebol.com\/blog\/index.php?rest_route=%2Fwp%2Fv2%2Ftags&post=24071"}],"curies":[{"name":"wp","href":"https:\/\/api.w.org\/{rel}","templated":true}]}}