{"id":23704,"date":"2012-02-01T17:47:10","date_gmt":"2012-02-01T19:47:10","guid":{"rendered":"https:\/\/historiadofutebol.com\/blog\/?p=23704"},"modified":"2012-02-01T17:54:21","modified_gmt":"2012-02-01T19:54:21","slug":"23704","status":"publish","type":"post","link":"https:\/\/historiadofutebol.com\/blog\/?p=23704","title":{"rendered":"Clubes do RN: 26 de Julho"},"content":{"rendered":"<h5><a href=\"https:\/\/historiadofutebol.com\/blog\/?attachment_id=23705\" rel=\"attachment wp-att-23705\"><img loading=\"lazy\" decoding=\"async\" class=\"alignleft size-full wp-image-23705\" title=\"26_de_julho_luis_gomes\" src=\"https:\/\/historiadofutebol.com\/blog\/wp-content\/uploads\/2012\/02\/26_de_julho_luis_gomes.jpg\" alt=\"\" width=\"172\" height=\"168\" srcset=\"https:\/\/historiadofutebol.com\/blog\/wp-content\/uploads\/2012\/02\/26_de_julho_luis_gomes-24x24.jpg 24w, https:\/\/historiadofutebol.com\/blog\/wp-content\/uploads\/2012\/02\/26_de_julho_luis_gomes-36x36.jpg 36w, https:\/\/historiadofutebol.com\/blog\/wp-content\/uploads\/2012\/02\/26_de_julho_luis_gomes-48x48.jpg 48w, https:\/\/historiadofutebol.com\/blog\/wp-content\/uploads\/2012\/02\/26_de_julho_luis_gomes-64x64.jpg 64w\" sizes=\"auto, (max-width: 172px) 100vw, 172px\" \/><\/a><\/h5>\n<h6>Nome: 26 de Julho Esporte Clube<\/h6>\n<h6>Cidade: Lu\u00eds Gomes<\/h6>\n<h6>Funda\u00e7\u00e3o: 26 de julho de 1978<\/h6>\n<h6>Cores: Verde e branco<\/h6>\n<h6>Situa\u00e7\u00e3o: Amador<\/h6>\n<pre>FONTE: escudosnordeste.blog.com<\/pre>\n","protected":false},"excerpt":{"rendered":"<p>Nome: 26 de Julho Esporte Clube Cidade: Lu\u00eds Gomes Funda\u00e7\u00e3o: 26 de julho de 1978 Cores: Verde e branco Situa\u00e7\u00e3o: Amador FONTE: escudosnordeste.blog.com<\/p>\n","protected":false},"author":33,"featured_media":0,"comment_status":"open","ping_status":"closed","sticky":false,"template":"","format":"standard","meta":{"footnotes":""},"categories":[111,45],"tags":[],"class_list":["post-23704","post","type-post","status-publish","format-standard","hentry","category-ricardo-amaral","category-rg-do-norte"],"_links":{"self":[{"href":"https:\/\/historiadofutebol.com\/blog\/index.php?rest_route=\/wp\/v2\/posts\/23704","targetHints":{"allow":["GET"]}}],"collection":[{"href":"https:\/\/historiadofutebol.com\/blog\/index.php?rest_route=\/wp\/v2\/posts"}],"about":[{"href":"https:\/\/historiadofutebol.com\/blog\/index.php?rest_route=\/wp\/v2\/types\/post"}],"author":[{"embeddable":true,"href":"https:\/\/historiadofutebol.com\/blog\/index.php?rest_route=\/wp\/v2\/users\/33"}],"replies":[{"embeddable":true,"href":"https:\/\/historiadofutebol.com\/blog\/index.php?rest_route=%2Fwp%2Fv2%2Fcomments&post=23704"}],"version-history":[{"count":7,"href":"https:\/\/historiadofutebol.com\/blog\/index.php?rest_route=\/wp\/v2\/posts\/23704\/revisions"}],"predecessor-version":[{"id":23712,"href":"https:\/\/historiadofutebol.com\/blog\/index.php?rest_route=\/wp\/v2\/posts\/23704\/revisions\/23712"}],"wp:attachment":[{"href":"https:\/\/historiadofutebol.com\/blog\/index.php?rest_route=%2Fwp%2Fv2%2Fmedia&parent=23704"}],"wp:term":[{"taxonomy":"category","embeddable":true,"href":"https:\/\/historiadofutebol.com\/blog\/index.php?rest_route=%2Fwp%2Fv2%2Fcategories&post=23704"},{"taxonomy":"post_tag","embeddable":true,"href":"https:\/\/historiadofutebol.com\/blog\/index.php?rest_route=%2Fwp%2Fv2%2Ftags&post=23704"}],"curies":[{"name":"wp","href":"https:\/\/api.w.org\/{rel}","templated":true}]}}