{"id":23692,"date":"2012-02-01T17:26:37","date_gmt":"2012-02-01T19:26:37","guid":{"rendered":"https:\/\/historiadofutebol.com\/blog\/?p=23692"},"modified":"2012-02-02T12:07:42","modified_gmt":"2012-02-02T14:07:42","slug":"23692","status":"publish","type":"post","link":"https:\/\/historiadofutebol.com\/blog\/?p=23692","title":{"rendered":"Associa\u00e7\u00e3o Atl\u00e9tica Corinthians do Bom Retiro"},"content":{"rendered":"<p>Essa \u00e9 a Associa\u00e7\u00e3o Atl\u00e9tica Corinthians do Bom Retiro, S\u00e3o Paulo. O Clube foi fundado em 1\u00ba de maio de 1925.<strong> <a href=\"https:\/\/historiadofutebol.com\/blog\/?attachment_id=23693\" rel=\"attachment wp-att-23693\"><img loading=\"lazy\" decoding=\"async\" class=\"aligncenter size-full wp-image-23693\" title=\"AACorinthians-BomRetiro\" src=\"https:\/\/historiadofutebol.com\/blog\/wp-content\/uploads\/2012\/02\/AACorinthians-BomRetiro.jpg\" alt=\"\" width=\"150\" height=\"170\" \/><\/a><\/strong><\/p>\n<pre><strong>Escudo e informa\u00e7\u00f5es:<\/strong> Toninho Sereno\r\n<strong>Arte:<\/strong> Michel McNish<\/pre>\n","protected":false},"excerpt":{"rendered":"<p>Essa \u00e9 a Associa\u00e7\u00e3o Atl\u00e9tica Corinthians do Bom Retiro, S\u00e3o Paulo. O Clube foi fundado em 1\u00ba de maio de 1925. Escudo e informa\u00e7\u00f5es: Toninho Sereno Arte: Michel McNish<\/p>\n","protected":false},"author":13,"featured_media":0,"comment_status":"open","ping_status":"closed","sticky":false,"template":"","format":"standard","meta":{"footnotes":""},"categories":[189,98,59,118,51],"tags":[],"class_list":["post-23692","post","type-post","status-publish","format-standard","hentry","category-toninho-sereno","category-michel","category-escudos","category-futebol-amador-varzeano","category-sao-paulo"],"_links":{"self":[{"href":"https:\/\/historiadofutebol.com\/blog\/index.php?rest_route=\/wp\/v2\/posts\/23692","targetHints":{"allow":["GET"]}}],"collection":[{"href":"https:\/\/historiadofutebol.com\/blog\/index.php?rest_route=\/wp\/v2\/posts"}],"about":[{"href":"https:\/\/historiadofutebol.com\/blog\/index.php?rest_route=\/wp\/v2\/types\/post"}],"author":[{"embeddable":true,"href":"https:\/\/historiadofutebol.com\/blog\/index.php?rest_route=\/wp\/v2\/users\/13"}],"replies":[{"embeddable":true,"href":"https:\/\/historiadofutebol.com\/blog\/index.php?rest_route=%2Fwp%2Fv2%2Fcomments&post=23692"}],"version-history":[{"count":10,"href":"https:\/\/historiadofutebol.com\/blog\/index.php?rest_route=\/wp\/v2\/posts\/23692\/revisions"}],"predecessor-version":[{"id":23749,"href":"https:\/\/historiadofutebol.com\/blog\/index.php?rest_route=\/wp\/v2\/posts\/23692\/revisions\/23749"}],"wp:attachment":[{"href":"https:\/\/historiadofutebol.com\/blog\/index.php?rest_route=%2Fwp%2Fv2%2Fmedia&parent=23692"}],"wp:term":[{"taxonomy":"category","embeddable":true,"href":"https:\/\/historiadofutebol.com\/blog\/index.php?rest_route=%2Fwp%2Fv2%2Fcategories&post=23692"},{"taxonomy":"post_tag","embeddable":true,"href":"https:\/\/historiadofutebol.com\/blog\/index.php?rest_route=%2Fwp%2Fv2%2Ftags&post=23692"}],"curies":[{"name":"wp","href":"https:\/\/api.w.org\/{rel}","templated":true}]}}