{"id":22773,"date":"2012-01-17T00:38:56","date_gmt":"2012-01-17T02:38:56","guid":{"rendered":"https:\/\/historiadofutebol.com\/blog\/?p=22773"},"modified":"2012-01-17T00:43:51","modified_gmt":"2012-01-17T02:43:51","slug":"gremio-esportivo-luxemburgo-do-ipiranga-sao-paulo-capital-o-mascote","status":"publish","type":"post","link":"https:\/\/historiadofutebol.com\/blog\/?p=22773","title":{"rendered":"GR\u00caMIO ESPORTIVO LUXEMBURGO DO IPIRANGA &#8211; S\u00c3O PAULO &#8211; CAPITAL &#8211; O MASCOTE"},"content":{"rendered":"<div id=\"attachment_22774\" style=\"width: 304px\" class=\"wp-caption aligncenter\"><img loading=\"lazy\" decoding=\"async\" aria-describedby=\"caption-attachment-22774\" class=\"size-medium wp-image-22774\" src=\"https:\/\/historiadofutebol.com\/blog\/wp-content\/uploads\/2012\/01\/GE-LUXEMBURGO-294x300.jpg\" alt=\"\" width=\"294\" height=\"300\" srcset=\"https:\/\/historiadofutebol.com\/blog\/wp-content\/uploads\/2012\/01\/GE-LUXEMBURGO-294x300.jpg 294w, https:\/\/historiadofutebol.com\/blog\/wp-content\/uploads\/2012\/01\/GE-LUXEMBURGO-490x500.jpg 490w, https:\/\/historiadofutebol.com\/blog\/wp-content\/uploads\/2012\/01\/GE-LUXEMBURGO-24x24.jpg 24w, https:\/\/historiadofutebol.com\/blog\/wp-content\/uploads\/2012\/01\/GE-LUXEMBURGO-36x36.jpg 36w, https:\/\/historiadofutebol.com\/blog\/wp-content\/uploads\/2012\/01\/GE-LUXEMBURGO-48x48.jpg 48w, https:\/\/historiadofutebol.com\/blog\/wp-content\/uploads\/2012\/01\/GE-LUXEMBURGO-64x64.jpg 64w, https:\/\/historiadofutebol.com\/blog\/wp-content\/uploads\/2012\/01\/GE-LUXEMBURGO.jpg 816w\" sizes=\"auto, (max-width: 294px) 100vw, 294px\" \/><p id=\"caption-attachment-22774\" class=\"wp-caption-text\">GREMIO ESPORTIVO LUXEMBURGO DO IPIRANGA<\/p><\/div>\n<p>&nbsp;<\/p>\n<p>GR\u00caMIO ESPORTIVO LUXEMBURGO<\/p>\n<p>FUNDA\u00c7\u00c3O &#8211; 04-07-1971<\/p>\n<p>BAIRRO &#8211; IPIRANGA<\/p>\n<p>ZONA SUL<\/p>\n<p>S\u00c3O PAULO &#8211; CAPITAL<\/p>\n<p>&nbsp;<\/p>\n","protected":false},"excerpt":{"rendered":"<p>&nbsp; GR\u00caMIO ESPORTIVO LUXEMBURGO FUNDA\u00c7\u00c3O &#8211; 04-07-1971 BAIRRO &#8211; IPIRANGA ZONA SUL S\u00c3O PAULO &#8211; CAPITAL &nbsp;<\/p>\n","protected":false},"author":47,"featured_media":0,"comment_status":"open","ping_status":"closed","sticky":false,"template":"","format":"standard","meta":{"footnotes":""},"categories":[189,59,118,3,51],"tags":[],"class_list":["post-22773","post","type-post","status-publish","format-standard","hentry","category-toninho-sereno","category-escudos","category-futebol-amador-varzeano","category-historia-do-futebol","category-sao-paulo"],"_links":{"self":[{"href":"https:\/\/historiadofutebol.com\/blog\/index.php?rest_route=\/wp\/v2\/posts\/22773","targetHints":{"allow":["GET"]}}],"collection":[{"href":"https:\/\/historiadofutebol.com\/blog\/index.php?rest_route=\/wp\/v2\/posts"}],"about":[{"href":"https:\/\/historiadofutebol.com\/blog\/index.php?rest_route=\/wp\/v2\/types\/post"}],"author":[{"embeddable":true,"href":"https:\/\/historiadofutebol.com\/blog\/index.php?rest_route=\/wp\/v2\/users\/47"}],"replies":[{"embeddable":true,"href":"https:\/\/historiadofutebol.com\/blog\/index.php?rest_route=%2Fwp%2Fv2%2Fcomments&post=22773"}],"version-history":[{"count":6,"href":"https:\/\/historiadofutebol.com\/blog\/index.php?rest_route=\/wp\/v2\/posts\/22773\/revisions"}],"predecessor-version":[{"id":22781,"href":"https:\/\/historiadofutebol.com\/blog\/index.php?rest_route=\/wp\/v2\/posts\/22773\/revisions\/22781"}],"wp:attachment":[{"href":"https:\/\/historiadofutebol.com\/blog\/index.php?rest_route=%2Fwp%2Fv2%2Fmedia&parent=22773"}],"wp:term":[{"taxonomy":"category","embeddable":true,"href":"https:\/\/historiadofutebol.com\/blog\/index.php?rest_route=%2Fwp%2Fv2%2Fcategories&post=22773"},{"taxonomy":"post_tag","embeddable":true,"href":"https:\/\/historiadofutebol.com\/blog\/index.php?rest_route=%2Fwp%2Fv2%2Ftags&post=22773"}],"curies":[{"name":"wp","href":"https:\/\/api.w.org\/{rel}","templated":true}]}}