{"id":2212,"date":"2008-09-02T01:45:30","date_gmt":"2008-09-02T04:45:30","guid":{"rendered":"http:\/\/blog.soccerlogos.com.br\/2008\/09\/02\/associacao-desportiva-taua\/"},"modified":"2010-01-24T14:05:49","modified_gmt":"2010-01-24T16:05:49","slug":"associacao-desportiva-taua","status":"publish","type":"post","link":"https:\/\/historiadofutebol.com\/blog\/?p=2212","title":{"rendered":"Associa\u00e7\u00e3o Desportiva Tau\u00e1"},"content":{"rendered":"<p>Associa\u00e7\u00e3o Desportiva Tau\u00e1<br \/>\nRua Moacir Pereira Gondim, s\/n<br \/>\nColibris &#8211; Tau\u00e1s &#8211; CE<br \/>\nCEP: 63660-000<\/p>\n<p>Presidente: Ant\u00f4nio Marcos Caracas<br \/>\nFunda\u00e7\u00e3o: 16\/04\/2007<\/p>\n<p>[img:untitled_1.JPG,full,centralizado]<br \/>\n(escudo em preto e branco)<\/p>\n<p>[img:news_17279.JPG,full,centralizado]<\/p>\n","protected":false},"excerpt":{"rendered":"<p>Associa\u00e7\u00e3o Desportiva Tau\u00e1 Rua Moacir Pereira Gondim, s\/n Colibris &#8211; Tau\u00e1s &#8211; CE CEP: 63660-000 Presidente: Ant\u00f4nio Marcos Caracas Funda\u00e7\u00e3o: 16\/04\/2007 [img:untitled_1.JPG,full,centralizado] (escudo em preto e branco) [img:news_17279.JPG,full,centralizado]<\/p>\n","protected":false},"author":2,"featured_media":0,"comment_status":"open","ping_status":"closed","sticky":false,"template":"","format":"standard","meta":{"footnotes":""},"categories":[100,68,32,59],"tags":[],"class_list":["post-2212","post","type-post","status-publish","format-standard","hentry","category-gerson-rodrigues","category-blog-historia-do-futebol","category-ceara","category-escudos"],"_links":{"self":[{"href":"https:\/\/historiadofutebol.com\/blog\/index.php?rest_route=\/wp\/v2\/posts\/2212","targetHints":{"allow":["GET"]}}],"collection":[{"href":"https:\/\/historiadofutebol.com\/blog\/index.php?rest_route=\/wp\/v2\/posts"}],"about":[{"href":"https:\/\/historiadofutebol.com\/blog\/index.php?rest_route=\/wp\/v2\/types\/post"}],"author":[{"embeddable":true,"href":"https:\/\/historiadofutebol.com\/blog\/index.php?rest_route=\/wp\/v2\/users\/2"}],"replies":[{"embeddable":true,"href":"https:\/\/historiadofutebol.com\/blog\/index.php?rest_route=%2Fwp%2Fv2%2Fcomments&post=2212"}],"version-history":[{"count":1,"href":"https:\/\/historiadofutebol.com\/blog\/index.php?rest_route=\/wp\/v2\/posts\/2212\/revisions"}],"predecessor-version":[{"id":2765,"href":"https:\/\/historiadofutebol.com\/blog\/index.php?rest_route=\/wp\/v2\/posts\/2212\/revisions\/2765"}],"wp:attachment":[{"href":"https:\/\/historiadofutebol.com\/blog\/index.php?rest_route=%2Fwp%2Fv2%2Fmedia&parent=2212"}],"wp:term":[{"taxonomy":"category","embeddable":true,"href":"https:\/\/historiadofutebol.com\/blog\/index.php?rest_route=%2Fwp%2Fv2%2Fcategories&post=2212"},{"taxonomy":"post_tag","embeddable":true,"href":"https:\/\/historiadofutebol.com\/blog\/index.php?rest_route=%2Fwp%2Fv2%2Ftags&post=2212"}],"curies":[{"name":"wp","href":"https:\/\/api.w.org\/{rel}","templated":true}]}}