{"id":21782,"date":"2011-11-23T17:05:44","date_gmt":"2011-11-23T19:05:44","guid":{"rendered":"https:\/\/historiadofutebol.com\/blog\/?p=21782"},"modified":"2011-11-23T17:09:16","modified_gmt":"2011-11-23T19:09:16","slug":"america-futebol-clube-de-sao-jose-sc","status":"publish","type":"post","link":"https:\/\/historiadofutebol.com\/blog\/?p=21782","title":{"rendered":"Am\u00e9rica Futebol Clube de S\u00e3o Jos\u00e9 SC"},"content":{"rendered":"<p style=\"text-align: left;\"><img loading=\"lazy\" decoding=\"async\" class=\"aligncenter\" src=\"http:\/\/www.clicrbs.com.br\/rbs\/image\/12527875.jpg\" alt=\"\" width=\"400\" height=\"228\" \/>O Centro Hist\u00f3rico do\u00a0 S\u00e3o Jos\u00e9 teve grandes equipes de futebol, que revelaram atletas para clubes profissionais. Aqui est\u00e1 o Am\u00e9rica FC. Em p\u00e9, da esquerda para a direita: Val\u00e9rio, Leleco, Neco, Cleto, Janga e Jo\u00e3o Lemos. Agachados: Tocha, Aldo, Jac\u00f3, Armando e Aldinho.<\/p>\n<p style=\"text-align: left;\">Acervo: Osni A. Machado<\/p>\n","protected":false},"excerpt":{"rendered":"<p>O Centro Hist\u00f3rico do\u00a0 S\u00e3o Jos\u00e9 teve grandes equipes de futebol, que revelaram atletas para clubes profissionais. Aqui est\u00e1 o Am\u00e9rica FC. Em p\u00e9, da esquerda para a direita: Val\u00e9rio, Leleco, Neco, Cleto, Janga e Jo\u00e3o Lemos. Agachados: Tocha, Aldo, Jac\u00f3, Armando e Aldinho. Acervo: Osni A. Machado<\/p>\n","protected":false},"author":13,"featured_media":0,"comment_status":"open","ping_status":"closed","sticky":false,"template":"","format":"standard","meta":{"footnotes":""},"categories":[98,118,50],"tags":[],"class_list":["post-21782","post","type-post","status-publish","format-standard","hentry","category-michel","category-futebol-amador-varzeano","category-santa-catarina"],"_links":{"self":[{"href":"https:\/\/historiadofutebol.com\/blog\/index.php?rest_route=\/wp\/v2\/posts\/21782","targetHints":{"allow":["GET"]}}],"collection":[{"href":"https:\/\/historiadofutebol.com\/blog\/index.php?rest_route=\/wp\/v2\/posts"}],"about":[{"href":"https:\/\/historiadofutebol.com\/blog\/index.php?rest_route=\/wp\/v2\/types\/post"}],"author":[{"embeddable":true,"href":"https:\/\/historiadofutebol.com\/blog\/index.php?rest_route=\/wp\/v2\/users\/13"}],"replies":[{"embeddable":true,"href":"https:\/\/historiadofutebol.com\/blog\/index.php?rest_route=%2Fwp%2Fv2%2Fcomments&post=21782"}],"version-history":[{"count":5,"href":"https:\/\/historiadofutebol.com\/blog\/index.php?rest_route=\/wp\/v2\/posts\/21782\/revisions"}],"predecessor-version":[{"id":21785,"href":"https:\/\/historiadofutebol.com\/blog\/index.php?rest_route=\/wp\/v2\/posts\/21782\/revisions\/21785"}],"wp:attachment":[{"href":"https:\/\/historiadofutebol.com\/blog\/index.php?rest_route=%2Fwp%2Fv2%2Fmedia&parent=21782"}],"wp:term":[{"taxonomy":"category","embeddable":true,"href":"https:\/\/historiadofutebol.com\/blog\/index.php?rest_route=%2Fwp%2Fv2%2Fcategories&post=21782"},{"taxonomy":"post_tag","embeddable":true,"href":"https:\/\/historiadofutebol.com\/blog\/index.php?rest_route=%2Fwp%2Fv2%2Ftags&post=21782"}],"curies":[{"name":"wp","href":"https:\/\/api.w.org\/{rel}","templated":true}]}}