{"id":21630,"date":"2011-11-11T10:26:13","date_gmt":"2011-11-11T12:26:13","guid":{"rendered":"https:\/\/historiadofutebol.com\/blog\/?p=21630"},"modified":"2011-11-11T10:26:14","modified_gmt":"2011-11-11T12:26:14","slug":"gremio-esportivo-luxemburgo-sp","status":"publish","type":"post","link":"https:\/\/historiadofutebol.com\/blog\/?p=21630","title":{"rendered":"Gr\u00eamio Esportivo Luxemburgo SP"},"content":{"rendered":"<p>Segue o escudo do Gr\u00eamio Esportivo Luxemburgo do Ipiranga. O clube fundado em 04\/07\/1971 est\u00e1 extinto. Mais uma descoberta de Toninho Sereno.<br \/>\n<a href=\"https:\/\/historiadofutebol.com\/blog\/?attachment_id=21631\" rel=\"attachment wp-att-21631\"><img loading=\"lazy\" decoding=\"async\" class=\"aligncenter size-thumbnail wp-image-21631\" title=\"Luxemburgo\" src=\"https:\/\/historiadofutebol.com\/blog\/wp-content\/uploads\/2011\/11\/Luxemburgo-150x150.jpg\" alt=\"\" width=\"150\" height=\"150\" srcset=\"https:\/\/historiadofutebol.com\/blog\/wp-content\/uploads\/2011\/11\/Luxemburgo-150x150.jpg 150w, https:\/\/historiadofutebol.com\/blog\/wp-content\/uploads\/2011\/11\/Luxemburgo-96x96.jpg 96w, https:\/\/historiadofutebol.com\/blog\/wp-content\/uploads\/2011\/11\/Luxemburgo-24x24.jpg 24w, https:\/\/historiadofutebol.com\/blog\/wp-content\/uploads\/2011\/11\/Luxemburgo-36x36.jpg 36w, https:\/\/historiadofutebol.com\/blog\/wp-content\/uploads\/2011\/11\/Luxemburgo-48x48.jpg 48w, https:\/\/historiadofutebol.com\/blog\/wp-content\/uploads\/2011\/11\/Luxemburgo-64x64.jpg 64w, https:\/\/historiadofutebol.com\/blog\/wp-content\/uploads\/2011\/11\/Luxemburgo.jpg 300w\" sizes=\"auto, (max-width: 150px) 100vw, 150px\" \/><\/a><strong>Informa\u00e7\u00f5es e escudo:<\/strong> Toninho Sereno<br \/>\n<strong>Arte:<\/strong> Michel McNish<\/p>\n","protected":false},"excerpt":{"rendered":"<p>Segue o escudo do Gr\u00eamio Esportivo Luxemburgo do Ipiranga. O clube fundado em 04\/07\/1971 est\u00e1 extinto. Mais uma descoberta de Toninho Sereno. Informa\u00e7\u00f5es e escudo: Toninho Sereno Arte: Michel McNish<\/p>\n","protected":false},"author":13,"featured_media":0,"comment_status":"open","ping_status":"closed","sticky":false,"template":"","format":"standard","meta":{"footnotes":""},"categories":[189,98,59,118,51],"tags":[],"class_list":["post-21630","post","type-post","status-publish","format-standard","hentry","category-toninho-sereno","category-michel","category-escudos","category-futebol-amador-varzeano","category-sao-paulo"],"_links":{"self":[{"href":"https:\/\/historiadofutebol.com\/blog\/index.php?rest_route=\/wp\/v2\/posts\/21630","targetHints":{"allow":["GET"]}}],"collection":[{"href":"https:\/\/historiadofutebol.com\/blog\/index.php?rest_route=\/wp\/v2\/posts"}],"about":[{"href":"https:\/\/historiadofutebol.com\/blog\/index.php?rest_route=\/wp\/v2\/types\/post"}],"author":[{"embeddable":true,"href":"https:\/\/historiadofutebol.com\/blog\/index.php?rest_route=\/wp\/v2\/users\/13"}],"replies":[{"embeddable":true,"href":"https:\/\/historiadofutebol.com\/blog\/index.php?rest_route=%2Fwp%2Fv2%2Fcomments&post=21630"}],"version-history":[{"count":3,"href":"https:\/\/historiadofutebol.com\/blog\/index.php?rest_route=\/wp\/v2\/posts\/21630\/revisions"}],"predecessor-version":[{"id":21634,"href":"https:\/\/historiadofutebol.com\/blog\/index.php?rest_route=\/wp\/v2\/posts\/21630\/revisions\/21634"}],"wp:attachment":[{"href":"https:\/\/historiadofutebol.com\/blog\/index.php?rest_route=%2Fwp%2Fv2%2Fmedia&parent=21630"}],"wp:term":[{"taxonomy":"category","embeddable":true,"href":"https:\/\/historiadofutebol.com\/blog\/index.php?rest_route=%2Fwp%2Fv2%2Fcategories&post=21630"},{"taxonomy":"post_tag","embeddable":true,"href":"https:\/\/historiadofutebol.com\/blog\/index.php?rest_route=%2Fwp%2Fv2%2Ftags&post=21630"}],"curies":[{"name":"wp","href":"https:\/\/api.w.org\/{rel}","templated":true}]}}