{"id":21040,"date":"2011-10-15T20:39:29","date_gmt":"2011-10-15T23:39:29","guid":{"rendered":"https:\/\/historiadofutebol.com\/blog\/?p=21040"},"modified":"2022-07-03T22:03:21","modified_gmt":"2022-07-04T01:03:21","slug":"palestra-de-aracaju","status":"publish","type":"post","link":"https:\/\/historiadofutebol.com\/blog\/?p=21040","title":{"rendered":"Palestra Futebol Clube &#8211; Aracaju (SE): Fundado em 1928"},"content":{"rendered":"\n<div class=\"wp-block-image\"><figure class=\"aligncenter size-large\"><img loading=\"lazy\" decoding=\"async\" width=\"500\" height=\"318\" src=\"https:\/\/historiadofutebol.com\/blog\/wp-content\/uploads\/2022\/07\/Sem-titulo-5-500x318.jpg\" alt=\"\" class=\"wp-image-126205\" srcset=\"https:\/\/historiadofutebol.com\/blog\/wp-content\/uploads\/2022\/07\/Sem-titulo-5-500x318.jpg 500w, https:\/\/historiadofutebol.com\/blog\/wp-content\/uploads\/2022\/07\/Sem-titulo-5-300x191.jpg 300w, https:\/\/historiadofutebol.com\/blog\/wp-content\/uploads\/2022\/07\/Sem-titulo-5-624x397.jpg 624w, https:\/\/historiadofutebol.com\/blog\/wp-content\/uploads\/2022\/07\/Sem-titulo-5.jpg 705w\" sizes=\"auto, (max-width: 500px) 100vw, 500px\" \/><\/figure><\/div>\n\n\n<p>O\u00a0<strong>Palestra Futebol Clube<\/strong>\u00a0\u00e9 uma agremia\u00e7\u00e3o da cidade de Aracaju (SE). A sua\u00a0<em><strong>Sede<\/strong><\/em>\u00a0ficava localizada na\u00a0<em>Avenida Guanabara, n\u00ba 179, no Bairro Am\u00e9rica, em Aracaju<\/em>. O\u00a0<em><strong>clube Alvianil\u00a0<\/strong><\/em>foi\u00a0<strong>Fundado no dia 1\u00ba de Mar\u00e7o de 1928<\/strong>, por esportistas da cidade.<\/p>\n<p>O\u00a0<strong>Palestra<\/strong>\u00a0mandava os seus jogos no\u00a0<em>Est\u00e1dio Adolpho Rollenberg<\/em>, com Capacidade para 2 mil pessoas. O <strong><em>Palestra<\/em><\/strong> faturou o <strong><em>Torneio In\u00edcio<\/em><\/strong> <strong><em>cinco vezes:<\/em><\/strong> <strong><em>1932, 1935, 1937, 1945 e 1949<\/em><\/strong>; <strong><em>Festival Esportivo de Sergipe<\/em><\/strong> em duas oportunidades: <strong><em>1931 e 1936<\/em><\/strong>; <strong><em>Torneio Extraordin\u00e1rio de Sergipe<\/em><\/strong> uma vez: <strong><em>1936<\/em><\/strong>; E, no\u00a0<em><strong>Campeonato Sergipano da 1\u00aa Divis\u00e3o<\/strong><\/em>, conquistou<strong>\u00a0<\/strong><em><strong>tr\u00eas t\u00edtulos<\/strong><\/em>:\u00a0<em><strong>1934<\/strong><\/em>,\u00a0<em><strong>1935<\/strong><\/em>\u00a0e\u00a0<em><strong>1949<\/strong><\/em>.<\/p>\n<p><strong>\u00a0\u00a0<\/strong><em><strong><u>FONTES<\/u><\/strong><\/em><em><strong>:<\/strong><\/em><em>\u00a0Wikip\u00e9dia &#8211; Pesquisador Luciano da Silva \u2013 Historiador Vianna Filho<\/em><\/p>","protected":false},"excerpt":{"rendered":"<p>O\u00a0Palestra Futebol Clube\u00a0\u00e9 uma agremia\u00e7\u00e3o da cidade de Aracaju (SE). A sua\u00a0Sede\u00a0ficava localizada na\u00a0Avenida Guanabara, n\u00ba 179, no Bairro Am\u00e9rica, em Aracaju. O\u00a0clube Alvianil\u00a0foi\u00a0Fundado no dia 1\u00ba de Mar\u00e7o de 1928, por esportistas da cidade. O\u00a0Palestra\u00a0mandava os seus jogos no\u00a0Est\u00e1dio Adolpho Rollenberg, com Capacidade para 2 mil pessoas. O Palestra faturou o Torneio In\u00edcio cinco [&hellip;]<\/p>\n","protected":false},"author":55,"featured_media":0,"comment_status":"open","ping_status":"closed","sticky":false,"template":"","format":"standard","meta":{"footnotes":""},"categories":[203,83,59,3,52],"tags":[],"class_list":["post-21040","post","type-post","status-publish","format-standard","hentry","category-sergio-mello","category-x9-curiosidades","category-escudos","category-historia-do-futebol","category-sergipe"],"_links":{"self":[{"href":"https:\/\/historiadofutebol.com\/blog\/index.php?rest_route=\/wp\/v2\/posts\/21040","targetHints":{"allow":["GET"]}}],"collection":[{"href":"https:\/\/historiadofutebol.com\/blog\/index.php?rest_route=\/wp\/v2\/posts"}],"about":[{"href":"https:\/\/historiadofutebol.com\/blog\/index.php?rest_route=\/wp\/v2\/types\/post"}],"author":[{"embeddable":true,"href":"https:\/\/historiadofutebol.com\/blog\/index.php?rest_route=\/wp\/v2\/users\/55"}],"replies":[{"embeddable":true,"href":"https:\/\/historiadofutebol.com\/blog\/index.php?rest_route=%2Fwp%2Fv2%2Fcomments&post=21040"}],"version-history":[{"count":4,"href":"https:\/\/historiadofutebol.com\/blog\/index.php?rest_route=\/wp\/v2\/posts\/21040\/revisions"}],"predecessor-version":[{"id":126208,"href":"https:\/\/historiadofutebol.com\/blog\/index.php?rest_route=\/wp\/v2\/posts\/21040\/revisions\/126208"}],"wp:attachment":[{"href":"https:\/\/historiadofutebol.com\/blog\/index.php?rest_route=%2Fwp%2Fv2%2Fmedia&parent=21040"}],"wp:term":[{"taxonomy":"category","embeddable":true,"href":"https:\/\/historiadofutebol.com\/blog\/index.php?rest_route=%2Fwp%2Fv2%2Fcategories&post=21040"},{"taxonomy":"post_tag","embeddable":true,"href":"https:\/\/historiadofutebol.com\/blog\/index.php?rest_route=%2Fwp%2Fv2%2Ftags&post=21040"}],"curies":[{"name":"wp","href":"https:\/\/api.w.org\/{rel}","templated":true}]}}