{"id":20381,"date":"2011-09-15T01:55:18","date_gmt":"2011-09-15T04:55:18","guid":{"rendered":"https:\/\/historiadofutebol.com\/blog\/?p=20381"},"modified":"2022-06-21T00:37:13","modified_gmt":"2022-06-21T03:37:13","slug":"cearazinho-de-paracuru","status":"publish","type":"post","link":"https:\/\/historiadofutebol.com\/blog\/?p=20381","title":{"rendered":"Associa\u00e7\u00e3o Esportiva Cearazinho  &#8211; Paracuru (CE): disputou o Estadual da 2\u00aa Divis\u00e3o de 1994"},"content":{"rendered":"\n<div class=\"wp-block-image\"><figure class=\"aligncenter size-large\"><img loading=\"lazy\" decoding=\"async\" width=\"500\" height=\"324\" src=\"https:\/\/historiadofutebol.com\/blog\/wp-content\/uploads\/2022\/06\/Sem-titulo-17-500x324.jpg\" alt=\"\" class=\"wp-image-125945\" srcset=\"https:\/\/historiadofutebol.com\/blog\/wp-content\/uploads\/2022\/06\/Sem-titulo-17-500x324.jpg 500w, https:\/\/historiadofutebol.com\/blog\/wp-content\/uploads\/2022\/06\/Sem-titulo-17-300x195.jpg 300w, https:\/\/historiadofutebol.com\/blog\/wp-content\/uploads\/2022\/06\/Sem-titulo-17-624x405.jpg 624w, https:\/\/historiadofutebol.com\/blog\/wp-content\/uploads\/2022\/06\/Sem-titulo-17.jpg 715w\" sizes=\"auto, (max-width: 500px) 100vw, 500px\" \/><\/figure><\/div>\n\n\n<p>O <strong><em>Associa\u00e7\u00e3o Esportiva Cearazinho <\/em><\/strong>\u00e9 uma agremia\u00e7\u00e3o do munic\u00edpio de Paracuru <em>(popula\u00e7\u00e3o de cerca de 32 mil habitantes)<\/em>, que fica a 87 km da capital <em>(Fortaleza)<\/em> do estado do Cear\u00e1.<\/p>\n<p>A sua <strong><em>Sede Social<\/em><\/strong> <em>est\u00e1 localizada na<\/em> <strong>Rua Capit\u00e3o Jo\u00e3o Moreira, s\/n, \u00a0no Centro de Paracuru<\/strong>. A equipe mandava os seus jogos no Est\u00e1dio <strong><em>Ribeir\u00e3o, com capacidade para 3 mil pessoas<\/em><\/strong>, em Paracuru.<\/p>\n<p>O &#8220;<strong><em>Alvinegro Paracuruense&#8221; foi Fundado em 1975<\/em><\/strong>, com o nome de &#8220;<strong><em>Tampa Azul<\/em><\/strong>&#8220;, que durou somente duas partidas. Posteriormente, escolheu o nome que utiliza at\u00e9 os dias atuais. \u00a0<em>\u00a0<\/em><\/p>\n\n\n<figure class=\"wp-block-image size-large is-resized\"><img loading=\"lazy\" decoding=\"async\" src=\"https:\/\/historiadofutebol.com\/blog\/wp-content\/uploads\/2022\/06\/ACE-500x263.jpg\" alt=\"\" class=\"wp-image-125946\" width=\"654\" height=\"344\" srcset=\"https:\/\/historiadofutebol.com\/blog\/wp-content\/uploads\/2022\/06\/ACE-500x263.jpg 500w, https:\/\/historiadofutebol.com\/blog\/wp-content\/uploads\/2022\/06\/ACE-300x158.jpg 300w, https:\/\/historiadofutebol.com\/blog\/wp-content\/uploads\/2022\/06\/ACE-768x404.jpg 768w, https:\/\/historiadofutebol.com\/blog\/wp-content\/uploads\/2022\/06\/ACE-624x328.jpg 624w, https:\/\/historiadofutebol.com\/blog\/wp-content\/uploads\/2022\/06\/ACE.jpg 1110w\" sizes=\"auto, (max-width: 654px) 100vw, 654px\" \/><\/figure>\n\n\n\n<p>Uma d\u00e9cada depois, se filiou na <strong><em>Federa\u00e7\u00e3o Cearense de Futebol (FCF)<\/em><\/strong>, em <strong><em>1985<\/em><\/strong>, a fim de disputar <em>torneios amadores<\/em>. Com sucesso, em <strong><em>1987<\/em><\/strong> inscreve-se para a disputa da seletiva, equivalente ao <strong><em>Campeonato Cearense da 2\u00aa Divis\u00e3o<\/em><\/strong>, terminando na <strong><em>3\u00aa posi\u00e7\u00e3o<\/em><\/strong>.<\/p>\n\n\n\n<p>Depois, no mesmo ano, participou do <strong><em>Torneio Vale do Curu<\/em><\/strong>, ficando em <strong><em>3\u00ba lugar<\/em><\/strong>. Sete anos depois, retornou para disputar o <strong><em>Campeonato Cearense da 3\u00aa Divis\u00e3o<\/em><\/strong>, de <strong>1994<\/strong>, fechando a sua participa\u00e7\u00e3o na <strong><em>6\u00aa coloca\u00e7\u00e3o<\/em><\/strong>, na classifica\u00e7\u00e3o geral.<\/p>\n\n\n\n<p>Atualmente, o <strong><em>Cearazinho de Paracuru<\/em><\/strong> tem grande tradi\u00e7\u00e3o no munic\u00edpio, onde possui <strong>cinco t\u00edtulos<\/strong>, al\u00e9m de ter revelados v\u00e1rios craques, como <em>Jorge Veras<\/em>, com passagens pelo <strong><em>Fortaleza\/CE<\/em><\/strong>, <strong><em>Cear\u00e1\/CE<\/em><\/strong>, <strong><em>Crici\u00fama\/SC<\/em><\/strong>, <strong><em>Gr\u00eamio Foot-Ball Porto Alegrense<\/em><\/strong> e <strong><em>ABC\/RN<\/em><\/strong>, entre outros.<\/p>\n\n\n\n<p><strong><em><u>FOTO<\/u><\/em><\/strong><strong><em>:<\/em><\/strong><em> Acervo de Croinha Barbosa<\/em><\/p>\n\n\n\n<p><strong><em><u>FONTES<\/u><\/em><\/strong><strong><em>:<\/em><\/strong><em> Otaciano Melo &#8211; Wikip\u00e9dia &#8211; Futebol Nacional<\/em><\/p>\n","protected":false},"excerpt":{"rendered":"<p>O Associa\u00e7\u00e3o Esportiva Cearazinho \u00e9 uma agremia\u00e7\u00e3o do munic\u00edpio de Paracuru (popula\u00e7\u00e3o de cerca de 32 mil habitantes), que fica a 87 km da capital (Fortaleza) do estado do Cear\u00e1. A sua Sede Social est\u00e1 localizada na Rua Capit\u00e3o Jo\u00e3o Moreira, s\/n, \u00a0no Centro de Paracuru. A equipe mandava os seus jogos no Est\u00e1dio Ribeir\u00e3o, [&hellip;]<\/p>\n","protected":false},"author":55,"featured_media":0,"comment_status":"open","ping_status":"closed","sticky":false,"template":"","format":"standard","meta":{"footnotes":""},"categories":[203,531,32,83,59,345,3],"tags":[],"class_list":["post-20381","post","type-post","status-publish","format-standard","hentry","category-sergio-mello","category-carencias","category-ceara","category-x9-curiosidades","category-escudos","category-fotos-historicas","category-historia-do-futebol"],"_links":{"self":[{"href":"https:\/\/historiadofutebol.com\/blog\/index.php?rest_route=\/wp\/v2\/posts\/20381","targetHints":{"allow":["GET"]}}],"collection":[{"href":"https:\/\/historiadofutebol.com\/blog\/index.php?rest_route=\/wp\/v2\/posts"}],"about":[{"href":"https:\/\/historiadofutebol.com\/blog\/index.php?rest_route=\/wp\/v2\/types\/post"}],"author":[{"embeddable":true,"href":"https:\/\/historiadofutebol.com\/blog\/index.php?rest_route=\/wp\/v2\/users\/55"}],"replies":[{"embeddable":true,"href":"https:\/\/historiadofutebol.com\/blog\/index.php?rest_route=%2Fwp%2Fv2%2Fcomments&post=20381"}],"version-history":[{"count":8,"href":"https:\/\/historiadofutebol.com\/blog\/index.php?rest_route=\/wp\/v2\/posts\/20381\/revisions"}],"predecessor-version":[{"id":125948,"href":"https:\/\/historiadofutebol.com\/blog\/index.php?rest_route=\/wp\/v2\/posts\/20381\/revisions\/125948"}],"wp:attachment":[{"href":"https:\/\/historiadofutebol.com\/blog\/index.php?rest_route=%2Fwp%2Fv2%2Fmedia&parent=20381"}],"wp:term":[{"taxonomy":"category","embeddable":true,"href":"https:\/\/historiadofutebol.com\/blog\/index.php?rest_route=%2Fwp%2Fv2%2Fcategories&post=20381"},{"taxonomy":"post_tag","embeddable":true,"href":"https:\/\/historiadofutebol.com\/blog\/index.php?rest_route=%2Fwp%2Fv2%2Ftags&post=20381"}],"curies":[{"name":"wp","href":"https:\/\/api.w.org\/{rel}","templated":true}]}}