{"id":20377,"date":"2011-09-15T01:09:43","date_gmt":"2011-09-15T04:09:43","guid":{"rendered":"https:\/\/historiadofutebol.com\/blog\/?p=20377"},"modified":"2022-06-21T01:12:31","modified_gmt":"2022-06-21T04:12:31","slug":"gremio-de-aracaju-em-primeira-mao","status":"publish","type":"post","link":"https:\/\/historiadofutebol.com\/blog\/?p=20377","title":{"rendered":"FB Gr\u00eamio de Aracaju (SE)"},"content":{"rendered":"<p><a href=\"https:\/\/historiadofutebol.com\/blog\/?attachment_id=20378\" rel=\"attachment wp-att-20378\"><img loading=\"lazy\" decoding=\"async\" class=\"size-full wp-image-20378 aligncenter\" title=\"gremio fc aracaju se\" src=\"https:\/\/historiadofutebol.com\/blog\/wp-content\/uploads\/2011\/09\/gremio-fc-aracaju-se.jpg\" alt=\"\" width=\"222\" height=\"222\" srcset=\"https:\/\/historiadofutebol.com\/blog\/wp-content\/uploads\/2011\/09\/gremio-fc-aracaju-se.jpg 222w, https:\/\/historiadofutebol.com\/blog\/wp-content\/uploads\/2011\/09\/gremio-fc-aracaju-se-150x150.jpg 150w\" sizes=\"auto, (max-width: 222px) 100vw, 222px\" \/><\/a><\/p>\n<p>E em homenagem \u00a0ao aniversario do <strong><em>Tricolor Ga\u00facho<\/em><\/strong>,\u00a0 surgiu em <strong><em>1988<\/em><\/strong>, <strong><em>Gr\u00eamio de Aracaju<\/em><\/strong>. Filiado a <strong><em>Federa\u00e7\u00e3o Sergipana de Futebol (FSF)<\/em><\/strong>, a equipe disputa somente competi\u00e7\u00f5es amadoras e categorias de base.\u00a0<\/p>\n\n\n<p><em><strong>FONTE: <\/strong>Federa\u00e7\u00e3o Sergipana de Futebol (FSF)<\/em><\/p>\n","protected":false},"excerpt":{"rendered":"<p>E em homenagem \u00a0ao aniversario do Tricolor Ga\u00facho,\u00a0 surgiu em 1988, Gr\u00eamio de Aracaju. Filiado a Federa\u00e7\u00e3o Sergipana de Futebol (FSF), a equipe disputa somente competi\u00e7\u00f5es amadoras e categorias de base.\u00a0 FONTE: Federa\u00e7\u00e3o Sergipana de Futebol (FSF)<\/p>\n","protected":false},"author":55,"featured_media":0,"comment_status":"open","ping_status":"closed","sticky":false,"template":"","format":"standard","meta":{"footnotes":""},"categories":[203,83,59,3,52],"tags":[],"class_list":["post-20377","post","type-post","status-publish","format-standard","hentry","category-sergio-mello","category-x9-curiosidades","category-escudos","category-historia-do-futebol","category-sergipe"],"_links":{"self":[{"href":"https:\/\/historiadofutebol.com\/blog\/index.php?rest_route=\/wp\/v2\/posts\/20377","targetHints":{"allow":["GET"]}}],"collection":[{"href":"https:\/\/historiadofutebol.com\/blog\/index.php?rest_route=\/wp\/v2\/posts"}],"about":[{"href":"https:\/\/historiadofutebol.com\/blog\/index.php?rest_route=\/wp\/v2\/types\/post"}],"author":[{"embeddable":true,"href":"https:\/\/historiadofutebol.com\/blog\/index.php?rest_route=\/wp\/v2\/users\/55"}],"replies":[{"embeddable":true,"href":"https:\/\/historiadofutebol.com\/blog\/index.php?rest_route=%2Fwp%2Fv2%2Fcomments&post=20377"}],"version-history":[{"count":4,"href":"https:\/\/historiadofutebol.com\/blog\/index.php?rest_route=\/wp\/v2\/posts\/20377\/revisions"}],"predecessor-version":[{"id":125951,"href":"https:\/\/historiadofutebol.com\/blog\/index.php?rest_route=\/wp\/v2\/posts\/20377\/revisions\/125951"}],"wp:attachment":[{"href":"https:\/\/historiadofutebol.com\/blog\/index.php?rest_route=%2Fwp%2Fv2%2Fmedia&parent=20377"}],"wp:term":[{"taxonomy":"category","embeddable":true,"href":"https:\/\/historiadofutebol.com\/blog\/index.php?rest_route=%2Fwp%2Fv2%2Fcategories&post=20377"},{"taxonomy":"post_tag","embeddable":true,"href":"https:\/\/historiadofutebol.com\/blog\/index.php?rest_route=%2Fwp%2Fv2%2Ftags&post=20377"}],"curies":[{"name":"wp","href":"https:\/\/api.w.org\/{rel}","templated":true}]}}