{"id":20365,"date":"2011-09-15T00:35:20","date_gmt":"2011-09-15T03:35:20","guid":{"rendered":"https:\/\/historiadofutebol.com\/blog\/?p=20365"},"modified":"2015-07-05T03:57:37","modified_gmt":"2015-07-05T06:57:37","slug":"gdr-vasco-da-gama-vila-guilherme","status":"publish","type":"post","link":"https:\/\/historiadofutebol.com\/blog\/?p=20365","title":{"rendered":"GDR VASCO DA GAMA &#8211; VILA GUILHERME"},"content":{"rendered":"<div id=\"attachment_20366\" style=\"width: 418px\" class=\"wp-caption alignnone\"><img loading=\"lazy\" decoding=\"async\" aria-describedby=\"caption-attachment-20366\" class=\"alignleft size-large wp-image-74166\" src=\"https:\/\/historiadofutebol.com\/blog\/wp-content\/uploads\/2011\/09\/0001-408x500.jpg\" alt=\"\" width=\"408\" height=\"500\" srcset=\"https:\/\/historiadofutebol.com\/blog\/wp-content\/uploads\/2011\/09\/0001-408x500.jpg 408w, https:\/\/historiadofutebol.com\/blog\/wp-content\/uploads\/2011\/09\/0001-245x300.jpg 245w, https:\/\/historiadofutebol.com\/blog\/wp-content\/uploads\/2011\/09\/0001.jpg 570w\" sizes=\"auto, (max-width: 408px) 100vw, 408px\" \/><img loading=\"lazy\" decoding=\"async\" aria-describedby=\"caption-attachment-20366\" class=\"size-medium wp-image-20366\" src=\"https:\/\/historiadofutebol.com\/blog\/wp-content\/uploads\/2011\/09\/VASCO-DA-GAMA-Vila-Guilherme-285x300.jpg\" alt=\"GDR VASCO DA GAMA - Vila Guilherme\" width=\"285\" height=\"300\" srcset=\"https:\/\/historiadofutebol.com\/blog\/wp-content\/uploads\/2011\/09\/VASCO-DA-GAMA-Vila-Guilherme-285x300.jpg 285w, https:\/\/historiadofutebol.com\/blog\/wp-content\/uploads\/2011\/09\/VASCO-DA-GAMA-Vila-Guilherme.jpg 304w\" sizes=\"auto, (max-width: 285px) 100vw, 285px\" \/><p id=\"caption-attachment-20366\" class=\"wp-caption-text\">GDR VASCO DA GAMA - Vila Guilherme<\/p><\/div>\n<p>&nbsp;<\/p>\n<p>GR\u00caMIO DRAM\u00c1TICO RECREATIVO VASCO DA GAMA<\/p>\n<p>FUNDA\u00c7\u00c3O &#8211; 15-11-1923<\/p>\n<p>BAIRRO &#8211; VILA GUILHERME<\/p>\n<p>ZONA NORTE<\/p>\n<p>S\u00c3O PAULO &#8211; CAPITAL<\/p>\n","protected":false},"excerpt":{"rendered":"<p>&nbsp; GR\u00caMIO DRAM\u00c1TICO RECREATIVO VASCO DA GAMA FUNDA\u00c7\u00c3O &#8211; 15-11-1923 BAIRRO &#8211; VILA GUILHERME ZONA NORTE S\u00c3O PAULO &#8211; CAPITAL<\/p>\n","protected":false},"author":47,"featured_media":0,"comment_status":"open","ping_status":"closed","sticky":false,"template":"","format":"standard","meta":{"footnotes":""},"categories":[203,189,59,118,3,51],"tags":[],"class_list":["post-20365","post","type-post","status-publish","format-standard","hentry","category-sergio-mello","category-toninho-sereno","category-escudos","category-futebol-amador-varzeano","category-historia-do-futebol","category-sao-paulo"],"_links":{"self":[{"href":"https:\/\/historiadofutebol.com\/blog\/index.php?rest_route=\/wp\/v2\/posts\/20365","targetHints":{"allow":["GET"]}}],"collection":[{"href":"https:\/\/historiadofutebol.com\/blog\/index.php?rest_route=\/wp\/v2\/posts"}],"about":[{"href":"https:\/\/historiadofutebol.com\/blog\/index.php?rest_route=\/wp\/v2\/types\/post"}],"author":[{"embeddable":true,"href":"https:\/\/historiadofutebol.com\/blog\/index.php?rest_route=\/wp\/v2\/users\/47"}],"replies":[{"embeddable":true,"href":"https:\/\/historiadofutebol.com\/blog\/index.php?rest_route=%2Fwp%2Fv2%2Fcomments&post=20365"}],"version-history":[{"count":3,"href":"https:\/\/historiadofutebol.com\/blog\/index.php?rest_route=\/wp\/v2\/posts\/20365\/revisions"}],"predecessor-version":[{"id":74167,"href":"https:\/\/historiadofutebol.com\/blog\/index.php?rest_route=\/wp\/v2\/posts\/20365\/revisions\/74167"}],"wp:attachment":[{"href":"https:\/\/historiadofutebol.com\/blog\/index.php?rest_route=%2Fwp%2Fv2%2Fmedia&parent=20365"}],"wp:term":[{"taxonomy":"category","embeddable":true,"href":"https:\/\/historiadofutebol.com\/blog\/index.php?rest_route=%2Fwp%2Fv2%2Fcategories&post=20365"},{"taxonomy":"post_tag","embeddable":true,"href":"https:\/\/historiadofutebol.com\/blog\/index.php?rest_route=%2Fwp%2Fv2%2Ftags&post=20365"}],"curies":[{"name":"wp","href":"https:\/\/api.w.org\/{rel}","templated":true}]}}