{"id":20007,"date":"2011-08-31T13:45:08","date_gmt":"2011-08-31T16:45:08","guid":{"rendered":"https:\/\/historiadofutebol.com\/blog\/?p=20007"},"modified":"2025-01-25T02:43:01","modified_gmt":"2025-01-25T05:43:01","slug":"flamengo-em-criciuma","status":"publish","type":"post","link":"https:\/\/historiadofutebol.com\/blog\/?p=20007","title":{"rendered":"Flamengo em Crici\u00fama"},"content":{"rendered":"<p><img loading=\"lazy\" decoding=\"async\" class=\"aligncenter\" src=\"http:\/\/www.clicrbs.com.br\/rbs\/image\/11883139.jpg\" alt=\"\" width=\"400\" height=\"236\" \/><br \/>A reinaugura\u00e7\u00e3o do Est\u00e1dio Euvaldo Lodi, do Metropol, s\u00f3 poderia ser com a presen\u00e7a do Flamengo. E o Rubro-Negro trouxe ao Sul de Santa Catarina um time cheio de nomes famosos. Venceu por 5 a 0, numa tarde memor\u00e1vel. Na foto, da esquerda para a direita, parte da equipe que atuou na d\u00e9cada de 1960: Amauri, Bab\u00e1, Carlinhos, Jordan, Dida, Joel, Jadir e Gerson.<\/p>\n<p><em><strong>Fonte:<\/strong> DC<\/em><\/p>\n\n\n<p><\/p>\n","protected":false},"excerpt":{"rendered":"<p>A reinaugura\u00e7\u00e3o do Est\u00e1dio Euvaldo Lodi, do Metropol, s\u00f3 poderia ser com a presen\u00e7a do Flamengo. E o Rubro-Negro trouxe ao Sul de Santa Catarina um time cheio de nomes famosos. Venceu por 5 a 0, numa tarde memor\u00e1vel. Na foto, da esquerda para a direita, parte da equipe que atuou na d\u00e9cada de 1960: [&hellip;]<\/p>\n","protected":false},"author":55,"featured_media":0,"comment_status":"open","ping_status":"closed","sticky":false,"template":"","format":"standard","meta":{"footnotes":""},"categories":[203,47,50],"tags":[],"class_list":["post-20007","post","type-post","status-publish","format-standard","hentry","category-sergio-mello","category-rio-de-janeiro","category-santa-catarina"],"_links":{"self":[{"href":"https:\/\/historiadofutebol.com\/blog\/index.php?rest_route=\/wp\/v2\/posts\/20007","targetHints":{"allow":["GET"]}}],"collection":[{"href":"https:\/\/historiadofutebol.com\/blog\/index.php?rest_route=\/wp\/v2\/posts"}],"about":[{"href":"https:\/\/historiadofutebol.com\/blog\/index.php?rest_route=\/wp\/v2\/types\/post"}],"author":[{"embeddable":true,"href":"https:\/\/historiadofutebol.com\/blog\/index.php?rest_route=\/wp\/v2\/users\/55"}],"replies":[{"embeddable":true,"href":"https:\/\/historiadofutebol.com\/blog\/index.php?rest_route=%2Fwp%2Fv2%2Fcomments&post=20007"}],"version-history":[{"count":2,"href":"https:\/\/historiadofutebol.com\/blog\/index.php?rest_route=\/wp\/v2\/posts\/20007\/revisions"}],"predecessor-version":[{"id":134369,"href":"https:\/\/historiadofutebol.com\/blog\/index.php?rest_route=\/wp\/v2\/posts\/20007\/revisions\/134369"}],"wp:attachment":[{"href":"https:\/\/historiadofutebol.com\/blog\/index.php?rest_route=%2Fwp%2Fv2%2Fmedia&parent=20007"}],"wp:term":[{"taxonomy":"category","embeddable":true,"href":"https:\/\/historiadofutebol.com\/blog\/index.php?rest_route=%2Fwp%2Fv2%2Fcategories&post=20007"},{"taxonomy":"post_tag","embeddable":true,"href":"https:\/\/historiadofutebol.com\/blog\/index.php?rest_route=%2Fwp%2Fv2%2Ftags&post=20007"}],"curies":[{"name":"wp","href":"https:\/\/api.w.org\/{rel}","templated":true}]}}