{"id":1948,"date":"2007-11-21T21:56:45","date_gmt":"2007-11-22T00:56:45","guid":{"rendered":"http:\/\/blog.soccerlogos.com.br\/2007\/11\/21\/mudanca-no-escudo-do-adesgac\/"},"modified":"2010-01-25T01:36:29","modified_gmt":"2010-01-25T03:36:29","slug":"mudanca-no-escudo-do-adesgac","status":"publish","type":"post","link":"https:\/\/historiadofutebol.com\/blog\/?p=1948","title":{"rendered":"Mudan\u00e7a no escudo do ADESG\/AC"},"content":{"rendered":"<p>Prezados,<\/p>\n<p>O Escudo do ADESG mudou nesta temporada.<\/p>\n<p>Alg\u00faem possui este escudo mais n\u00edtido?<\/p>\n<p>Voc\u00eas podem notar que agora existe um le\u00e3o no centro, a sigla na parte superior (existe um outro texto logo abaixo da sigla que n\u00e3o identifiquei. Parece ser &#8220;Associa\u00e7\u00e3o Desportiva&#8221;) e na parte inferior o nome da cidade: Senador Guimar.<\/p>\n<p>[img:Sem_t__tulo_2c__pia.jpg,full,centralizado]<\/p>\n","protected":false},"excerpt":{"rendered":"<p>Prezados, O Escudo do ADESG mudou nesta temporada. Alg\u00faem possui este escudo mais n\u00edtido? Voc\u00eas podem notar que agora existe um le\u00e3o no centro, a sigla na parte superior (existe um outro texto logo abaixo da sigla que n\u00e3o identifiquei. Parece ser &#8220;Associa\u00e7\u00e3o Desportiva&#8221;) e na parte inferior o nome da cidade: Senador Guimar. [img:Sem_t__tulo_2c__pia.jpg,full,centralizado]<\/p>\n","protected":false},"author":2,"featured_media":0,"comment_status":"open","ping_status":"closed","sticky":false,"template":"","format":"standard","meta":{"footnotes":""},"categories":[100,28,68,59],"tags":[],"class_list":["post-1948","post","type-post","status-publish","format-standard","hentry","category-gerson-rodrigues","category-acre","category-blog-historia-do-futebol","category-escudos"],"_links":{"self":[{"href":"https:\/\/historiadofutebol.com\/blog\/index.php?rest_route=\/wp\/v2\/posts\/1948","targetHints":{"allow":["GET"]}}],"collection":[{"href":"https:\/\/historiadofutebol.com\/blog\/index.php?rest_route=\/wp\/v2\/posts"}],"about":[{"href":"https:\/\/historiadofutebol.com\/blog\/index.php?rest_route=\/wp\/v2\/types\/post"}],"author":[{"embeddable":true,"href":"https:\/\/historiadofutebol.com\/blog\/index.php?rest_route=\/wp\/v2\/users\/2"}],"replies":[{"embeddable":true,"href":"https:\/\/historiadofutebol.com\/blog\/index.php?rest_route=%2Fwp%2Fv2%2Fcomments&post=1948"}],"version-history":[{"count":2,"href":"https:\/\/historiadofutebol.com\/blog\/index.php?rest_route=\/wp\/v2\/posts\/1948\/revisions"}],"predecessor-version":[{"id":3120,"href":"https:\/\/historiadofutebol.com\/blog\/index.php?rest_route=\/wp\/v2\/posts\/1948\/revisions\/3120"}],"wp:attachment":[{"href":"https:\/\/historiadofutebol.com\/blog\/index.php?rest_route=%2Fwp%2Fv2%2Fmedia&parent=1948"}],"wp:term":[{"taxonomy":"category","embeddable":true,"href":"https:\/\/historiadofutebol.com\/blog\/index.php?rest_route=%2Fwp%2Fv2%2Fcategories&post=1948"},{"taxonomy":"post_tag","embeddable":true,"href":"https:\/\/historiadofutebol.com\/blog\/index.php?rest_route=%2Fwp%2Fv2%2Ftags&post=1948"}],"curies":[{"name":"wp","href":"https:\/\/api.w.org\/{rel}","templated":true}]}}