{"id":18504,"date":"2011-07-20T17:39:12","date_gmt":"2011-07-20T20:39:12","guid":{"rendered":"https:\/\/historiadofutebol.com\/blog\/?p=18504"},"modified":"2011-07-20T17:39:14","modified_gmt":"2011-07-20T20:39:14","slug":"uniformes-galvez-f-c-ac","status":"publish","type":"post","link":"https:\/\/historiadofutebol.com\/blog\/?p=18504","title":{"rendered":"UNIFORMES &#8211; GALVEZ F.C.\/AC"},"content":{"rendered":"<p>SEGUE OS UNIFORMES DO GALVEZ F.C..<\/p>\n<p><a rel=\"attachment wp-att-18507\" href=\"https:\/\/historiadofutebol.com\/blog\/?attachment_id=18507\"><img loading=\"lazy\" decoding=\"async\" class=\"aligncenter size-thumbnail wp-image-18507\" title=\"galveZ_esporte_clube\" src=\"https:\/\/historiadofutebol.com\/blog\/wp-content\/uploads\/2011\/07\/galveZ_esporte_clube-150x150.jpg\" alt=\"\" width=\"150\" height=\"150\" \/><\/a><br \/>\n<strong>&#8220;Uniformes levam as cores e s\u00edmbolos da bandeira e hist\u00f3ria acreana.<\/strong><\/p>\n<p><strong>S\u00e1b, 16 de Julho de 2011 23:07<br \/>\n<\/strong><\/p>\n<p>A Pol\u00edcia Militar realizou na manh\u00e3 de ontem (15), no Quartel do Comando Geral, um caf\u00e9 da manh\u00e3 para a apresenta\u00e7\u00e3o dos uniformes da equipe representante na segunda divis\u00e3o<\/p>\n<p>do Campeonato Acreano de Futebol, o time Galvez Esporte Clube, composto apenas por policiais e bombeiros militares.<br \/>\nO evento conta com a presen\u00e7a de todos os comandantes de batalh\u00f5es da capital, al\u00e9m da diretoria, comiss\u00e3o t\u00e9cnica e jogadores da equipe. O uniforme titular ser\u00e1 na cor verde, o reserva na cor vermelha e o amarelo, destinado a comiss\u00e3o t\u00e9cnica.<br \/>\n<a rel=\"attachment wp-att-18505\" href=\"https:\/\/historiadofutebol.com\/blog\/?attachment_id=18505\"><img loading=\"lazy\" decoding=\"async\" class=\"aligncenter size-medium wp-image-18505\" title=\"GALVEZ1E2\" src=\"https:\/\/historiadofutebol.com\/blog\/wp-content\/uploads\/2011\/07\/GALVEZ1E2-300x196.jpg\" alt=\"\" width=\"300\" height=\"196\" srcset=\"https:\/\/historiadofutebol.com\/blog\/wp-content\/uploads\/2011\/07\/GALVEZ1E2-300x196.jpg 300w, https:\/\/historiadofutebol.com\/blog\/wp-content\/uploads\/2011\/07\/GALVEZ1E2-500x328.jpg 500w, https:\/\/historiadofutebol.com\/blog\/wp-content\/uploads\/2011\/07\/GALVEZ1E2.jpg 1024w\" sizes=\"auto, (max-width: 300px) 100vw, 300px\" \/><\/a><\/p>\n<p style=\"text-align: center;\">UNIFORMES 1 E 2<\/p>\n<p>O vice presidente da equipe, o coronel Esp\u00edndola explica que as cores fazem alus\u00e3o a\u00a0 bandeira acreana. O escudo, no lado esquerdo da camisa. possui uma coroa em refer\u00eancia ao patrono do Acre, o Imperador Galvez, e a estrela vermelha, s\u00edmbolo das lutas do nosso povo, um gavi\u00e3o real atacando uma bola, e duas armas cruzadas simbolizando a pol\u00edcia militar do estado. \u201cNosso uniforme tem muitos significados, esperamos que nossos atletas possam incorporar isso e que essa energia possa nos ajudar para uma campanha vitoriosa.\u201d Disse o coronel.<br \/>\nPara o t\u00e9cnico, o subtenente James, apesar do pouco tempo de treinamento, a equipe est\u00e1 preparada f\u00edsica e tecnicamente\u00a0 para a competi\u00e7\u00e3o, e seus atletas est\u00e3o devidamente motivados e ansiosos para a estr\u00e9ia.<\/p>\n<p style=\"text-align: center;\"><a rel=\"attachment wp-att-18506\" href=\"https:\/\/historiadofutebol.com\/blog\/?attachment_id=18506\"><img loading=\"lazy\" decoding=\"async\" class=\"aligncenter size-medium wp-image-18506\" title=\"GALVEZCT\" src=\"https:\/\/historiadofutebol.com\/blog\/wp-content\/uploads\/2011\/07\/GALVEZCT-300x216.jpg\" alt=\"\" width=\"300\" height=\"216\" srcset=\"https:\/\/historiadofutebol.com\/blog\/wp-content\/uploads\/2011\/07\/GALVEZCT-300x216.jpg 300w, https:\/\/historiadofutebol.com\/blog\/wp-content\/uploads\/2011\/07\/GALVEZCT-500x360.jpg 500w, https:\/\/historiadofutebol.com\/blog\/wp-content\/uploads\/2011\/07\/GALVEZCT.jpg 1024w\" sizes=\"auto, (max-width: 300px) 100vw, 300px\" \/><\/a>COMISS\u00c3O T\u00c9CNICA<\/p>\n<p><a href=\"http:\/\/www.pm.ac.gov.br\/images\/stories\/imagens_2011\/IMG_2998.jpg\" target=\"_blank\"><\/a>O Galvez estr\u00e9ia nesse domingo (17), \u00e0s 16 horas contra a equipe do Andir\u00e1 no Florest\u00e3o localizado na BR 364 no bairro Floresta, o comando da pol\u00edcia militar convida todos os policiais militares de folga e seus familiares a torcerem pela equipe nesse novo desafio.&#8221;<\/p>\n<p><em>Higor Oliveira &#8211; Assessoria de Imprensa PMAC<\/em><\/p>\n<p><em><a href=\"http:\/\/www.pm.ac.gov.br\/index.php?option=com_content&amp;view=article&amp;id=470:pmac-apresenta-uniforme-do-galvez-esporte-clube&amp;catid=1:ultimas-noticias&amp;Itemid=1\">http:\/\/www.pm.ac.gov.br\/index.php?option=com_content&amp;view=article&amp;id=470:pmac-apresenta-uniforme-do-galvez-esporte-clube&amp;catid=1:ultimas-noticias&amp;Itemid=1<\/a><br \/>\n<\/em><\/p>\n<p>&nbsp;<\/p>\n","protected":false},"excerpt":{"rendered":"<p>SEGUE OS UNIFORMES DO GALVEZ F.C.. &#8220;Uniformes levam as cores e s\u00edmbolos da bandeira e hist\u00f3ria acreana. S\u00e1b, 16 de Julho de 2011 23:07 A Pol\u00edcia Militar realizou na manh\u00e3 de ontem (15), no Quartel do Comando Geral, um caf\u00e9 da manh\u00e3 para a apresenta\u00e7\u00e3o dos uniformes da equipe representante na segunda divis\u00e3o do Campeonato [&hellip;]<\/p>\n","protected":false},"author":15,"featured_media":0,"comment_status":"open","ping_status":"closed","sticky":false,"template":"","format":"standard","meta":{"footnotes":""},"categories":[132,28,83,59],"tags":[],"class_list":["post-18504","post","type-post","status-publish","format-standard","hentry","category-rodrigo-oliveira","category-acre","category-x9-curiosidades","category-escudos"],"_links":{"self":[{"href":"https:\/\/historiadofutebol.com\/blog\/index.php?rest_route=\/wp\/v2\/posts\/18504","targetHints":{"allow":["GET"]}}],"collection":[{"href":"https:\/\/historiadofutebol.com\/blog\/index.php?rest_route=\/wp\/v2\/posts"}],"about":[{"href":"https:\/\/historiadofutebol.com\/blog\/index.php?rest_route=\/wp\/v2\/types\/post"}],"author":[{"embeddable":true,"href":"https:\/\/historiadofutebol.com\/blog\/index.php?rest_route=\/wp\/v2\/users\/15"}],"replies":[{"embeddable":true,"href":"https:\/\/historiadofutebol.com\/blog\/index.php?rest_route=%2Fwp%2Fv2%2Fcomments&post=18504"}],"version-history":[{"count":2,"href":"https:\/\/historiadofutebol.com\/blog\/index.php?rest_route=\/wp\/v2\/posts\/18504\/revisions"}],"predecessor-version":[{"id":18509,"href":"https:\/\/historiadofutebol.com\/blog\/index.php?rest_route=\/wp\/v2\/posts\/18504\/revisions\/18509"}],"wp:attachment":[{"href":"https:\/\/historiadofutebol.com\/blog\/index.php?rest_route=%2Fwp%2Fv2%2Fmedia&parent=18504"}],"wp:term":[{"taxonomy":"category","embeddable":true,"href":"https:\/\/historiadofutebol.com\/blog\/index.php?rest_route=%2Fwp%2Fv2%2Fcategories&post=18504"},{"taxonomy":"post_tag","embeddable":true,"href":"https:\/\/historiadofutebol.com\/blog\/index.php?rest_route=%2Fwp%2Fv2%2Ftags&post=18504"}],"curies":[{"name":"wp","href":"https:\/\/api.w.org\/{rel}","templated":true}]}}