{"id":1765,"date":"2009-01-16T11:11:00","date_gmt":"2009-01-16T13:11:00","guid":{"rendered":"http:\/\/blog.cacellain.com.br\/2009\/01\/16\/noticia-triste-faleceu-geraldo-blota-o-famoso-gb\/"},"modified":"2009-01-16T11:11:00","modified_gmt":"2009-01-16T13:11:00","slug":"noticia-triste-faleceu-geraldo-blota-o-famoso-gb","status":"publish","type":"post","link":"https:\/\/historiadofutebol.com\/blog\/?p=1765","title":{"rendered":"Noticia Triste &#8211; Faleceu Geraldo Blota &#8211; o famoso GB"},"content":{"rendered":"<p>Amigos faleceu ontem 15 de janeiro na capital Paulista o reporter de campo Geraldo Blota o &#8220;GB&#8221; aos 83 anos, para quem nao se lembra dele o primeiro reporter que entra dentro do gol e consegue o primeiro depoimento apos Pel\u00e9 marcar o gol 1000, era reporter da r\u00e1dio Panamerica e trabalhou muitos anos  na Mesa Redonda da \u00e9poca dos antigos narradores e comentaristas da TV Gazeta de S\u00e3o Paulo nos aureos tempos. Assim fazemos aqui uma homenagem a t\u00e3o ilustre pessoa.<br \/>\nBreve hist\u00f3rico<br \/>\nNascido em Ribeir\u00e3o Bonito, interior do estado, e irm\u00e3o de Blota J\u00fanior, Geraldo, fan\u00e1tico corintiano, marcou \u00e9poca nas r\u00e1dios Jovem Pan e Tupi e nas TVs Record e Gazeta, trabalhou at\u00e9 1992. Pai de seis filhos, tamb\u00e9m foi vereador de S\u00e3o Paulo.<\/p>\n<p>fonte &#8211; arquivos pessoais.<\/p>\n","protected":false},"excerpt":{"rendered":"<p>Amigos faleceu ontem 15 de janeiro na capital Paulista o reporter de campo Geraldo Blota o &#8220;GB&#8221; aos 83 anos, para quem nao se lembra dele o primeiro reporter que entra dentro do gol e consegue o primeiro depoimento apos Pel\u00e9 marcar o gol 1000, era reporter da r\u00e1dio Panamerica e trabalhou muitos anos na [&hellip;]<\/p>\n","protected":false},"author":26,"featured_media":0,"comment_status":"open","ping_status":"closed","sticky":false,"template":"","format":"standard","meta":{"footnotes":""},"categories":[121],"tags":[],"class_list":["post-1765","post","type-post","status-publish","format-standard","hentry","category-jorge-farah"],"_links":{"self":[{"href":"https:\/\/historiadofutebol.com\/blog\/index.php?rest_route=\/wp\/v2\/posts\/1765","targetHints":{"allow":["GET"]}}],"collection":[{"href":"https:\/\/historiadofutebol.com\/blog\/index.php?rest_route=\/wp\/v2\/posts"}],"about":[{"href":"https:\/\/historiadofutebol.com\/blog\/index.php?rest_route=\/wp\/v2\/types\/post"}],"author":[{"embeddable":true,"href":"https:\/\/historiadofutebol.com\/blog\/index.php?rest_route=\/wp\/v2\/users\/26"}],"replies":[{"embeddable":true,"href":"https:\/\/historiadofutebol.com\/blog\/index.php?rest_route=%2Fwp%2Fv2%2Fcomments&post=1765"}],"version-history":[{"count":0,"href":"https:\/\/historiadofutebol.com\/blog\/index.php?rest_route=\/wp\/v2\/posts\/1765\/revisions"}],"wp:attachment":[{"href":"https:\/\/historiadofutebol.com\/blog\/index.php?rest_route=%2Fwp%2Fv2%2Fmedia&parent=1765"}],"wp:term":[{"taxonomy":"category","embeddable":true,"href":"https:\/\/historiadofutebol.com\/blog\/index.php?rest_route=%2Fwp%2Fv2%2Fcategories&post=1765"},{"taxonomy":"post_tag","embeddable":true,"href":"https:\/\/historiadofutebol.com\/blog\/index.php?rest_route=%2Fwp%2Fv2%2Ftags&post=1765"}],"curies":[{"name":"wp","href":"https:\/\/api.w.org\/{rel}","templated":true}]}}