{"id":1705,"date":"2009-04-27T13:39:32","date_gmt":"2009-04-27T15:39:32","guid":{"rendered":"http:\/\/blog.cacellain.com.br\/2009\/04\/27\/sobre-a-segundona-acreana\/"},"modified":"2010-01-23T15:10:12","modified_gmt":"2010-01-23T17:10:12","slug":"sobre-a-segundona-acreana","status":"publish","type":"post","link":"https:\/\/historiadofutebol.com\/blog\/?p=1705","title":{"rendered":"Sobre a Segundona Acreana"},"content":{"rendered":"<p>Muito se fala sobre a queda de equipes para uma Segunda Divis\u00e3o do Campeonato Estadual Acreano Profissional. Na \u00faltima semana at\u00e9 mesmo ouviu-se falar em virada de mesa, o que foi descartada pelo presidente da Federa\u00e7\u00e3o de Futebol do Acre (FFAC), o advogado e empres\u00e1rio Ant\u00f4nio Aquino.<\/p>\n<p>Se a autoridade m\u00e1xima do futebol acreano confirmou a realiza\u00e7\u00e3o de uma segunda divis\u00e3o, confirmou tamb\u00e9m que s\u00f3 haver\u00e1 uma divis\u00e3o de acesso caso existam equipes suficientes. No caso de apenas quatro equipes se inscreverem, haver\u00e1 apenas uma equipe rebaixada, por\u00e9m se houver cinco ou mais equipes inscritas, duas mais dever\u00e3o ser rebaixadas.<\/p>\n<p>Duas equipes tentaram suas inscri\u00e7\u00f5es para participar ainda em 2009 da Primeira Divis\u00e3o, o Cruzeiro FC (Cruzeiro do Sul) e o Amaz\u00f4nia (Rio Branco), por\u00e9m acabaram ficando para disputar a Segundona. Na \u00faltima semana duas outras equipes buscaram a Federa\u00e7\u00e3o para se inteirar sobre os documentos necess\u00e1rios para participar, o Flamenguinho (Bujari) e Bangu (Senador Guiomard).<\/p>\n<p>Flamenguinho deu entrada em parte da documenta\u00e7\u00e3o na Federa\u00e7\u00e3o.<br \/>\nArticula\u00e7\u00f5es pol\u00edticas d\u00e3o conta de que uma equipe de Sena Madureira e outra de Epitaciol\u00e2ndia pretendem entrar no futebol profissional, por\u00e9m a Federa\u00e7\u00e3o disse n\u00e3o ter sido contatado por ningu\u00e9m destes dois munic\u00edpios oficialmente.<\/p>\n<p>Uma quinta equipe chegou a ser cogitada para participar da Segundona, o Acre FC, no entanto seu presidente, Jo\u00e3o Salom\u00e3o, descartou a participa\u00e7\u00e3o. \u201cNossa entrada no futebol dependia de um projeto da abertura da licita\u00e7\u00e3o do Arena da Floresta e uma parceria com o Atl\u00e9tico (PR), mas agora ficou sem previs\u00e3o\u201d, disse Salom\u00e3o. \u201cPor\u00e9m n\u00e3o estamos afastados totalmente do futebol, s\u00f3 n\u00e3o iremos participar este ano da Segunda\u201d.<\/p>\n<p>Ant\u00f4nio Aquino lembrou as equipes interessadas em se fi-liar na Federa\u00e7\u00e3o que existem, al\u00e9m das documenta\u00e7\u00f5es exigidas, tr\u00eas taxas a serem pagas. A de filia\u00e7\u00e3o da Confedera\u00e7\u00e3o Brasileira de Futebol (que era de R$ 6.000 e agora passou a ser de R$ 10.000), a de filia\u00e7\u00e3o na Federa\u00e7\u00e3o Acreana (R$ 10.000) e uma que \u00e9 anual para cada clube (R$ 1.200).<\/p>\n<p>O Amaz\u00f4nia FC confirmou que independente de quais forem as taxas, ir\u00e1 participar da Segunda Divis\u00e3o em 2009. \u201cMuitas equipes buscam se filiar na Segunda, mas quando ficam sabendo das documenta\u00e7\u00f5es e os empecilhos acabam desistindo\u201d, explicou Marcelo Ribeiro, o \u201cBujica\u201d, vice-presidente do Amaz\u00f4nia. \u201cA cria\u00e7\u00e3o da Segunda foi uma motiva\u00e7\u00e3o para o futebol acreano e independente de quais taxas seja, iremos participar, mas caso n\u00e3o tenha a Segunda vamos pleitear a entrada em 2010 para a 1\u00aa Divis\u00e3o\u201d, disse.<\/p>\n<p>O que se sabe ao certo \u00e9 que n\u00e3o existe a certeza da realiza\u00e7\u00e3o da Segunda Divis\u00e3o caso n\u00e3o se tenha o n\u00famero m\u00ednimo de equipes para sua realiza\u00e7\u00e3o, ou seja, quatro equipes mais uma para cair (Pl\u00e1cido de Castro), ou ainda, cinco ou mais equipes, al\u00e9m de duas a ca\u00edrem (Pl\u00e1cido e Independ\u00eancia). Outro fator a ser avaliado \u00e9 que n\u00e3o existe nenhuma promessa do Governo do Estado para apoiar esta rec\u00e9m-criada divis\u00e3o de acesso, o que deixaria a cargo de cada equipe os gastos com material, sal\u00e1-rios e transportes, al\u00e9m da arbitragem. O que ficaria a cargo das equipes e o que ficaria a cargo da Federa\u00e7\u00e3o \u00e9 um fator a ser negociado entre as duas partes em reuni\u00e3o a ser realizada ap\u00f3s a confirma\u00e7\u00e3o da divis\u00e3o.<\/p>\n<p>Fonte: Ramiro Marcelo, Jornal A Gazeta do Acre<\/p>\n","protected":false},"excerpt":{"rendered":"<p>Muito se fala sobre a queda de equipes para uma Segunda Divis\u00e3o do Campeonato Estadual Acreano Profissional. Na \u00faltima semana at\u00e9 mesmo ouviu-se falar em virada de mesa, o que foi descartada pelo presidente da Federa\u00e7\u00e3o de Futebol do Acre (FFAC), o advogado e empres\u00e1rio Ant\u00f4nio Aquino. Se a autoridade m\u00e1xima do futebol acreano confirmou [&hellip;]<\/p>\n","protected":false},"author":2,"featured_media":0,"comment_status":"open","ping_status":"closed","sticky":false,"template":"","format":"standard","meta":{"footnotes":""},"categories":[100,28],"tags":[],"class_list":["post-1705","post","type-post","status-publish","format-standard","hentry","category-gerson-rodrigues","category-acre"],"_links":{"self":[{"href":"https:\/\/historiadofutebol.com\/blog\/index.php?rest_route=\/wp\/v2\/posts\/1705","targetHints":{"allow":["GET"]}}],"collection":[{"href":"https:\/\/historiadofutebol.com\/blog\/index.php?rest_route=\/wp\/v2\/posts"}],"about":[{"href":"https:\/\/historiadofutebol.com\/blog\/index.php?rest_route=\/wp\/v2\/types\/post"}],"author":[{"embeddable":true,"href":"https:\/\/historiadofutebol.com\/blog\/index.php?rest_route=\/wp\/v2\/users\/2"}],"replies":[{"embeddable":true,"href":"https:\/\/historiadofutebol.com\/blog\/index.php?rest_route=%2Fwp%2Fv2%2Fcomments&post=1705"}],"version-history":[{"count":2,"href":"https:\/\/historiadofutebol.com\/blog\/index.php?rest_route=\/wp\/v2\/posts\/1705\/revisions"}],"predecessor-version":[{"id":5369,"href":"https:\/\/historiadofutebol.com\/blog\/index.php?rest_route=\/wp\/v2\/posts\/1705\/revisions\/5369"}],"wp:attachment":[{"href":"https:\/\/historiadofutebol.com\/blog\/index.php?rest_route=%2Fwp%2Fv2%2Fmedia&parent=1705"}],"wp:term":[{"taxonomy":"category","embeddable":true,"href":"https:\/\/historiadofutebol.com\/blog\/index.php?rest_route=%2Fwp%2Fv2%2Fcategories&post=1705"},{"taxonomy":"post_tag","embeddable":true,"href":"https:\/\/historiadofutebol.com\/blog\/index.php?rest_route=%2Fwp%2Fv2%2Ftags&post=1705"}],"curies":[{"name":"wp","href":"https:\/\/api.w.org\/{rel}","templated":true}]}}