{"id":16880,"date":"2011-06-16T16:36:51","date_gmt":"2011-06-16T19:36:51","guid":{"rendered":"https:\/\/historiadofutebol.com\/blog\/?p=16880"},"modified":"2012-06-30T20:33:00","modified_gmt":"2012-06-30T23:33:00","slug":"futebol-para-que","status":"publish","type":"post","link":"https:\/\/historiadofutebol.com\/blog\/?p=16880","title":{"rendered":"FUTEBOL PARA QUE?"},"content":{"rendered":"<p>A arena a ser constru\u00edda nos arredores de Recife tem todos os motivos para existir, segundo pol\u00edticos e dirigentes locais, menos um: o futebol.<br \/>\nRecife tem tr\u00eas equipes tradicionais, cada uma com est\u00e1dio pr\u00f3prio: Santa Cruz o Arruda, Sport a Ilha do Retiro e o N\u00e1utico o Aflitos. Ainda assim, o governo local optou por construir uma nova arena, aproximadamente 11 km do centro da cidade, para a Copa do Mundo de 2014.<br \/>\nO projeto ainda n\u00e3o tem nome, a ser definido pelo consorcio liderado pela construtora Odebrecht, o Internacional Stadia Group (ISG) e a AEG Facilities.<br \/>\nA revista ESPN procurou o arquiteto Daniel Fernandes para falar dos pormenores da obra e recebeu a informa\u00e7\u00e3o de que a construtora proibiu os envolvidos de se manifestarem at\u00e9 que tenha obtido todas as libera\u00e7\u00f5es para a constru\u00e7\u00e3o. O local escolhido \u00e9 pouco habitado, mas, ainda assim, foi preciso desapropriar casas para demarcar o terreno.<br \/>\nO gerente geral do Programa Estadual de Parcerias P\u00fablico-Privadas de Pernambuco, Silvio Bompastor, d\u00e1 a real medida do significado da obra: ela tem pouco a ver com o futebol. A constru\u00e7\u00e3o da \u201cArena Recife\u201d, como vem sendo chamada provisoriamente, \u00e9 uma forma de \u201ctransformar um planejamento com horizonte de 20 anos em investimentos concentrados em tr\u00eas anos\u201d, explica Bompastor. H\u00e1 um senso comum no Recife de que a constru\u00e7\u00e3o da arena a oeste da capital, em S\u00e3o Louren\u00e7o da Mata, \u00e9 uma forma de urbanizar o \u00fanico lado para o qual a regi\u00e3o metropolitana ainda pode crescer. Por isso, as perguntas at\u00e9 s\u00e3o sobre o est\u00e1dio, mas as respostas s\u00e3o todas sobre a infra-estrutura urbana, principalmente obras vi\u00e1rias, de amplia\u00e7\u00e3o de rodovia \u00e0 extens\u00e3o da linha do metr\u00f4.\u00a0 O investimento estimado \u00e9 de R$ 530 milh\u00f5es, obtidos por meio do sistema de PPP, como empr\u00e9stimo do Banco Nacional do Desenvolvimento (BNDES). O Governo de Pernambuco ainda estima gastar R$ 8 bilh\u00f5es em infra-estrutura. A resist\u00eancia em admitir que o est\u00e1dio possa virar um \u201celefante branco\u201d ao fim da Copa traz \u00e0 tona uma justificativa pouco elaborada: os est\u00e1dios existentes n\u00e3o atendem aas demandas da FIFA. Ponto final. O Arruda, que teria capacidade suficiente (60 mil assentos, acima dos 40 mil exigidos), foi imediatamente descartado por \u201cdificuldade de acesso\u201d. A Ilha do Retiro deve ser transformada em uma arena no futuro, mas o Sport ainda analisa os projetos que solicitou, sem se preocupar com os prazos da Copa.<br \/>\nO est\u00e1dio dos Aflitos precisa ter a capacidade duplicada. Dos tr\u00eas clubes, s\u00f3 o N\u00e1utico diz claramente ter interesse em jogar ali. A quest\u00e3o \u00e9 que a conta n\u00e3o fecha.<br \/>\n\u201cEntendemos que obter\u00edamos menos dinheiro com ingresso. Uma coisa \u00e9 ir at\u00e9 o centro para ver jogo, \u00e9 mais f\u00e1cil. Outra \u00e9 ir a um lugar distante, outro n\u00edvel de torcedor\u201d, diz o vice-presidente jur\u00eddico do clube, Ivan Rocha. Para a conta fechar, seria preciso ter acesso a outras fontes de receita como bares, restaurantes e publicidade. Para tanto, ser\u00e1 necess\u00e1rio negociar com o consorcio: \u201cEstamos esperando propostas\u201d, diz Rocha, mesmo discurso do presidente do Santa Cruz, Fernando Bezerra. Embora considere a possibilidade de negocia\u00e7\u00e3o, Bezerra diz que \u00e9 impens\u00e1vel abrir Mao do Arruda. Sobre a real necessidade de uma nova arena, mant\u00e9m a linha adotada por dirigentes e pol\u00edticos: \u201c\u00c9 pagina virada, j\u00e1 est\u00e1 a\u00ed e \u00e9 importante para que n\u00f3s possamos receber a Copa\u201d. No caso de nenhum clube adotar a arena, o relat\u00f3rio de viabilidade da obra mostra que seria preciso ter ao menos cinco shows e um jogo da Sele\u00e7\u00e3o a cada dois anos para que a arena se pagasse durante a concess\u00e3o de 30 anos. Em abril de 2010, aconteceu o \u00faltimo grande show no Recife, do Megadeth, banda de Heavy Metal que teve seu auge no come\u00e7o da d\u00e9cada de 90 e levou 3 mil pessoas ao Clube Portugu\u00eas.<\/p>\n","protected":false},"excerpt":{"rendered":"<p>A arena a ser constru\u00edda nos arredores de Recife tem todos os motivos para existir, segundo pol\u00edticos e dirigentes locais, menos um: o futebol. Recife tem tr\u00eas equipes tradicionais, cada uma com est\u00e1dio pr\u00f3prio: Santa Cruz o Arruda, Sport a Ilha do Retiro e o N\u00e1utico o Aflitos. Ainda assim, o governo local optou por [&hellip;]<\/p>\n","protected":false},"author":25,"featured_media":0,"comment_status":"open","ping_status":"closed","sticky":false,"template":"","format":"standard","meta":{"footnotes":""},"categories":[210,83,3],"tags":[],"class_list":["post-16880","post","type-post","status-publish","format-standard","hentry","category-gilvanir-alves","category-x9-curiosidades","category-historia-do-futebol"],"_links":{"self":[{"href":"https:\/\/historiadofutebol.com\/blog\/index.php?rest_route=\/wp\/v2\/posts\/16880","targetHints":{"allow":["GET"]}}],"collection":[{"href":"https:\/\/historiadofutebol.com\/blog\/index.php?rest_route=\/wp\/v2\/posts"}],"about":[{"href":"https:\/\/historiadofutebol.com\/blog\/index.php?rest_route=\/wp\/v2\/types\/post"}],"author":[{"embeddable":true,"href":"https:\/\/historiadofutebol.com\/blog\/index.php?rest_route=\/wp\/v2\/users\/25"}],"replies":[{"embeddable":true,"href":"https:\/\/historiadofutebol.com\/blog\/index.php?rest_route=%2Fwp%2Fv2%2Fcomments&post=16880"}],"version-history":[{"count":3,"href":"https:\/\/historiadofutebol.com\/blog\/index.php?rest_route=\/wp\/v2\/posts\/16880\/revisions"}],"predecessor-version":[{"id":16883,"href":"https:\/\/historiadofutebol.com\/blog\/index.php?rest_route=\/wp\/v2\/posts\/16880\/revisions\/16883"}],"wp:attachment":[{"href":"https:\/\/historiadofutebol.com\/blog\/index.php?rest_route=%2Fwp%2Fv2%2Fmedia&parent=16880"}],"wp:term":[{"taxonomy":"category","embeddable":true,"href":"https:\/\/historiadofutebol.com\/blog\/index.php?rest_route=%2Fwp%2Fv2%2Fcategories&post=16880"},{"taxonomy":"post_tag","embeddable":true,"href":"https:\/\/historiadofutebol.com\/blog\/index.php?rest_route=%2Fwp%2Fv2%2Ftags&post=16880"}],"curies":[{"name":"wp","href":"https:\/\/api.w.org\/{rel}","templated":true}]}}