{"id":16252,"date":"2011-05-11T19:25:37","date_gmt":"2011-05-11T22:25:37","guid":{"rendered":"https:\/\/historiadofutebol.com\/blog\/?p=16252"},"modified":"2011-05-11T19:30:55","modified_gmt":"2011-05-11T22:30:55","slug":"mafra-atletico-clube-sc","status":"publish","type":"post","link":"https:\/\/historiadofutebol.com\/blog\/?p=16252","title":{"rendered":"Mafra Atl\u00e9tico Clube &#8211; SC"},"content":{"rendered":"<p>Nas d\u00e9cadas de 1970 e\u00a01980, uma epidemia\u00a0varreu o futebol de Santa Catarina. Buscando conseguir recursos da prefeituras e sob a justificativa de agregar torcedores rivais em torno de um clube \u00fanico, muitos clubes alteraram a denomina\u00e7\u00e3o, adotaram o nome da cidade ou o gent\u00edlico municipal. Novas agremia\u00e7\u00f5es tamb\u00e9m nasceram.<\/p>\n<p>O campeonato catarinense tornou-se uma verdadeiro Cidade x Cidade. At\u00e9 em Florian\u00f3polis cogitou a fus\u00e3o do rivais Ava\u00ed e Figueirense. Na \u00e9poca, os clubes atravassavam uma fase ruim. Diziam que unindo os dois n\u00e3o dava um. Mas esta fase passou.<\/p>\n<p>O Juventus virou Rio do Sul. Am\u00e9rica e Caxias\u00a0deram origem ao Joinville. O mesmo ocorreu com Paysandu e Carlos Renaux fazendo\u00a0surgir o Brusque.<\/p>\n<p>O Kindermann virou Ca\u00e7adorense. A Chapecoense\u00a0nasceu em Chapec\u00f3 e o Joa\u00e7aba recebeu o nome da cidade. O Palmeiras transformou-se no Blumenau. O Comerci\u00e1rio passou a ser o Crici\u00fama.<\/p>\n<p>At\u00e9 Laguna, Ararangu\u00e1, Canoinhas, Conc\u00f3rdia&#8230;foram contaminadas pelo v\u00edrus.<\/p>\n<p>O Oper\u00e1rio Futebol Clube adotou a denomina\u00e7\u00e3o de Mafra Atl\u00e9tico Clube, mas o escudo do clube ainda provoca d\u00favidas. Era preto e branco ou tinha as cores da cidade (tenho a lembran\u00e7a de\u00a0assistir um jogo entre Ava\u00ed e Mafra no est\u00e1dio Adolfo Konder em 1980. O uniforme\u00a0mafrense era parecido com o do Fluminense, mas nas cores do Taquaritinga\/SP &#8211; preto, vermelho e verde).<\/p>\n<p>Encontrei este escudo originalmente em preto e branco (jornal A Not\u00edcia), mas acredito que as faixas verticais eram em cores.<\/p>\n<p><img loading=\"lazy\" decoding=\"async\" class=\"aligncenter size-medium wp-image-16253\" title=\"DSC04456\" src=\"https:\/\/historiadofutebol.com\/blog\/wp-content\/uploads\/2011\/05\/DSC04456-300x297.jpg\" alt=\"DSC04456\" width=\"159\" height=\"133\" \/><\/p>\n<p>Fonte: jornal A Not\u00edcia<\/p>\n","protected":false},"excerpt":{"rendered":"<p>Nas d\u00e9cadas de 1970 e\u00a01980, uma epidemia\u00a0varreu o futebol de Santa Catarina. Buscando conseguir recursos da prefeituras e sob a justificativa de agregar torcedores rivais em torno de um clube \u00fanico, muitos clubes alteraram a denomina\u00e7\u00e3o, adotaram o nome da cidade ou o gent\u00edlico municipal. Novas agremia\u00e7\u00f5es tamb\u00e9m nasceram. O campeonato catarinense tornou-se uma verdadeiro [&hellip;]<\/p>\n","protected":false},"author":16,"featured_media":0,"comment_status":"open","ping_status":"closed","sticky":false,"template":"","format":"standard","meta":{"footnotes":""},"categories":[116,59,50],"tags":[],"class_list":["post-16252","post","type-post","status-publish","format-standard","hentry","category-adalberto-kluser","category-escudos","category-santa-catarina"],"_links":{"self":[{"href":"https:\/\/historiadofutebol.com\/blog\/index.php?rest_route=\/wp\/v2\/posts\/16252","targetHints":{"allow":["GET"]}}],"collection":[{"href":"https:\/\/historiadofutebol.com\/blog\/index.php?rest_route=\/wp\/v2\/posts"}],"about":[{"href":"https:\/\/historiadofutebol.com\/blog\/index.php?rest_route=\/wp\/v2\/types\/post"}],"author":[{"embeddable":true,"href":"https:\/\/historiadofutebol.com\/blog\/index.php?rest_route=\/wp\/v2\/users\/16"}],"replies":[{"embeddable":true,"href":"https:\/\/historiadofutebol.com\/blog\/index.php?rest_route=%2Fwp%2Fv2%2Fcomments&post=16252"}],"version-history":[{"count":3,"href":"https:\/\/historiadofutebol.com\/blog\/index.php?rest_route=\/wp\/v2\/posts\/16252\/revisions"}],"predecessor-version":[{"id":16255,"href":"https:\/\/historiadofutebol.com\/blog\/index.php?rest_route=\/wp\/v2\/posts\/16252\/revisions\/16255"}],"wp:attachment":[{"href":"https:\/\/historiadofutebol.com\/blog\/index.php?rest_route=%2Fwp%2Fv2%2Fmedia&parent=16252"}],"wp:term":[{"taxonomy":"category","embeddable":true,"href":"https:\/\/historiadofutebol.com\/blog\/index.php?rest_route=%2Fwp%2Fv2%2Fcategories&post=16252"},{"taxonomy":"post_tag","embeddable":true,"href":"https:\/\/historiadofutebol.com\/blog\/index.php?rest_route=%2Fwp%2Fv2%2Ftags&post=16252"}],"curies":[{"name":"wp","href":"https:\/\/api.w.org\/{rel}","templated":true}]}}