{"id":16247,"date":"2011-05-11T18:58:15","date_gmt":"2011-05-11T21:58:15","guid":{"rendered":"https:\/\/historiadofutebol.com\/blog\/?p=16247"},"modified":"2011-05-11T19:33:21","modified_gmt":"2011-05-11T22:33:21","slug":"clubes-de-santa-catarina-flor-da-serra-fc","status":"publish","type":"post","link":"https:\/\/historiadofutebol.com\/blog\/?p=16247","title":{"rendered":"Clubes de Santa Catarina &#8211; Flor da Serra FC"},"content":{"rendered":"<p>Este \u00e9 o Flor da Serra Futebol Clube,\u00a0fundado em 28 de janeiro de 1962, em Herval do Oeste.<\/p>\n<p>O clube possui o est\u00e1dio Jos\u00e9 Gemelli situado na comunidade denominada Sede Bel\u00e9m. Participa anualmente da Supercopa R\u00e1dio Catarinense, que re\u00fane clubes de Catanduvas, Lacerd\u00f3polis, Joa\u00e7aba, Herval do Oeste e outras cidades da regi\u00e3o.<\/p>\n<p><img loading=\"lazy\" decoding=\"async\" class=\"aligncenter size-medium wp-image-16248\" title=\"flor da serra\" src=\"https:\/\/historiadofutebol.com\/blog\/wp-content\/uploads\/2011\/05\/flor-da-serra-300x199.jpg\" alt=\"flor da serra\" width=\"324\" height=\"224\" \/><\/p>\n<p><img loading=\"lazy\" decoding=\"async\" class=\"aligncenter size-full wp-image-16249\" title=\"DSC00779\" src=\"https:\/\/historiadofutebol.com\/blog\/wp-content\/uploads\/2011\/05\/DSC00779.JPG\" alt=\"DSC00779\" width=\"176\" height=\"173\" \/><\/p>\n<p>Fonte: acervo do autor e fotos\u00a0extra\u00eddas do\u00a0blog\u00a0do clube.<\/p>\n","protected":false},"excerpt":{"rendered":"<p>Este \u00e9 o Flor da Serra Futebol Clube,\u00a0fundado em 28 de janeiro de 1962, em Herval do Oeste. O clube possui o est\u00e1dio Jos\u00e9 Gemelli situado na comunidade denominada Sede Bel\u00e9m. Participa anualmente da Supercopa R\u00e1dio Catarinense, que re\u00fane clubes de Catanduvas, Lacerd\u00f3polis, Joa\u00e7aba, Herval do Oeste e outras cidades da regi\u00e3o. Fonte: acervo do [&hellip;]<\/p>\n","protected":false},"author":16,"featured_media":0,"comment_status":"open","ping_status":"closed","sticky":false,"template":"","format":"standard","meta":{"footnotes":""},"categories":[116,118,50],"tags":[],"class_list":["post-16247","post","type-post","status-publish","format-standard","hentry","category-adalberto-kluser","category-futebol-amador-varzeano","category-santa-catarina"],"_links":{"self":[{"href":"https:\/\/historiadofutebol.com\/blog\/index.php?rest_route=\/wp\/v2\/posts\/16247","targetHints":{"allow":["GET"]}}],"collection":[{"href":"https:\/\/historiadofutebol.com\/blog\/index.php?rest_route=\/wp\/v2\/posts"}],"about":[{"href":"https:\/\/historiadofutebol.com\/blog\/index.php?rest_route=\/wp\/v2\/types\/post"}],"author":[{"embeddable":true,"href":"https:\/\/historiadofutebol.com\/blog\/index.php?rest_route=\/wp\/v2\/users\/16"}],"replies":[{"embeddable":true,"href":"https:\/\/historiadofutebol.com\/blog\/index.php?rest_route=%2Fwp%2Fv2%2Fcomments&post=16247"}],"version-history":[{"count":3,"href":"https:\/\/historiadofutebol.com\/blog\/index.php?rest_route=\/wp\/v2\/posts\/16247\/revisions"}],"predecessor-version":[{"id":16251,"href":"https:\/\/historiadofutebol.com\/blog\/index.php?rest_route=\/wp\/v2\/posts\/16247\/revisions\/16251"}],"wp:attachment":[{"href":"https:\/\/historiadofutebol.com\/blog\/index.php?rest_route=%2Fwp%2Fv2%2Fmedia&parent=16247"}],"wp:term":[{"taxonomy":"category","embeddable":true,"href":"https:\/\/historiadofutebol.com\/blog\/index.php?rest_route=%2Fwp%2Fv2%2Fcategories&post=16247"},{"taxonomy":"post_tag","embeddable":true,"href":"https:\/\/historiadofutebol.com\/blog\/index.php?rest_route=%2Fwp%2Fv2%2Ftags&post=16247"}],"curies":[{"name":"wp","href":"https:\/\/api.w.org\/{rel}","templated":true}]}}