{"id":15726,"date":"2011-04-02T10:39:31","date_gmt":"2011-04-02T13:39:31","guid":{"rendered":"https:\/\/historiadofutebol.com\/blog\/?p=15726"},"modified":"2011-04-02T10:39:31","modified_gmt":"2011-04-02T13:39:31","slug":"clubes-e-selecao-sao-banidos-do-futebol","status":"publish","type":"post","link":"https:\/\/historiadofutebol.com\/blog\/?p=15726","title":{"rendered":"Clubes e sele\u00e7\u00e3o s\u00e3o banidos do futebol"},"content":{"rendered":"<p><img loading=\"lazy\" decoding=\"async\" class=\"alignnone\" src=\"http:\/\/www.soccerlogos.com.br\/ExibeImagem.asp?img=\\escudos\\bosnia.jpg\" alt=\"\" width=\"150\" height=\"150\" \/><br \/>\nA Fifa e a Uefa decidiram banir a B\u00f3snia do futebol mundial porque a  federa\u00e7\u00e3o do pa\u00eds se recusou a mudar o estatuto. O futebol do pa\u00eds \u00e9  comandado por um regime de tr\u00eas presidentes, como ocorre com o governo  b\u00f3snio. Os cartolas s\u00e3o escolhidos com base em seu perfil \u00e9tnico. A Fifa  e a Uefa exigiram o fim deste rod\u00edzio, mas n\u00e3o foram atendidas.<\/p>\n<p>Fonte: DC<\/p>\n","protected":false},"excerpt":{"rendered":"<p>A Fifa e a Uefa decidiram banir a B\u00f3snia do futebol mundial porque a federa\u00e7\u00e3o do pa\u00eds se recusou a mudar o estatuto. O futebol do pa\u00eds \u00e9 comandado por um regime de tr\u00eas presidentes, como ocorre com o governo b\u00f3snio. Os cartolas s\u00e3o escolhidos com base em seu perfil \u00e9tnico. A Fifa e a [&hellip;]<\/p>\n","protected":false},"author":13,"featured_media":0,"comment_status":"open","ping_status":"closed","sticky":false,"template":"","format":"standard","meta":{"footnotes":""},"categories":[98,71],"tags":[],"class_list":["post-15726","post","type-post","status-publish","format-standard","hentry","category-michel","category-g4-uefa"],"_links":{"self":[{"href":"https:\/\/historiadofutebol.com\/blog\/index.php?rest_route=\/wp\/v2\/posts\/15726","targetHints":{"allow":["GET"]}}],"collection":[{"href":"https:\/\/historiadofutebol.com\/blog\/index.php?rest_route=\/wp\/v2\/posts"}],"about":[{"href":"https:\/\/historiadofutebol.com\/blog\/index.php?rest_route=\/wp\/v2\/types\/post"}],"author":[{"embeddable":true,"href":"https:\/\/historiadofutebol.com\/blog\/index.php?rest_route=\/wp\/v2\/users\/13"}],"replies":[{"embeddable":true,"href":"https:\/\/historiadofutebol.com\/blog\/index.php?rest_route=%2Fwp%2Fv2%2Fcomments&post=15726"}],"version-history":[{"count":1,"href":"https:\/\/historiadofutebol.com\/blog\/index.php?rest_route=\/wp\/v2\/posts\/15726\/revisions"}],"predecessor-version":[{"id":15727,"href":"https:\/\/historiadofutebol.com\/blog\/index.php?rest_route=\/wp\/v2\/posts\/15726\/revisions\/15727"}],"wp:attachment":[{"href":"https:\/\/historiadofutebol.com\/blog\/index.php?rest_route=%2Fwp%2Fv2%2Fmedia&parent=15726"}],"wp:term":[{"taxonomy":"category","embeddable":true,"href":"https:\/\/historiadofutebol.com\/blog\/index.php?rest_route=%2Fwp%2Fv2%2Fcategories&post=15726"},{"taxonomy":"post_tag","embeddable":true,"href":"https:\/\/historiadofutebol.com\/blog\/index.php?rest_route=%2Fwp%2Fv2%2Ftags&post=15726"}],"curies":[{"name":"wp","href":"https:\/\/api.w.org\/{rel}","templated":true}]}}