{"id":15579,"date":"2011-04-02T00:01:56","date_gmt":"2011-04-02T03:01:56","guid":{"rendered":"https:\/\/historiadofutebol.com\/blog\/?p=15579"},"modified":"2011-03-24T11:06:17","modified_gmt":"2011-03-24T14:06:17","slug":"memoria-paula-ramos-x-ipiranga","status":"publish","type":"post","link":"https:\/\/historiadofutebol.com\/blog\/?p=15579","title":{"rendered":"Mem\u00f3ria: Paula Ramos x Ipiranga"},"content":{"rendered":"<p><span id=\"fonte\"><img loading=\"lazy\" decoding=\"async\" class=\"alignnone\" src=\"http:\/\/www.clicrbs.com.br\/rbs\/image\/5072971.jpg\" alt=\"\" width=\"400\" height=\"281\" \/><br \/>\nNesta foto, o goleiro Jaime Destri, do Ipiranga de S\u00e3o Jos\u00e9, faz a defesa, sob o  olhar de um zagueiro do Paula Ramos, no antigo Campo da Liga, quando  ainda t\u00ednhamos a cerca que separava o torcedor do gramado. Fim da d\u00e9cada  de 1940.<\/span><\/p>\n<p>Fonte: Acervo Osni Machado<\/p>\n","protected":false},"excerpt":{"rendered":"<p>Nesta foto, o goleiro Jaime Destri, do Ipiranga de S\u00e3o Jos\u00e9, faz a defesa, sob o olhar de um zagueiro do Paula Ramos, no antigo Campo da Liga, quando ainda t\u00ednhamos a cerca que separava o torcedor do gramado. Fim da d\u00e9cada de 1940. Fonte: Acervo Osni Machado<\/p>\n","protected":false},"author":13,"featured_media":0,"comment_status":"open","ping_status":"closed","sticky":false,"template":"","format":"standard","meta":{"footnotes":""},"categories":[98,3,50],"tags":[],"class_list":["post-15579","post","type-post","status-publish","format-standard","hentry","category-michel","category-historia-do-futebol","category-santa-catarina"],"_links":{"self":[{"href":"https:\/\/historiadofutebol.com\/blog\/index.php?rest_route=\/wp\/v2\/posts\/15579","targetHints":{"allow":["GET"]}}],"collection":[{"href":"https:\/\/historiadofutebol.com\/blog\/index.php?rest_route=\/wp\/v2\/posts"}],"about":[{"href":"https:\/\/historiadofutebol.com\/blog\/index.php?rest_route=\/wp\/v2\/types\/post"}],"author":[{"embeddable":true,"href":"https:\/\/historiadofutebol.com\/blog\/index.php?rest_route=\/wp\/v2\/users\/13"}],"replies":[{"embeddable":true,"href":"https:\/\/historiadofutebol.com\/blog\/index.php?rest_route=%2Fwp%2Fv2%2Fcomments&post=15579"}],"version-history":[{"count":3,"href":"https:\/\/historiadofutebol.com\/blog\/index.php?rest_route=\/wp\/v2\/posts\/15579\/revisions"}],"predecessor-version":[{"id":15581,"href":"https:\/\/historiadofutebol.com\/blog\/index.php?rest_route=\/wp\/v2\/posts\/15579\/revisions\/15581"}],"wp:attachment":[{"href":"https:\/\/historiadofutebol.com\/blog\/index.php?rest_route=%2Fwp%2Fv2%2Fmedia&parent=15579"}],"wp:term":[{"taxonomy":"category","embeddable":true,"href":"https:\/\/historiadofutebol.com\/blog\/index.php?rest_route=%2Fwp%2Fv2%2Fcategories&post=15579"},{"taxonomy":"post_tag","embeddable":true,"href":"https:\/\/historiadofutebol.com\/blog\/index.php?rest_route=%2Fwp%2Fv2%2Ftags&post=15579"}],"curies":[{"name":"wp","href":"https:\/\/api.w.org\/{rel}","templated":true}]}}