{"id":15551,"date":"2011-03-22T12:16:37","date_gmt":"2011-03-22T15:16:37","guid":{"rendered":"https:\/\/historiadofutebol.com\/blog\/?p=15551"},"modified":"2011-03-22T12:22:49","modified_gmt":"2011-03-22T15:22:49","slug":"memorias-bec-no-velho-deba","status":"publish","type":"post","link":"https:\/\/historiadofutebol.com\/blog\/?p=15551","title":{"rendered":"Mem\u00f3ria: BEC no Velho Deba"},"content":{"rendered":"<p><img loading=\"lazy\" decoding=\"async\" class=\"alignnone\" src=\"http:\/\/www.clicrbs.com.br\/rbs\/image\/10610042.jpg\" alt=\"\" width=\"400\" height=\"241\" \/><br \/>\n<span id=\"fonte\">Para matar a saudade do futebol de Blumenau, e no antigo Est\u00e1dio Aderbal Ramos da Silva, num dos seus \u00faltimos jogos.<\/span><\/p>\n<p>No  alto, entre outros, est\u00e3o o goleiro Alexandre J\u00fanior, Ronaldo, Rog\u00e9rio  Prateat, Alem\u00e3o e Falc\u00e3o. Agachados: Edemir Ga\u00facho, Jairo, Carlinhos  Maring\u00e1, Fl\u00e1vio e Didi.<\/p>\n<p>Foto: ALEXANDRE CORR\u00caA MARCELINO<\/p>\n","protected":false},"excerpt":{"rendered":"<p>Para matar a saudade do futebol de Blumenau, e no antigo Est\u00e1dio Aderbal Ramos da Silva, num dos seus \u00faltimos jogos. No alto, entre outros, est\u00e3o o goleiro Alexandre J\u00fanior, Ronaldo, Rog\u00e9rio Prateat, Alem\u00e3o e Falc\u00e3o. Agachados: Edemir Ga\u00facho, Jairo, Carlinhos Maring\u00e1, Fl\u00e1vio e Didi. Foto: ALEXANDRE CORR\u00caA MARCELINO<\/p>\n","protected":false},"author":13,"featured_media":0,"comment_status":"open","ping_status":"closed","sticky":false,"template":"","format":"standard","meta":{"footnotes":""},"categories":[98,50],"tags":[],"class_list":["post-15551","post","type-post","status-publish","format-standard","hentry","category-michel","category-santa-catarina"],"_links":{"self":[{"href":"https:\/\/historiadofutebol.com\/blog\/index.php?rest_route=\/wp\/v2\/posts\/15551","targetHints":{"allow":["GET"]}}],"collection":[{"href":"https:\/\/historiadofutebol.com\/blog\/index.php?rest_route=\/wp\/v2\/posts"}],"about":[{"href":"https:\/\/historiadofutebol.com\/blog\/index.php?rest_route=\/wp\/v2\/types\/post"}],"author":[{"embeddable":true,"href":"https:\/\/historiadofutebol.com\/blog\/index.php?rest_route=\/wp\/v2\/users\/13"}],"replies":[{"embeddable":true,"href":"https:\/\/historiadofutebol.com\/blog\/index.php?rest_route=%2Fwp%2Fv2%2Fcomments&post=15551"}],"version-history":[{"count":3,"href":"https:\/\/historiadofutebol.com\/blog\/index.php?rest_route=\/wp\/v2\/posts\/15551\/revisions"}],"predecessor-version":[{"id":15553,"href":"https:\/\/historiadofutebol.com\/blog\/index.php?rest_route=\/wp\/v2\/posts\/15551\/revisions\/15553"}],"wp:attachment":[{"href":"https:\/\/historiadofutebol.com\/blog\/index.php?rest_route=%2Fwp%2Fv2%2Fmedia&parent=15551"}],"wp:term":[{"taxonomy":"category","embeddable":true,"href":"https:\/\/historiadofutebol.com\/blog\/index.php?rest_route=%2Fwp%2Fv2%2Fcategories&post=15551"},{"taxonomy":"post_tag","embeddable":true,"href":"https:\/\/historiadofutebol.com\/blog\/index.php?rest_route=%2Fwp%2Fv2%2Ftags&post=15551"}],"curies":[{"name":"wp","href":"https:\/\/api.w.org\/{rel}","templated":true}]}}