{"id":15248,"date":"2011-03-07T19:21:29","date_gmt":"2011-03-07T22:21:29","guid":{"rendered":"https:\/\/historiadofutebol.com\/blog\/?p=15248"},"modified":"2026-01-14T02:57:51","modified_gmt":"2026-01-14T05:57:51","slug":"associacao-atletica-comercial-mogi-das-cruzes-sp","status":"publish","type":"post","link":"https:\/\/historiadofutebol.com\/blog\/?p=15248","title":{"rendered":"Associa\u00e7\u00e3o Atl\u00e9tica Comercial &#8211; Mogi das Cruzes (SP): Fundada em 1931!"},"content":{"rendered":"<div class=\"wp-block-image\">\n<figure class=\"aligncenter size-large\"><img loading=\"lazy\" decoding=\"async\" width=\"500\" height=\"313\" src=\"https:\/\/historiadofutebol.com\/blog\/wp-content\/uploads\/2011\/03\/AAC-2-500x313.jpg\" alt=\"\" class=\"wp-image-135386\" srcset=\"https:\/\/historiadofutebol.com\/blog\/wp-content\/uploads\/2011\/03\/AAC-2-500x313.jpg 500w, https:\/\/historiadofutebol.com\/blog\/wp-content\/uploads\/2011\/03\/AAC-2-300x188.jpg 300w, https:\/\/historiadofutebol.com\/blog\/wp-content\/uploads\/2011\/03\/AAC-2-768x481.jpg 768w, https:\/\/historiadofutebol.com\/blog\/wp-content\/uploads\/2011\/03\/AAC-2-624x391.jpg 624w, https:\/\/historiadofutebol.com\/blog\/wp-content\/uploads\/2011\/03\/AAC-2.jpg 1091w\" sizes=\"auto, (max-width: 500px) 100vw, 500px\" \/><\/figure><\/div>\n\n\n<p><mark style=\"background-color:rgba(0, 0, 0, 0);color:#000000\" class=\"has-inline-color\">A <strong><em>Associa\u00e7\u00e3o Atl\u00e9tica Comercial<\/em><\/strong> \u00e9 uma agremia\u00e7\u00e3o da cidade de Mogi das Cruzes, que fica na Regi\u00e3o Metropolitana e fica a 61 km da capital do estado de S\u00e3o Paulo. A localidade conta com uma popula\u00e7\u00e3o de <em>449.955 habitantes<\/em>, segundo o <em>censo do <strong>IBGE<\/strong> (Instituto Brasileiro de <\/em><strong>Geografia e Estat\u00edstica).\u00a0<\/strong><\/mark><\/p>\n\n\n\n<p><mark style=\"background-color:rgba(0, 0, 0, 0);color:#000000\" class=\"has-inline-color\"><strong>Fundada<\/strong> <strong><em>na quarta-feira, no dia 15 de Abril de 1931<\/em><\/strong>, o clube conta com a sua <strong><em>Sede social<\/em><\/strong> e o <strong><em>Est\u00e1dio Nesclar Faria Guimar\u00e3es<\/em><\/strong>, al\u00e9m de um campo de futebol society. O clube conta ainda com churrasqueira e dois sal\u00f5es sociais, sendo um para 300 pessoas e outro para 100, situados na <strong><em>Avenida Francisco Rodrigues Filho, 1200 &#8211; Vila Mogilar, Mogi das Cruzes\/SP<\/em><\/strong>.<\/mark><\/p>\n\n\n<div class=\"wp-block-image\">\n<figure class=\"aligncenter size-large\"><img loading=\"lazy\" decoding=\"async\" width=\"418\" height=\"500\" src=\"https:\/\/historiadofutebol.com\/blog\/wp-content\/uploads\/2011\/03\/AAC-1-418x500.jpg\" alt=\"\" class=\"wp-image-135387\" srcset=\"https:\/\/historiadofutebol.com\/blog\/wp-content\/uploads\/2011\/03\/AAC-1-418x500.jpg 418w, https:\/\/historiadofutebol.com\/blog\/wp-content\/uploads\/2011\/03\/AAC-1-251x300.jpg 251w, https:\/\/historiadofutebol.com\/blog\/wp-content\/uploads\/2011\/03\/AAC-1.jpg 537w\" sizes=\"auto, (max-width: 418px) 100vw, 418px\" \/><figcaption class=\"wp-element-caption\"><strong><mark style=\"background-color:rgba(0, 0, 0, 0);color:#191a83\" class=\"has-inline-color\">Distintivo atual<\/mark><\/strong><\/figcaption><\/figure><\/div>\n\n\n<p><mark style=\"background-color:rgba(0, 0, 0, 0);color:#000000\" class=\"has-inline-color\">O <em><strong>Comercial <\/strong><\/em>\u00e9 um dos clubes mais tradicionais da cidade, com uma hist\u00f3ria de paix\u00e3o pelo futebol, e se destaca por sua forte liga\u00e7\u00e3o com a comunidade mogiana, promovendo eventos e partidas que marcam gera\u00e7\u00f5es de jogadores e torcedores no seu campo no <em><strong>bairro Mogilar<\/strong><\/em>.\u00a0<\/mark><\/p>\n\n\n\n<p><mark style=\"background-color:rgba(0, 0, 0, 0);color:#000000\" class=\"has-inline-color\">O clube frequentemente organiza jogos festivos e amistosos, envolvendo <em>categorias de base (Sub-20, Sub-14) <\/em>e equipes masters, com participa\u00e7\u00e3o de grandes nomes do futebol, como <strong><em>Corinthians<\/em><\/strong> e <strong><em>Portuguesa<\/em><\/strong>, mostrando sua relev\u00e2ncia e legado.<\/mark><\/p>\n\n\n<div class=\"wp-block-image\">\n<figure class=\"aligncenter\"><img loading=\"lazy\" decoding=\"async\" width=\"300\" height=\"286\" src=\"https:\/\/historiadofutebol.com\/blog\/wp-content\/uploads\/2011\/03\/comercial3-300x286.jpg\" alt=\"comercial3\" class=\"wp-image-15247\" srcset=\"https:\/\/historiadofutebol.com\/blog\/wp-content\/uploads\/2011\/03\/comercial3-300x286.jpg 300w, https:\/\/historiadofutebol.com\/blog\/wp-content\/uploads\/2011\/03\/comercial3-500x477.jpg 500w, https:\/\/historiadofutebol.com\/blog\/wp-content\/uploads\/2011\/03\/comercial3.jpg 704w\" sizes=\"auto, (max-width: 300px) 100vw, 300px\" \/><\/figure><\/div>\n\n\n<p class=\"has-text-align-center\"><strong><mark style=\"background-color:rgba(0, 0, 0, 0);color:#7e6815\" class=\"has-inline-color\"><em>Segue o escudo modificado.<br \/><\/em><\/mark><br \/><img loading=\"lazy\" decoding=\"async\" width=\"150\" height=\"150\" class=\"alignnone size-full wp-image-15257\" src=\"https:\/\/historiadofutebol.com\/blog\/wp-content\/uploads\/2011\/03\/comercial.jpg\" alt=\"comercial\"\/><br \/><br \/><\/strong><\/p>\n\n\n\n<p class=\"has-text-align-left\"><strong><mark style=\"background-color:rgba(0, 0, 0, 0);color:#836b12\" class=\"has-inline-color\"><em><u>FONTES<\/u>:<\/em><\/mark><\/strong><em><mark style=\"background-color:rgba(0, 0, 0, 0);color:#836b12\" class=\"has-inline-color\"> Di\u00e1rio de Mogi (SP) \u2013 P\u00e1gina do clube no Facebook<\/mark><\/em><\/p>\n","protected":false},"excerpt":{"rendered":"<p>A Associa\u00e7\u00e3o Atl\u00e9tica Comercial \u00e9 uma agremia\u00e7\u00e3o da cidade de Mogi das Cruzes, que fica na Regi\u00e3o Metropolitana e fica a 61 km da capital do estado de S\u00e3o Paulo. A localidade conta com uma popula\u00e7\u00e3o de 449.955 habitantes, segundo o censo do IBGE (Instituto Brasileiro de Geografia e Estat\u00edstica).\u00a0 Fundada na quarta-feira, no dia [&hellip;]<\/p>\n","protected":false},"author":55,"featured_media":0,"comment_status":"open","ping_status":"closed","sticky":false,"template":"","format":"standard","meta":{"footnotes":""},"categories":[203,189,68,531,926,83,59,118,3,51],"tags":[],"class_list":["post-15248","post","type-post","status-publish","format-standard","hentry","category-sergio-mello","category-toninho-sereno","category-blog-historia-do-futebol","category-carencias","category-clubes-de-futebol","category-x9-curiosidades","category-escudos","category-futebol-amador-varzeano","category-historia-do-futebol","category-sao-paulo"],"_links":{"self":[{"href":"https:\/\/historiadofutebol.com\/blog\/index.php?rest_route=\/wp\/v2\/posts\/15248","targetHints":{"allow":["GET"]}}],"collection":[{"href":"https:\/\/historiadofutebol.com\/blog\/index.php?rest_route=\/wp\/v2\/posts"}],"about":[{"href":"https:\/\/historiadofutebol.com\/blog\/index.php?rest_route=\/wp\/v2\/types\/post"}],"author":[{"embeddable":true,"href":"https:\/\/historiadofutebol.com\/blog\/index.php?rest_route=\/wp\/v2\/users\/55"}],"replies":[{"embeddable":true,"href":"https:\/\/historiadofutebol.com\/blog\/index.php?rest_route=%2Fwp%2Fv2%2Fcomments&post=15248"}],"version-history":[{"count":16,"href":"https:\/\/historiadofutebol.com\/blog\/index.php?rest_route=\/wp\/v2\/posts\/15248\/revisions"}],"predecessor-version":[{"id":135747,"href":"https:\/\/historiadofutebol.com\/blog\/index.php?rest_route=\/wp\/v2\/posts\/15248\/revisions\/135747"}],"wp:attachment":[{"href":"https:\/\/historiadofutebol.com\/blog\/index.php?rest_route=%2Fwp%2Fv2%2Fmedia&parent=15248"}],"wp:term":[{"taxonomy":"category","embeddable":true,"href":"https:\/\/historiadofutebol.com\/blog\/index.php?rest_route=%2Fwp%2Fv2%2Fcategories&post=15248"},{"taxonomy":"post_tag","embeddable":true,"href":"https:\/\/historiadofutebol.com\/blog\/index.php?rest_route=%2Fwp%2Fv2%2Ftags&post=15248"}],"curies":[{"name":"wp","href":"https:\/\/api.w.org\/{rel}","templated":true}]}}