{"id":14892,"date":"2011-02-12T17:30:10","date_gmt":"2011-02-12T19:30:10","guid":{"rendered":"https:\/\/historiadofutebol.com\/blog\/?p=14892"},"modified":"2011-02-12T17:30:10","modified_gmt":"2011-02-12T19:30:10","slug":"os-jejuns-de-titulo-do-america-no-rn","status":"publish","type":"post","link":"https:\/\/historiadofutebol.com\/blog\/?p=14892","title":{"rendered":"OS JEJUNS DE T\u00cdTULO DO AM\u00c9RICA NO RN"},"content":{"rendered":"<p>\u00a0<\/p>\n<p>Todo ano quando inicia o estadual, o torcedor americano sente que chegou o momento da temporada de t\u00edtulos voltar. O \u00faltimo t\u00edtulo do Am\u00e9rica no estadual do Rio Grande do Norte foi em 2003. De l\u00e1 para c\u00e1 s\u00e3o sete campeonatos sem conquistar o futebol potiguar. Fazendo um levantamento aponta que este \u00e9 o terceiro maior jejum de t\u00edtulos do alvirrubro Natalense, contando os campeonatos desde 1918. O maior foi o per\u00edodo entre 1932 e 1945, quando Santa Cruz de Natal e o ABC foram campe\u00f5es e o ABC chegou a decacampe\u00e3o estadual. De 1958 e 1966 tem o detalhe do clube ter sido licenciado em 1960.<\/p>\n<p>OS MAIORES PERIODOS SEM TITULO:\u00a0<\/p>\n<p>14 anos: de 1932 e 1945<\/p>\n<p>09 anos: de 1958 e 1966<\/p>\n<p>07 anos: de 2003 e 2009<\/p>\n<p>06 anos: de 1919 e 1926<\/p>\n<p>05 anos: de 1996 e 2002<\/p>\n","protected":false},"excerpt":{"rendered":"<p>\u00a0 Todo ano quando inicia o estadual, o torcedor americano sente que chegou o momento da temporada de t\u00edtulos voltar. O \u00faltimo t\u00edtulo do Am\u00e9rica no estadual do Rio Grande do Norte foi em 2003. De l\u00e1 para c\u00e1 s\u00e3o sete campeonatos sem conquistar o futebol potiguar. Fazendo um levantamento aponta que este \u00e9 o [&hellip;]<\/p>\n","protected":false},"author":33,"featured_media":0,"comment_status":"open","ping_status":"closed","sticky":false,"template":"","format":"standard","meta":{"footnotes":""},"categories":[111,45],"tags":[],"class_list":["post-14892","post","type-post","status-publish","format-standard","hentry","category-ricardo-amaral","category-rg-do-norte"],"_links":{"self":[{"href":"https:\/\/historiadofutebol.com\/blog\/index.php?rest_route=\/wp\/v2\/posts\/14892","targetHints":{"allow":["GET"]}}],"collection":[{"href":"https:\/\/historiadofutebol.com\/blog\/index.php?rest_route=\/wp\/v2\/posts"}],"about":[{"href":"https:\/\/historiadofutebol.com\/blog\/index.php?rest_route=\/wp\/v2\/types\/post"}],"author":[{"embeddable":true,"href":"https:\/\/historiadofutebol.com\/blog\/index.php?rest_route=\/wp\/v2\/users\/33"}],"replies":[{"embeddable":true,"href":"https:\/\/historiadofutebol.com\/blog\/index.php?rest_route=%2Fwp%2Fv2%2Fcomments&post=14892"}],"version-history":[{"count":2,"href":"https:\/\/historiadofutebol.com\/blog\/index.php?rest_route=\/wp\/v2\/posts\/14892\/revisions"}],"predecessor-version":[{"id":14895,"href":"https:\/\/historiadofutebol.com\/blog\/index.php?rest_route=\/wp\/v2\/posts\/14892\/revisions\/14895"}],"wp:attachment":[{"href":"https:\/\/historiadofutebol.com\/blog\/index.php?rest_route=%2Fwp%2Fv2%2Fmedia&parent=14892"}],"wp:term":[{"taxonomy":"category","embeddable":true,"href":"https:\/\/historiadofutebol.com\/blog\/index.php?rest_route=%2Fwp%2Fv2%2Fcategories&post=14892"},{"taxonomy":"post_tag","embeddable":true,"href":"https:\/\/historiadofutebol.com\/blog\/index.php?rest_route=%2Fwp%2Fv2%2Ftags&post=14892"}],"curies":[{"name":"wp","href":"https:\/\/api.w.org\/{rel}","templated":true}]}}