{"id":136220,"date":"2026-04-25T18:51:14","date_gmt":"2026-04-25T21:51:14","guid":{"rendered":"https:\/\/historiadofutebol.com\/blog\/?p=136220"},"modified":"2026-04-25T18:53:08","modified_gmt":"2026-04-25T21:53:08","slug":"escudo-raro-de-1927-real-grandeza-football-club-rio-de-janeiro-rj","status":"publish","type":"post","link":"https:\/\/historiadofutebol.com\/blog\/?p=136220","title":{"rendered":"Escudo raro de 1927: Real Grandeza Football Club \u2013 Rio de Janeiro (RJ)"},"content":{"rendered":"<div class=\"wp-block-image\">\n<figure class=\"aligncenter size-large\"><img loading=\"lazy\" decoding=\"async\" width=\"500\" height=\"334\" src=\"https:\/\/historiadofutebol.com\/blog\/wp-content\/uploads\/2026\/04\/RGFC-500x334.jpg\" alt=\"\" class=\"wp-image-136222\" srcset=\"https:\/\/historiadofutebol.com\/blog\/wp-content\/uploads\/2026\/04\/RGFC-500x334.jpg 500w, https:\/\/historiadofutebol.com\/blog\/wp-content\/uploads\/2026\/04\/RGFC-300x200.jpg 300w, https:\/\/historiadofutebol.com\/blog\/wp-content\/uploads\/2026\/04\/RGFC-768x512.jpg 768w, https:\/\/historiadofutebol.com\/blog\/wp-content\/uploads\/2026\/04\/RGFC-624x416.jpg 624w, https:\/\/historiadofutebol.com\/blog\/wp-content\/uploads\/2026\/04\/RGFC.jpg 1034w\" sizes=\"auto, (max-width: 500px) 100vw, 500px\" \/><\/figure><\/div>\n\n\n<h2 class=\"wp-block-heading\"><em><mark style=\"background-color:rgba(0, 0, 0, 0);color:#141aa1\" class=\"has-inline-color\">Por S\u00e9rgio Mello<\/mark><\/em><\/h2>\n\n\n\n<p><mark style=\"background-color:rgba(0, 0, 0, 0);color:#000000\" class=\"has-inline-color\">O&nbsp;<strong><em>Real Grandeza Football Club<\/em><\/strong>&nbsp;foi uma agremia\u00e7\u00e3o da cidade do Rio de Janeiro (RJ). A sua&nbsp;<strong><em>Sede<\/em><\/strong>&nbsp;ficava localizada na&nbsp;<em>Travessa Oliveira, n\u00ba 27, no<\/em>&nbsp;<em>Bairro de Botafogo, na Zona Sul do Rio<\/em>. Nos anos 30, o clube se transferiu para a&nbsp;<em>Rua Real Grandeza, n\u00ba 243, tamb\u00e9m em Botafogo<\/em>.<\/mark><\/p>\n\n\n\n<p><mark style=\"background-color:rgba(0, 0, 0, 0);color:#000000\" class=\"has-inline-color\">O\u00a0<strong><em>clube Alvianil<\/em><\/strong>\u00a0foi\u00a0<strong><em>Fundado no domingo, do dia 06 de Novembro de 1910<\/em><\/strong>, por um grupo de\u00a0<em>oper\u00e1rios e alunos<\/em>\u00a0do antigo\u00a0<em>Gymnasio de Botafogo<\/em>:\u00a0<em>Ernesto Amaral; capit\u00e3o Arthur Henrique Santos; Tenente Eloy Valentim Aguiar; Julio Kengen; Jos\u00e9 de Maria Ferreira; Jos\u00e9 Nascimento Ferreira; Leandro da Rocha<\/em>, entre outros.<\/mark><\/p>\n\n\n\n<h2 class=\"wp-block-heading\"><em><mark style=\"background-color:rgba(0, 0, 0, 0);color:#181691\" class=\"has-inline-color\"><strong>Campe\u00e3o do 1\u00ba Campeonato da<\/strong>&nbsp;<strong>Liga Sportiva Suburbana<\/strong><\/mark><\/em><\/h2>\n\n\n\n<p><mark style=\"background-color:rgba(0, 0, 0, 0);color:#000000\" class=\"has-inline-color\">Ap\u00f3s uma temporada realizando amistosos e festivais, o&nbsp;<strong>Real Grandeza FC<\/strong>&nbsp;foi um dos primeiros clubes&nbsp; a se filiar na nova&nbsp;<strong><em>Liga Sportiva Suburbana (LSS)<\/em><\/strong>,&nbsp;<em>fundada em abril de 1912<\/em>&nbsp;<em>(Sede na Rua do Senado, n\u00ba 164, no Centro do Rio)<\/em>.<\/mark><\/p>\n\n\n\n<p><mark style=\"background-color:rgba(0, 0, 0, 0);color:#000000\" class=\"has-inline-color\">No 1\u00ba campeonato, o&nbsp;<strong>Real Grandeza&nbsp;<\/strong>fez bonito, ao&nbsp;<strong><em>conquistar o t\u00edtulo no 1\u00ba Quadro<\/em><\/strong>&nbsp;e o&nbsp;<strong><em>vice-campeonato nos 2\u00ba Quadros<\/em><\/strong>.<\/mark><\/p>\n\n\n\n<h2 class=\"wp-block-heading\"><strong><em><mark style=\"background-color:rgba(0, 0, 0, 0);color:#161395\" class=\"has-inline-color\">Amistoso em Niter\u00f3i<\/mark><\/em><\/strong><\/h2>\n\n\n\n<p><mark style=\"background-color:rgba(0, 0, 0, 0);color:#000000\" class=\"has-inline-color\">O&nbsp;<strong><em>clube Alvianil<\/em><\/strong>&nbsp;atravessou a Ba\u00eda de Guanabara, onde enfrentou o&nbsp;<strong><em>Esperan\u00e7a Football Club<\/em><\/strong>, do Bairro de Icarahy,&nbsp;<em>no s\u00e1bado do dia 27 de julho de 1912<\/em>. No final, o&nbsp;<strong><em>Real Grandeza<\/em>&nbsp;<\/strong>goleou por&nbsp;<strong><em>6 a 0<\/em><\/strong>, nos&nbsp;<em>Primeiros Quadros<\/em>. Nos&nbsp;<em>Segundos Quadros<\/em>, outro triunfo sobre o&nbsp;<strong><em>clube niteroiense<\/em><\/strong>:&nbsp;<strong><em>5 a 0<\/em><\/strong>.<\/mark><\/p>\n\n\n<div class=\"wp-block-image\">\n<figure class=\"aligncenter size-full is-resized\"><img loading=\"lazy\" decoding=\"async\" width=\"338\" height=\"395\" src=\"https:\/\/historiadofutebol.com\/blog\/wp-content\/uploads\/2026\/04\/real.jpg\" alt=\"\" class=\"wp-image-136223\" style=\"width:193px;height:auto\" srcset=\"https:\/\/historiadofutebol.com\/blog\/wp-content\/uploads\/2026\/04\/real.jpg 338w, https:\/\/historiadofutebol.com\/blog\/wp-content\/uploads\/2026\/04\/real-257x300.jpg 257w\" sizes=\"auto, (max-width: 338px) 100vw, 338px\" \/><figcaption class=\"wp-element-caption\"><strong><mark style=\"background-color:rgba(0, 0, 0, 0);color:#141d7d\" class=\"has-inline-color\">Escudo de 1927<\/mark><\/strong><\/figcaption><\/figure><\/div>\n\n\n<h2 class=\"wp-block-heading\"><strong><em><mark style=\"background-color:rgba(0, 0, 0, 0);color:#18258b\" class=\"has-inline-color\">Triunfo em cima do Carioca F.B.C.<\/mark><\/em><\/strong><\/h2>\n\n\n\n<p><mark style=\"background-color:rgba(0, 0, 0, 0);color:#000000\" class=\"has-inline-color\">Em 1913, saiu da\u00a0<strong><em>LSS<\/em><\/strong>. Contudo, nesta temporada enfrentou um forte advers\u00e1rio:\u00a0<strong><em>Carioca Football Club<\/em><\/strong>, duas vezes, ambos na casa do advers\u00e1rio:\u00a0<em>Estrada Dona Castorina, no Bairro da G\u00e1vea<\/em>. No primeiro encontro,\u00a0<strong><em>Real Grandeza<\/em>\u00a0<\/strong>goleou o\u00a0<strong><em>Carioca<\/em><\/strong>\u00a0pelo placar de\u00a0<strong><em>3 a 0<\/em><\/strong>. No segundo, melhor para os donos da casa, que venceram apertado o<em>\u00a0<strong>Real Grandeza<\/strong><\/em>, por\u00a0<strong><em>2 a 1<\/em><\/strong>.<\/mark><\/p>\n\n\n\n<h2 class=\"wp-block-heading\"><strong><em><mark style=\"background-color:rgba(0, 0, 0, 0);color:#181d83\" class=\"has-inline-color\">Real Grandeza fez o jogo \u201cda entrega das faixas\u201d do 1\u00ba Campe\u00e3o de Niter\u00f3i<\/mark><\/em><\/strong><\/h2>\n\n\n\n<p><mark style=\"background-color:rgba(0, 0, 0, 0);color:#000000\" class=\"has-inline-color\"><em>No domingo, do dia 14 de dezembro de 1913<\/em>, o&nbsp;<strong><em>Real Grandeza<\/em><\/strong>&nbsp;enfrentou o&nbsp;<strong><em>Guarany Football Club<\/em><\/strong>, \u00e0s <em>14h30min<\/em>., no&nbsp;<em>\u2018Ground dos Salesianos\u2019<\/em>, no Bairro de Santa Rosa, em Niter\u00f3i. A peleja foi organizado pelo&nbsp;<strong><em>Jornal Gazeta da Manh\u00e3<\/em><\/strong>, a fim de celebrar a conquista do&nbsp;<strong><em>Campeonato Niteroiense daquele ano<\/em><\/strong>, pelo&nbsp;<strong><em>Guarany<\/em><\/strong>, que se sagrou <em><strong>campe\u00e3o <\/strong><\/em>vencendo todos os seus jogos. Antes do in\u00edcio do jogo, o jornal entregou a bel\u00edssima medalha de ouro ao clube niteroiense, que foi muito aplaudido pelo p\u00fablico presente.<\/mark><\/p>\n\n\n\n<p><mark style=\"background-color:rgba(0, 0, 0, 0);color:#000000\" class=\"has-inline-color\">A partida foi movimentada e com uma \u201c<em>chuva de gols<\/em>\u201c: oito. Melhor para o\u00a0<strong><em>Guarany<\/em><\/strong>\u00a0que bateu o\u00a0<strong><em>Real Grandeza<\/em><\/strong>\u00a0pelo placar de\u00a0<strong><em>5 a 3<\/em><\/strong>. Al\u00e9m da vit\u00f3ria, o clube niteroiense encerrou a temporada de forma invicta sem perder nenhuma partida tanto em jogos oficiais quanto nos amistosos. Ao todo,\u00a0<strong>Guarany Football Club\u00a0<\/strong>realizou\u00a0<strong><em>21 jogos<\/em><\/strong>\u00a0na temporada de 1913:<strong>\u00a0<\/strong>foram<strong>\u00a0<em>19 vit\u00f3rias e dois empates<\/em><\/strong>. Ap\u00f3s o jogo, o\u00a0<strong><em>Guarany<\/em><\/strong>\u00a0faturou mais um caneco: a Ta\u00e7a Freitas e F\u00e9lix, destinada ao vencedor do confronto.<\/mark><\/p>\n\n\n\n<p><mark style=\"background-color:rgba(0, 0, 0, 0);color:#000000\" class=\"has-inline-color\">O&nbsp;<strong><em>Guarany<\/em><\/strong>&nbsp;jogou da seguinte forma:&nbsp;<em>O. Medeiros; J. Failace e M. Alexandrino; Eurico, F. Ferreira e L. Tinoco; Gravano, Monteirinho, R. Medeiros, Cecy e Lydio<\/em>.<\/mark><\/p>\n\n\n\n<p><mark style=\"background-color:rgba(0, 0, 0, 0);color:#000000\" class=\"has-inline-color\">O\u00a0<strong><em>Real Grandeza<\/em><\/strong>\u00a0atuou:\u00a0<em>\u00c1lvaro da Silva; Alberto Rocha e\u00a0 Euclydes Oliveira (Cap.); J. F\u00e9lix, M. Leite e Jos\u00e9 de Maria Ferreira (Nero); Jorge Menna, Julio Kengen, J. Marcellino, E. Menezes e J. Pinto<\/em>.<\/mark><\/p>\n\n\n\n<h2 class=\"wp-block-heading\"><em><mark style=\"background-color:rgba(0, 0, 0, 0);color:#141588\" class=\"has-inline-color\"><strong>Campe\u00e3o do 1\u00ba Campeonato da<\/strong>&nbsp;<strong>Federa\u00e7\u00e3o Brasileira de Football<\/strong><\/mark><\/em><\/h2>\n\n\n\n<p><mark style=\"background-color:rgba(0, 0, 0, 0);color:#000000\" class=\"has-inline-color\">Em 1914, a&nbsp;<strong><em>equipe Alvianil<\/em><\/strong>&nbsp;se filiou na&nbsp;<strong><em>Liga Sportiva de Football (LSF)<\/em><\/strong>, onde ficou com o&nbsp;<strong><em>vice-campeonato<\/em><\/strong>&nbsp;ao lado&nbsp;<strong><em>do Dois de Junho Football Club<\/em><\/strong>. Em 1915, ajudou na Funda\u00e7\u00e3o da&nbsp;<strong><em>Federa\u00e7\u00e3o Brasileira de Football (FBF)<\/em><\/strong>.<\/mark><\/p>\n\n\n\n<p><mark style=\"background-color:rgba(0, 0, 0, 0);color:#000000\" class=\"has-inline-color\">Nesta competi\u00e7\u00e3o, fez excelente campanha, chegando ao ponto de arrasar o seu principal advers\u00e1rio:&nbsp;<strong><em>Dois de Junho Football Club<\/em><\/strong>, pelo elevado escore de 8 a 0. No final se sagrou&nbsp;<strong><em>Campe\u00e3o da temporada de 1915<\/em><\/strong>. Como a&nbsp;<strong><em>FBF<\/em><\/strong>&nbsp;acabou sendo dissolvida, apenas&nbsp;<strong>Real Grandeza<\/strong>&nbsp;foi aclamado campe\u00e3o! Nos segundos e terceiros quadros n\u00e3o tiveram vencedores.<\/mark><\/p>\n\n\n\n<p><mark style=\"background-color:rgba(0, 0, 0, 0);color:#000000\" class=\"has-inline-color\">Em 1916, entrou para a\u00a0<strong><em>Associa\u00e7\u00e3o Brasileira de Sports Athleticos (ABSA)<\/em><\/strong>, onde conseguiu o\u00a0<strong><em>2\u00ba lugar no campeonato<\/em><\/strong>. Em raz\u00e3o das boas campanhas, o\u00a0<em><strong>Real Grandeza Football Club<\/strong>\u00a0<\/em>recebeu muitos convites para viajar pelo pa\u00eds. Contudo, o clube n\u00e3o aceitou em raz\u00e3o dos compromissos e a dificuldade de se ausentar do Rio. Em 1920, se filiou a\u00a0<strong><em>Liga Allian\u00e7a Sportiva Municipal (LASM)<\/em><\/strong>.<\/mark><\/p>\n\n\n\n<h2 class=\"wp-block-heading\"><em><mark style=\"background-color:rgba(0, 0, 0, 0);color:#0a0c80\" class=\"has-inline-color\"><strong>W.O. deu o t\u00edtulo da<\/strong>&nbsp;<strong>Liga Suburbana de Football<\/strong>&nbsp;em&nbsp;<strong>1922<\/strong><\/mark><\/em><\/h2>\n\n\n\n<p><mark style=\"background-color:rgba(0, 0, 0, 0);color:#000000\" class=\"has-inline-color\">O\u00a0<strong>Real Grandeza<\/strong>\u00a0foi campe\u00e3o da\u00a0<strong><em>Liga Suburbana de Football<\/em><\/strong>\u00a0em\u00a0<strong><em>1922<\/em><\/strong>. Por\u00e9m, a final n\u00e3o foi da forma como todos desejavam. Afinal, o\u00a0<strong><em>Brasil Football Club<\/em><\/strong>\u00a0<em>(que depois se tornou o\u00a0<strong>Brasil Suburbano FC<\/strong>)<\/em>\u00a0n\u00e3o compareceu! Com isso, o\u00a0<em><strong>Real Grandeza<\/strong>\u00a0<\/em>venceu por\u00a0<strong><em>WO<\/em><\/strong>!<\/mark><\/p>\n\n\n\n<p><mark style=\"background-color:rgba(0, 0, 0, 0);color:#000000\" class=\"has-inline-color\">O\u00a0<strong><em>Brasil FC<\/em><\/strong>\u00a0foi o \u00a0<strong><em>campe\u00e3o<\/em><\/strong>\u00a0da\u00a0<strong><em>S\u00e9rie B<\/em><\/strong>, enquanto o\u00a0<em><strong>Real Grandeza<\/strong>\u00a0<\/em>foi o\u00a0<strong><em>vencedor<\/em><\/strong>\u00a0da\u00a0<strong><em>S\u00e9rie A<\/em><\/strong>. O que foi especulado naquela \u00e9poca \u00e9 que a superioridade do\u00a0<strong><em>Real Grandez<\/em>a<\/strong>\u00a0\u00e9 t\u00e3o grande que o\u00a0<strong><em>Brasil FC<\/em><\/strong>\u00a0temendo sofrer uma goleada humilhante optou em n\u00e3o comparecer na grande final.<\/mark><\/p>\n\n\n\n<p><mark style=\"background-color:rgba(0, 0, 0, 0);color:#19138a\" class=\"has-inline-color\">Os Campe\u00f5es da&nbsp;<strong><em>Liga Suburbana de Football<\/em><\/strong>:<\/mark><\/p>\n\n\n\n<p><mark style=\"background-color:rgba(0, 0, 0, 0);color:#000000\" class=\"has-inline-color\"><strong><em>Engenho de Dentro<\/em><\/strong>\u00a0<em>(tricampe\u00e3o)<\/em>: 1916, 1917 e 1918;<\/mark><\/p>\n\n\n\n<p><mark style=\"background-color:rgba(0, 0, 0, 0);color:#000000\" class=\"has-inline-color\"><strong><em>Bonsucesso<\/em><\/strong>: 1919;<\/mark><\/p>\n\n\n\n<p><mark style=\"background-color:rgba(0, 0, 0, 0);color:#000000\" class=\"has-inline-color\"><strong><em>Mavilis<\/em><\/strong>\u00a0<em>(bicampe\u00e3o)<\/em>: 1920 e 1921;<\/mark><\/p>\n\n\n\n<p><mark style=\"background-color:rgba(0, 0, 0, 0);color:#000000\" class=\"has-inline-color\"><strong><em>Real Grandeza<\/em><\/strong>: 1922.<\/mark><\/p>\n\n\n\n<p><mark style=\"background-color:rgba(0, 0, 0, 0);color:#000000\" class=\"has-inline-color\">Em 1923, a\u00a0<strong><em>Liga Suburbana de Football<\/em><\/strong>, que era uma Subliga da Metropolitana, foi perdendo credibilidade e a bagun\u00e7a imperou. Diante desse quadro foi desfilada pela <em><strong>Liga Metropolitana<\/strong><\/em>, e, por conseq\u00fcente foi extinta. No in\u00edcio de <em><strong>1926<\/strong><\/em>, entrou na\u00a0<strong><em>Liga Graphica<\/em><\/strong>.<\/mark><\/p>\n\n\n\n<h2 class=\"wp-block-heading\"><strong><em><mark style=\"background-color:rgba(0, 0, 0, 0);color:#0e1487\" class=\"has-inline-color\">Hymno do Real Grandeza Football Club<\/mark><\/em><\/strong><\/h2>\n\n\n\n<p><strong><mark style=\"background-color:rgba(0, 0, 0, 0);color:#151ba5\" class=\"has-inline-color\"><em>Compositor: <\/em><\/mark><\/strong><em><mark style=\"background-color:rgba(0, 0, 0, 0);color:#151ba5\" class=\"has-inline-color\">Oswaldo Barbosa<\/mark><\/em><\/p>\n\n\n\n<p><em><mark style=\"background-color:rgba(0, 0, 0, 0);color:#000000\" class=\"has-inline-color\">Real Grandeza glorioso,<\/mark><\/em><\/p>\n\n\n\n<p><em><mark style=\"background-color:rgba(0, 0, 0, 0);color:#000000\" class=\"has-inline-color\">Azul e branco pavilh\u00e3o;<\/mark><\/em><\/p>\n\n\n\n<p><em><mark style=\"background-color:rgba(0, 0, 0, 0);color:#000000\" class=\"has-inline-color\">Ergue-te lindo, glorioso;<\/mark><\/em><\/p>\n\n\n\n<p><em><mark style=\"background-color:rgba(0, 0, 0, 0);color:#000000\" class=\"has-inline-color\">Luctando sem hesita\u00e7\u00e3o.<\/mark><\/em><\/p>\n\n\n\n<p><em><mark style=\"background-color:rgba(0, 0, 0, 0);color:#000000\" class=\"has-inline-color\">Her\u00f3e bemquisto, valoroso,<\/mark><\/em><\/p>\n\n\n\n<p><em><mark style=\"background-color:rgba(0, 0, 0, 0);color:#000000\" class=\"has-inline-color\">E&#8217;s nas pelejas campe\u00e3o;<\/mark><\/em><\/p>\n\n\n\n<p><em><mark style=\"background-color:rgba(0, 0, 0, 0);color:#000000\" class=\"has-inline-color\">Valente e bem esperan\u00e7oso,<\/mark><\/em><\/p>\n\n\n\n<p><em><mark style=\"background-color:rgba(0, 0, 0, 0);color:#000000\" class=\"has-inline-color\">Terias da gloria o cora\u00e7\u00e3o.<\/mark><\/em><\/p>\n\n\n\n<p><strong><em><mark style=\"background-color:rgba(0, 0, 0, 0);color:#000000\" class=\"has-inline-color\">Estribilho<\/mark><\/em><\/strong><\/p>\n\n\n\n<p><em><mark style=\"background-color:rgba(0, 0, 0, 0);color:#000000\" class=\"has-inline-color\">Avante Real Grandeza,<\/mark><\/em><\/p>\n\n\n\n<p><em><mark style=\"background-color:rgba(0, 0, 0, 0);color:#000000\" class=\"has-inline-color\">Na conquista da victoria;<\/mark><\/em><\/p>\n\n\n\n<p><em><mark style=\"background-color:rgba(0, 0, 0, 0);color:#000000\" class=\"has-inline-color\">Teu nome tem a clareza,<\/mark><\/em><\/p>\n\n\n\n<p><em><mark style=\"background-color:rgba(0, 0, 0, 0);color:#000000\" class=\"has-inline-color\">Que confirma a tua gloria<\/mark><\/em>,<\/p>\n\n\n\n<p><em><mark style=\"background-color:rgba(0, 0, 0, 0);color:#000000\" class=\"has-inline-color\">Avante Real Grandeza,<\/mark><\/em><\/p>\n\n\n\n<p><em><mark style=\"background-color:rgba(0, 0, 0, 0);color:#000000\" class=\"has-inline-color\">Na conquista da victoria;<\/mark><\/em><\/p>\n\n\n\n<p><em><mark style=\"background-color:rgba(0, 0, 0, 0);color:#000000\" class=\"has-inline-color\">Teu nome tem a clareza,<\/mark><\/em><\/p>\n\n\n\n<p><em><mark style=\"background-color:rgba(0, 0, 0, 0);color:#000000\" class=\"has-inline-color\">Que confirma a tua gloria<\/mark><\/em>,<\/p>\n\n\n\n<p><em><mark style=\"background-color:rgba(0, 0, 0, 0);color:#000000\" class=\"has-inline-color\">Teu nome nas lidas, j\u00e1 feito,<\/mark><\/em><\/p>\n\n\n\n<p><em><mark style=\"background-color:rgba(0, 0, 0, 0);color:#000000\" class=\"has-inline-color\">Em tudo sempre triumphante;<\/mark><\/em><\/p>\n\n\n\n<p><em><mark style=\"background-color:rgba(0, 0, 0, 0);color:#000000\" class=\"has-inline-color\">G\u00f3sa de subido conceito,<\/mark><\/em><\/p>\n\n\n\n<p><em><mark style=\"background-color:rgba(0, 0, 0, 0);color:#000000\" class=\"has-inline-color\">Cuja carreira t\u00e3o brilhante,<\/mark><\/em><\/p>\n\n\n\n<p><em><mark style=\"background-color:rgba(0, 0, 0, 0);color:#000000\" class=\"has-inline-color\">Vaes tendo na vida sportiva;<\/mark><\/em><\/p>\n\n\n\n<p><em><mark style=\"background-color:rgba(0, 0, 0, 0);color:#000000\" class=\"has-inline-color\">As tuas c\u00f4res t\u00e3o vistosas.<\/mark><\/em><\/p>\n\n\n\n<p><em><mark style=\"background-color:rgba(0, 0, 0, 0);color:#000000\" class=\"has-inline-color\">Bem mostra a sua for\u00e7a altiva,<\/mark><\/em><\/p>\n\n\n\n<p><em><mark style=\"background-color:rgba(0, 0, 0, 0);color:#000000\" class=\"has-inline-color\">De her\u00f3e nas luctas gloriosas.<\/mark><\/em><\/p>\n\n\n\n<p><strong><em><strong><em><mark style=\"background-color:rgba(0, 0, 0, 0);color:#000000\" class=\"has-inline-color\">Estribilho<\/mark><\/em><\/strong><\/em><\/strong><\/p>\n\n\n\n<p><em><mark style=\"background-color:rgba(0, 0, 0, 0);color:#000000\" class=\"has-inline-color\">Avante Real Grandeza, etc.<\/mark><\/em><\/p>\n\n\n\n<p class=\"has-text-align-center\"><img loading=\"lazy\" decoding=\"async\" src=\"https:\/\/historiadofutebol.com\/blog\/wp-content\/uploads\/2017\/03\/1923.jpg\" alt=\"\" width=\"1632\" height=\"2024\" srcset=\"https:\/\/historiadofutebol.com\/blog\/wp-content\/uploads\/2017\/03\/1923.jpg 1632w, https:\/\/historiadofutebol.com\/blog\/wp-content\/uploads\/2017\/03\/1923-241x300.jpg 241w, https:\/\/historiadofutebol.com\/blog\/wp-content\/uploads\/2017\/03\/1923-403x500.jpg 403w, https:\/\/historiadofutebol.com\/blog\/wp-content\/uploads\/2017\/03\/1923-300x372.jpg 300w\"\/><\/p>\n\n\n\n<p class=\"has-text-align-center\" id=\"caption-attachment-103087\"><em><mark style=\"background-color:rgba(0, 0, 0, 0);color:#111682\" class=\"has-inline-color\">Revista Vida Domestica, novembro de 1923<\/mark><\/em><\/p>\n\n\n\n<p><strong><mark style=\"background-color:rgba(0, 0, 0, 0);color:#000000\" class=\"has-inline-color\"><em>Time de 1912:&nbsp;<\/em><\/mark><\/strong><em><mark style=\"background-color:rgba(0, 0, 0, 0);color:#000000\" class=\"has-inline-color\">Saul;<strong>&nbsp;<\/strong>Jo\u00e3o Martins e C. Meira; M. Leite, Waldemar e A. Silva; Nero, J. Carvalho, Manoel, Jorge Menna e Costa.<\/mark><\/em><\/p>\n\n\n\n<p><em><mark style=\"background-color:rgba(0, 0, 0, 0);color:#000000\" class=\"has-inline-color\">&nbsp;<\/mark><\/em><strong><mark style=\"background-color:rgba(0, 0, 0, 0);color:#000000\" class=\"has-inline-color\"><em>Time de 1913:&nbsp;<\/em><\/mark><\/strong><em><mark style=\"background-color:rgba(0, 0, 0, 0);color:#000000\" class=\"has-inline-color\">\u00c1lvaro da Silva; Alberto Rocha e&nbsp; Euclydes Oliveira (Cap.); J. F\u00e9lix, M. Leite e Jos\u00e9 de Maria Ferreira (Nero); Jorge Menna, Julio Kengen, J. Marcellino, E. Menezes e J. Pinto.<\/mark><\/em><\/p>\n\n\n\n<p><em><mark style=\"background-color:rgba(0, 0, 0, 0);color:#000000\" class=\"has-inline-color\">&nbsp;<\/mark><\/em><strong><mark style=\"background-color:rgba(0, 0, 0, 0);color:#000000\" class=\"has-inline-color\"><em>Time de 1917:&nbsp;<\/em><\/mark><\/strong><em><mark style=\"background-color:rgba(0, 0, 0, 0);color:#000000\" class=\"has-inline-color\">Francisco (Laranjeiras); Raymundo e Theodoro (Nilo); Romeu (Parafuso), Jo\u00e3o Lino e Eurico (Xex\u00ea); E. Lima, Waldemar, Julio Kengen, Luiz (Amadeu) e J. Medeiros.<\/mark><\/em><\/p>\n\n\n\n<p><em><mark style=\"background-color:rgba(0, 0, 0, 0);color:#000000\" class=\"has-inline-color\">&nbsp;<\/mark><\/em><strong><mark style=\"background-color:rgba(0, 0, 0, 0);color:#000000\" class=\"has-inline-color\"><em>Time de 1921:<\/em><\/mark><\/strong><em><mark style=\"background-color:rgba(0, 0, 0, 0);color:#000000\" class=\"has-inline-color\">&nbsp;Olavo; Bento e Baptista; Moura, Ferreira e Jos\u00e9 de Maria Ferreira; Marques, Eduardo, Amadeu, Medeiros e Carregal.<\/mark><\/em><\/p>\n\n\n\n<p><strong><mark style=\"background-color:rgba(0, 0, 0, 0);color:#9b1010\" class=\"has-inline-color\"><em><u>ARTE<\/u>: <\/em><\/mark><\/strong><em><mark style=\"background-color:rgba(0, 0, 0, 0);color:#9b1010\" class=\"has-inline-color\">desenho do escudo e uniforme \u2013 S\u00e9rgio Mello<\/mark><\/em><\/p>\n\n\n\n<p><strong><mark style=\"background-color:rgba(0, 0, 0, 0);color:#161796\" class=\"has-inline-color\"><em><u>FONTES<\/u>:<\/em><\/mark><\/strong><em><mark style=\"background-color:rgba(0, 0, 0, 0);color:#161796\" class=\"has-inline-color\">&nbsp;A \u00c9poca (RJ) \u2013 Correio da Manh\u00e3 (RJ) \u2013 Gazeta de Not\u00edcias (RJ) \u2013 O Paiz (RJ) \u2013 O Imparcial (RJ) \u2013 Rio Sportivo (RJ) \u2013 Vida Dom\u00e9stica \u2013 Vida Sportiva (RJ)<\/mark><\/em><\/p>\n\n\n\n<p><\/p>\n","protected":false},"excerpt":{"rendered":"<p>Por S\u00e9rgio Mello O&nbsp;Real Grandeza Football Club&nbsp;foi uma agremia\u00e7\u00e3o da cidade do Rio de Janeiro (RJ). A sua&nbsp;Sede&nbsp;ficava localizada na&nbsp;Travessa Oliveira, n\u00ba 27, no&nbsp;Bairro de Botafogo, na Zona Sul do Rio. Nos anos 30, o clube se transferiu para a&nbsp;Rua Real Grandeza, n\u00ba 243, tamb\u00e9m em Botafogo. O\u00a0clube Alvianil\u00a0foi\u00a0Fundado no domingo, do dia 06 de [&hellip;]<\/p>\n","protected":false},"author":55,"featured_media":0,"comment_status":"open","ping_status":"closed","sticky":false,"template":"","format":"standard","meta":{"footnotes":""},"categories":[203,531,83,59,345,3,47,76],"tags":[],"class_list":["post-136220","post","type-post","status-publish","format-standard","hentry","category-sergio-mello","category-carencias","category-x9-curiosidades","category-escudos","category-fotos-historicas","category-historia-do-futebol","category-rio-de-janeiro","category-antigo-estado-do-rio"],"_links":{"self":[{"href":"https:\/\/historiadofutebol.com\/blog\/index.php?rest_route=\/wp\/v2\/posts\/136220","targetHints":{"allow":["GET"]}}],"collection":[{"href":"https:\/\/historiadofutebol.com\/blog\/index.php?rest_route=\/wp\/v2\/posts"}],"about":[{"href":"https:\/\/historiadofutebol.com\/blog\/index.php?rest_route=\/wp\/v2\/types\/post"}],"author":[{"embeddable":true,"href":"https:\/\/historiadofutebol.com\/blog\/index.php?rest_route=\/wp\/v2\/users\/55"}],"replies":[{"embeddable":true,"href":"https:\/\/historiadofutebol.com\/blog\/index.php?rest_route=%2Fwp%2Fv2%2Fcomments&post=136220"}],"version-history":[{"count":2,"href":"https:\/\/historiadofutebol.com\/blog\/index.php?rest_route=\/wp\/v2\/posts\/136220\/revisions"}],"predecessor-version":[{"id":136226,"href":"https:\/\/historiadofutebol.com\/blog\/index.php?rest_route=\/wp\/v2\/posts\/136220\/revisions\/136226"}],"wp:attachment":[{"href":"https:\/\/historiadofutebol.com\/blog\/index.php?rest_route=%2Fwp%2Fv2%2Fmedia&parent=136220"}],"wp:term":[{"taxonomy":"category","embeddable":true,"href":"https:\/\/historiadofutebol.com\/blog\/index.php?rest_route=%2Fwp%2Fv2%2Fcategories&post=136220"},{"taxonomy":"post_tag","embeddable":true,"href":"https:\/\/historiadofutebol.com\/blog\/index.php?rest_route=%2Fwp%2Fv2%2Ftags&post=136220"}],"curies":[{"name":"wp","href":"https:\/\/api.w.org\/{rel}","templated":true}]}}