{"id":136104,"date":"2026-03-18T21:11:23","date_gmt":"2026-03-19T00:11:23","guid":{"rendered":"https:\/\/historiadofutebol.com\/blog\/?p=136104"},"modified":"2026-03-19T11:46:14","modified_gmt":"2026-03-19T14:46:14","slug":"torneio-inicio-da-associacao-de-football-de-amadores-afa-de-1942","status":"publish","type":"post","link":"https:\/\/historiadofutebol.com\/blog\/?p=136104","title":{"rendered":"Torneio In\u00edcio da Associa\u00e7\u00e3o de Football de Amadores (AFA) de 1942"},"content":{"rendered":"<div class=\"wp-block-image\">\n<figure class=\"aligncenter size-large\"><img loading=\"lazy\" decoding=\"async\" width=\"500\" height=\"336\" src=\"https:\/\/historiadofutebol.com\/blog\/wp-content\/uploads\/2026\/03\/Jardim-FBC-1-500x336.jpg\" alt=\"\" class=\"wp-image-136105\" srcset=\"https:\/\/historiadofutebol.com\/blog\/wp-content\/uploads\/2026\/03\/Jardim-FBC-1-500x336.jpg 500w, https:\/\/historiadofutebol.com\/blog\/wp-content\/uploads\/2026\/03\/Jardim-FBC-1-300x202.jpg 300w, https:\/\/historiadofutebol.com\/blog\/wp-content\/uploads\/2026\/03\/Jardim-FBC-1-768x516.jpg 768w, https:\/\/historiadofutebol.com\/blog\/wp-content\/uploads\/2026\/03\/Jardim-FBC-1-624x420.jpg 624w, https:\/\/historiadofutebol.com\/blog\/wp-content\/uploads\/2026\/03\/Jardim-FBC-1.jpg 1059w\" sizes=\"auto, (max-width: 500px) 100vw, 500px\" \/><\/figure><\/div>\n\n\n<h2 class=\"wp-block-heading\"><strong><\/strong><strong><em><mark style=\"background-color:rgba(0, 0, 0, 0);color:#1521a9\" class=\"has-inline-color\">Por S\u00e9rgio Mello<\/mark><\/em><\/strong><\/h2>\n\n\n\n<p><mark style=\"background-color:rgba(0, 0, 0, 0);color:#000000\" class=\"has-inline-color\">Com grande anima\u00e7\u00e3o foi realizado <em>no domingo, do dia 05 de abril de 1942<\/em>, o <strong><em>Torneio In\u00edcio da 1\u00aa Divis\u00e3o <\/em><\/strong>da <strong><em>Associa\u00e7\u00e3o de Football de Amadores (fundado em 1938)<\/em><\/strong>, na cidade do Rio de Janeiro\/RJ. O certame, que reuniu equipes excelentes e bem preparadas, teve um desenrolar dos mais atraentes, agradando plenamente ao numeroso p\u00fablico que compareceu ao campo do <strong><em>Nacional<\/em><\/strong>.<\/mark><\/p>\n\n\n\n<p><mark style=\"background-color:rgba(0, 0, 0, 0);color:#000000\" class=\"has-inline-color\">O torneio, que teve boa organiza\u00e7\u00e3o, finalizou com a vit\u00f3ria do <strong><em>Jardim Foot-Ball Club<\/em><\/strong>. O triunfo conseguido pelo <strong><em>club azul turquesa e branco<\/em><\/strong>, pode-se dizer, foi justo, pois apresentou a sua equipe completa e bem preparada.<\/mark><\/p>\n\n\n\n<p><strong><em><mark style=\"background-color:rgba(0, 0, 0, 0);color:#000000\" class=\"has-inline-color\">Os resultados foram os seguintes:<\/mark><\/em><\/strong><\/p>\n\n\n\n<figure class=\"wp-block-table is-style-stripes\"><table class=\"has-fixed-layout\"><tbody><tr><td><strong><mark style=\"background-color:rgba(0, 0, 0, 0);color:#000000\" class=\"has-inline-color\">N\u00ba<\/mark><\/strong><\/td><td><strong><mark style=\"background-color:rgba(0, 0, 0, 0);color:#000000\" class=\"has-inline-color\">TIME 1<\/mark><\/strong><\/td><td><strong><mark style=\"background-color:rgba(0, 0, 0, 0);color:#000000\" class=\"has-inline-color\">RES<\/mark><\/strong><\/td><td><strong><mark style=\"background-color:rgba(0, 0, 0, 0);color:#000000\" class=\"has-inline-color\">ULT<\/mark><\/strong><\/td><td><strong><mark style=\"background-color:rgba(0, 0, 0, 0);color:#000000\" class=\"has-inline-color\">ADOS<\/mark><\/strong><\/td><td><strong><\/strong><strong><mark style=\"background-color:rgba(0, 0, 0, 0);color:#000000\" class=\"has-inline-color\">TIME 2<\/mark><\/strong><\/td><td><strong><mark style=\"background-color:rgba(0, 0, 0, 0);color:#000000\" class=\"has-inline-color\">ESCANTEIOS<\/mark><\/strong><\/td><td><strong><mark style=\"background-color:rgba(0, 0, 0, 0);color:#000000\" class=\"has-inline-color\">\u00c1RBITROS<\/mark><\/strong><\/td><\/tr><tr><td><mark style=\"background-color:rgba(0, 0, 0, 0);color:#000000\" class=\"has-inline-color\">1\u00ba Jogo<\/mark><\/td><td><strong><em><mark style=\"background-color:rgba(0, 0, 0, 0);color:#000000\" class=\"has-inline-color\">Rio Branco<\/mark><\/em><\/strong><\/td><td><mark style=\"background-color:rgba(0, 0, 0, 0);color:#000000\" class=\"has-inline-color\">1<\/mark><\/td><td><strong><mark style=\"background-color:rgba(0, 0, 0, 0);color:#000000\" class=\"has-inline-color\">X<\/mark><\/strong><\/td><td><mark style=\"background-color:rgba(0, 0, 0, 0);color:#000000\" class=\"has-inline-color\">0<\/mark><\/td><td><mark style=\"background-color:rgba(0, 0, 0, 0);color:#000000\" class=\"has-inline-color\">Americano<\/mark><\/td><td><mark style=\"background-color:rgba(0, 0, 0, 0);color:#000000\" class=\"has-inline-color\">1 x 0<\/mark><\/td><td><mark style=\"background-color:rgba(0, 0, 0, 0);color:#000000\" class=\"has-inline-color\">Al\u00edpio Jos\u00e9 Ferreira<\/mark><\/td><\/tr><tr><td><mark style=\"background-color:rgba(0, 0, 0, 0);color:#000000\" class=\"has-inline-color\">2\u00ba Jogo<\/mark><\/td><td><strong><em><mark style=\"background-color:rgba(0, 0, 0, 0);color:#000000\" class=\"has-inline-color\">Villa Real<\/mark><\/em><\/strong><\/td><td><mark style=\"background-color:rgba(0, 0, 0, 0);color:#000000\" class=\"has-inline-color\">1<\/mark><\/td><td><strong><mark style=\"background-color:rgba(0, 0, 0, 0);color:#000000\" class=\"has-inline-color\">X<\/mark><\/strong><\/td><td><mark style=\"background-color:rgba(0, 0, 0, 0);color:#000000\" class=\"has-inline-color\">0<\/mark><\/td><td><mark style=\"background-color:rgba(0, 0, 0, 0);color:#000000\" class=\"has-inline-color\">Atl\u00e9tico Carioca<\/mark><\/td><td><mark style=\"background-color:rgba(0, 0, 0, 0);color:#000000\" class=\"has-inline-color\">0 x 2<\/mark><\/td><td><mark style=\"background-color:rgba(0, 0, 0, 0);color:#000000\" class=\"has-inline-color\">Francelino de Souza<\/mark><\/td><\/tr><tr><td><mark style=\"background-color:rgba(0, 0, 0, 0);color:#000000\" class=\"has-inline-color\">3\u00ba Jogo<\/mark><\/td><td><mark style=\"background-color:rgba(0, 0, 0, 0);color:#000000\" class=\"has-inline-color\">AC Rio de Janeiro<\/mark><\/td><td><mark style=\"background-color:rgba(0, 0, 0, 0);color:#000000\" class=\"has-inline-color\">0<\/mark><\/td><td><strong><mark style=\"background-color:rgba(0, 0, 0, 0);color:#000000\" class=\"has-inline-color\">X<\/mark><\/strong><\/td><td><mark style=\"background-color:rgba(0, 0, 0, 0);color:#000000\" class=\"has-inline-color\">0<\/mark><\/td><td><strong><em><mark style=\"background-color:rgba(0, 0, 0, 0);color:#000000\" class=\"has-inline-color\">Nacional<\/mark><\/em><\/strong><\/td><td><mark style=\"background-color:rgba(0, 0, 0, 0);color:#000000\" class=\"has-inline-color\">2 x 3<\/mark><\/td><td><mark style=\"background-color:rgba(0, 0, 0, 0);color:#000000\" class=\"has-inline-color\">Armando Migliani<\/mark><\/td><\/tr><tr><td><mark style=\"background-color:rgba(0, 0, 0, 0);color:#000000\" class=\"has-inline-color\">4\u00ba Jogo<\/mark><\/td><td><mark style=\"background-color:rgba(0, 0, 0, 0);color:#000000\" class=\"has-inline-color\">Palestra<\/mark><\/td><td><mark style=\"background-color:rgba(0, 0, 0, 0);color:#000000\" class=\"has-inline-color\">0<\/mark><\/td><td><strong><mark style=\"background-color:rgba(0, 0, 0, 0);color:#000000\" class=\"has-inline-color\">X<\/mark><\/strong><\/td><td><mark style=\"background-color:rgba(0, 0, 0, 0);color:#000000\" class=\"has-inline-color\">1<\/mark><\/td><td><strong><em><mark style=\"background-color:rgba(0, 0, 0, 0);color:#000000\" class=\"has-inline-color\">Jardim FBC<\/mark><\/em><\/strong><\/td><td><mark style=\"background-color:rgba(0, 0, 0, 0);color:#000000\" class=\"has-inline-color\">1 x 2<\/mark><\/td><td><mark style=\"background-color:rgba(0, 0, 0, 0);color:#000000\" class=\"has-inline-color\">Nelson do Vale<\/mark><\/td><\/tr><tr><td><mark style=\"background-color:rgba(0, 0, 0, 0);color:#000000\" class=\"has-inline-color\">5\u00ba Jogo<\/mark><\/td><td><mark style=\"background-color:rgba(0, 0, 0, 0);color:#000000\" class=\"has-inline-color\">Bandeirantes<\/mark><\/td><td><mark style=\"background-color:rgba(0, 0, 0, 0);color:#000000\" class=\"has-inline-color\">0<\/mark><\/td><td><strong><mark style=\"background-color:rgba(0, 0, 0, 0);color:#000000\" class=\"has-inline-color\">X<\/mark><\/strong><\/td><td><mark style=\"background-color:rgba(0, 0, 0, 0);color:#000000\" class=\"has-inline-color\">1<\/mark><\/td><td><strong><em><mark style=\"background-color:rgba(0, 0, 0, 0);color:#000000\" class=\"has-inline-color\">Bella Vista<\/mark><\/em><\/strong><\/td><td><mark style=\"background-color:rgba(0, 0, 0, 0);color:#000000\" class=\"has-inline-color\">4 x 1<\/mark><\/td><td><mark style=\"background-color:rgba(0, 0, 0, 0);color:#000000\" class=\"has-inline-color\">Carlos Antunes<\/mark><\/td><\/tr><tr><td><mark style=\"background-color:rgba(0, 0, 0, 0);color:#000000\" class=\"has-inline-color\">6\u00ba Jogo<\/mark><\/td><td><mark style=\"background-color:rgba(0, 0, 0, 0);color:#000000\" class=\"has-inline-color\">Rio Branco<\/mark><\/td><td><mark style=\"background-color:rgba(0, 0, 0, 0);color:#000000\" class=\"has-inline-color\">0<\/mark><\/td><td><strong><mark style=\"background-color:rgba(0, 0, 0, 0);color:#000000\" class=\"has-inline-color\">X<\/mark><\/strong><\/td><td><mark style=\"background-color:rgba(0, 0, 0, 0);color:#000000\" class=\"has-inline-color\">0<\/mark><\/td><td><strong><em><mark style=\"background-color:rgba(0, 0, 0, 0);color:#000000\" class=\"has-inline-color\">Villa Real<\/mark><\/em><\/strong><\/td><td><mark style=\"background-color:rgba(0, 0, 0, 0);color:#000000\" class=\"has-inline-color\">2 x 4<\/mark><\/td><td><mark style=\"background-color:rgba(0, 0, 0, 0);color:#000000\" class=\"has-inline-color\">Mario Martins<\/mark><\/td><\/tr><tr><td><mark style=\"background-color:rgba(0, 0, 0, 0);color:#000000\" class=\"has-inline-color\">7\u00ba Jogo<\/mark><\/td><td><mark style=\"background-color:rgba(0, 0, 0, 0);color:#000000\" class=\"has-inline-color\">Nacional<\/mark><\/td><td><mark style=\"background-color:rgba(0, 0, 0, 0);color:#000000\" class=\"has-inline-color\">1<\/mark><\/td><td><strong><mark style=\"background-color:rgba(0, 0, 0, 0);color:#000000\" class=\"has-inline-color\">X<\/mark><\/strong><\/td><td><mark style=\"background-color:rgba(0, 0, 0, 0);color:#000000\" class=\"has-inline-color\">1<\/mark><\/td><td><strong><em><strong><em><mark style=\"background-color:rgba(0, 0, 0, 0);color:#000000\" class=\"has-inline-color\">Jardim FBC<\/mark><\/em><\/strong><\/em><\/strong><\/td><td><mark style=\"background-color:rgba(0, 0, 0, 0);color:#000000\" class=\"has-inline-color\">0 x 1 <\/mark><strong><mark style=\"background-color:rgba(0, 0, 0, 0);color:#f40b0b\" class=\"has-inline-color\">*<\/mark><\/strong><\/td><td><mark style=\"background-color:rgba(0, 0, 0, 0);color:#000000\" class=\"has-inline-color\">Raymundo Mello<\/mark><\/td><\/tr><tr><td><mark style=\"background-color:rgba(0, 0, 0, 0);color:#000000\" class=\"has-inline-color\">8\u00ba Jogo<\/mark><\/td><td><strong><em><strong><em><mark style=\"background-color:rgba(0, 0, 0, 0);color:#000000\" class=\"has-inline-color\">Bella Vista<\/mark><\/em><\/strong><\/em><\/strong><\/td><td><mark style=\"background-color:rgba(0, 0, 0, 0);color:#000000\" class=\"has-inline-color\">1<\/mark><\/td><td><strong><mark style=\"background-color:rgba(0, 0, 0, 0);color:#000000\" class=\"has-inline-color\">X<\/mark><\/strong><\/td><td><mark style=\"background-color:rgba(0, 0, 0, 0);color:#000000\" class=\"has-inline-color\">0<\/mark><\/td><td><mark style=\"background-color:rgba(0, 0, 0, 0);color:#000000\" class=\"has-inline-color\">Villa Real<\/mark><\/td><td><mark style=\"background-color:rgba(0, 0, 0, 0);color:#000000\" class=\"has-inline-color\">0 x 3<\/mark><\/td><td><mark style=\"background-color:rgba(0, 0, 0, 0);color:#000000\" class=\"has-inline-color\">Albertino Silveira da Motta<\/mark><\/td><\/tr><tr><td><mark style=\"background-color:rgba(0, 0, 0, 0);color:#000000\" class=\"has-inline-color\">9\u00ba Jogo<\/mark><\/td><td><strong><em><strong><em><mark style=\"background-color:rgba(0, 0, 0, 0);color:#000000\" class=\"has-inline-color\">Jardim FBC<\/mark><\/em><\/strong><\/em><\/strong><\/td><td><mark style=\"background-color:rgba(0, 0, 0, 0);color:#000000\" class=\"has-inline-color\">0<\/mark><\/td><td><strong><mark style=\"background-color:rgba(0, 0, 0, 0);color:#000000\" class=\"has-inline-color\">X<\/mark><\/strong><\/td><td><mark style=\"background-color:rgba(0, 0, 0, 0);color:#000000\" class=\"has-inline-color\">0<\/mark><\/td><td><mark style=\"background-color:rgba(0, 0, 0, 0);color:#000000\" class=\"has-inline-color\">Bella Vista<\/mark><\/td><td><mark style=\"background-color:rgba(0, 0, 0, 0);color:#000000\" class=\"has-inline-color\">3 x 1<\/mark><\/td><td><mark style=\"background-color:rgba(0, 0, 0, 0);color:#000000\" class=\"has-inline-color\">Jo\u00e3o Scaramello<\/mark><\/td><\/tr><\/tbody><\/table><\/figure>\n\n\n\n<p><strong><em><mark style=\"background-color:rgba(0, 0, 0, 0);color:#f80b0b\" class=\"has-inline-color\">*<\/mark><\/em><\/strong><em> <mark style=\"background-color:rgba(0, 0, 0, 0);color:#2411a4\" class=\"has-inline-color\">Decidido na prorroga\u00e7\u00e3o.<\/mark><\/em><\/p>\n\n\n\n<p><em><mark style=\"background-color:rgba(0, 0, 0, 0);color:#000000\" class=\"has-inline-color\"><strong>CAMPE\u00c3O &#8211;<\/strong> Jardim Foot-Ball Club.<\/mark><\/em><\/p>\n\n\n\n<p><em><mark style=\"background-color:rgba(0, 0, 0, 0);color:#000000\" class=\"has-inline-color\"><strong>VICE-CAMPE\u00c3O &#8211;<\/strong> Bella Vista.<\/mark><\/em><\/p>\n\n\n\n<p><strong><mark style=\"background-color:rgba(0, 0, 0, 0);color:#2619a5\" class=\"has-inline-color\"><em><u>ARTE<\/u>:<\/em><\/mark><\/strong><em><mark style=\"background-color:rgba(0, 0, 0, 0);color:#2619a5\" class=\"has-inline-color\"> desenho do escudo e uniforme \u2013 S\u00e9rgio Mello<\/mark><\/em><\/p>\n\n\n\n<p><strong><mark style=\"background-color:rgba(0, 0, 0, 0);color:#992020\" class=\"has-inline-color\"><em><u>FONTES<\/u>:<\/em><\/mark><\/strong><em><mark style=\"background-color:rgba(0, 0, 0, 0);color:#992020\" class=\"has-inline-color\"> A Noite (RJ) \u2013 Sport Illustrado (RJ)<\/mark><\/em><\/p>\n","protected":false},"excerpt":{"rendered":"<p>Por S\u00e9rgio Mello Com grande anima\u00e7\u00e3o foi realizado no domingo, do dia 05 de abril de 1942, o Torneio In\u00edcio da 1\u00aa Divis\u00e3o da Associa\u00e7\u00e3o de Football de Amadores (fundado em 1938), na cidade do Rio de Janeiro\/RJ. O certame, que reuniu equipes excelentes e bem preparadas, teve um desenrolar dos mais atraentes, agradando plenamente [&hellip;]<\/p>\n","protected":false},"author":55,"featured_media":0,"comment_status":"open","ping_status":"closed","sticky":false,"template":"","format":"standard","meta":{"footnotes":""},"categories":[203,91,531,83,59,3,47,76],"tags":[],"class_list":["post-136104","post","type-post","status-publish","format-standard","hentry","category-sergio-mello","category-campanhas-dos-campeoes-nordeste","category-carencias","category-x9-curiosidades","category-escudos","category-historia-do-futebol","category-rio-de-janeiro","category-antigo-estado-do-rio"],"_links":{"self":[{"href":"https:\/\/historiadofutebol.com\/blog\/index.php?rest_route=\/wp\/v2\/posts\/136104","targetHints":{"allow":["GET"]}}],"collection":[{"href":"https:\/\/historiadofutebol.com\/blog\/index.php?rest_route=\/wp\/v2\/posts"}],"about":[{"href":"https:\/\/historiadofutebol.com\/blog\/index.php?rest_route=\/wp\/v2\/types\/post"}],"author":[{"embeddable":true,"href":"https:\/\/historiadofutebol.com\/blog\/index.php?rest_route=\/wp\/v2\/users\/55"}],"replies":[{"embeddable":true,"href":"https:\/\/historiadofutebol.com\/blog\/index.php?rest_route=%2Fwp%2Fv2%2Fcomments&post=136104"}],"version-history":[{"count":3,"href":"https:\/\/historiadofutebol.com\/blog\/index.php?rest_route=\/wp\/v2\/posts\/136104\/revisions"}],"predecessor-version":[{"id":136124,"href":"https:\/\/historiadofutebol.com\/blog\/index.php?rest_route=\/wp\/v2\/posts\/136104\/revisions\/136124"}],"wp:attachment":[{"href":"https:\/\/historiadofutebol.com\/blog\/index.php?rest_route=%2Fwp%2Fv2%2Fmedia&parent=136104"}],"wp:term":[{"taxonomy":"category","embeddable":true,"href":"https:\/\/historiadofutebol.com\/blog\/index.php?rest_route=%2Fwp%2Fv2%2Fcategories&post=136104"},{"taxonomy":"post_tag","embeddable":true,"href":"https:\/\/historiadofutebol.com\/blog\/index.php?rest_route=%2Fwp%2Fv2%2Ftags&post=136104"}],"curies":[{"name":"wp","href":"https:\/\/api.w.org\/{rel}","templated":true}]}}