{"id":136092,"date":"2026-03-18T18:55:24","date_gmt":"2026-03-18T21:55:24","guid":{"rendered":"https:\/\/historiadofutebol.com\/blog\/?p=136092"},"modified":"2026-03-18T18:56:23","modified_gmt":"2026-03-18T21:56:23","slug":"inedito-jardim-foot-ball-club-gavea-rio-de-janeiro-rj-quatro-participacoes-no-estadual-da-2a-divisao","status":"publish","type":"post","link":"https:\/\/historiadofutebol.com\/blog\/?p=136092","title":{"rendered":"In\u00e9dito!! Jardim Foot-Ball Club, da G\u00e1vea &#8211; Rio de Janeiro (RJ): Quatro participa\u00e7\u00f5es no Estadual da 2\u00aa Divis\u00e3o"},"content":{"rendered":"<div class=\"wp-block-image\">\n<figure class=\"aligncenter size-large\"><img loading=\"lazy\" decoding=\"async\" width=\"500\" height=\"336\" src=\"https:\/\/historiadofutebol.com\/blog\/wp-content\/uploads\/2026\/03\/JFBC-500x336.jpg\" alt=\"\" class=\"wp-image-136093\" srcset=\"https:\/\/historiadofutebol.com\/blog\/wp-content\/uploads\/2026\/03\/JFBC-500x336.jpg 500w, https:\/\/historiadofutebol.com\/blog\/wp-content\/uploads\/2026\/03\/JFBC-300x202.jpg 300w, https:\/\/historiadofutebol.com\/blog\/wp-content\/uploads\/2026\/03\/JFBC-768x516.jpg 768w, https:\/\/historiadofutebol.com\/blog\/wp-content\/uploads\/2026\/03\/JFBC-624x420.jpg 624w, https:\/\/historiadofutebol.com\/blog\/wp-content\/uploads\/2026\/03\/JFBC.jpg 1059w\" sizes=\"auto, (max-width: 500px) 100vw, 500px\" \/><\/figure><\/div>\n\n\n<h2 class=\"wp-block-heading\"><em><mark style=\"background-color:rgba(0, 0, 0, 0);color:#131889\" class=\"has-inline-color\">Por S\u00e9rgio Mello<\/mark><\/em><\/h2>\n\n\n\n<p><mark style=\"background-color:rgba(0, 0, 0, 0);color:#000000\" class=\"has-inline-color\">O <strong><em>Jardim Foot-Ball Club<\/em><\/strong> foi uma agremia\u00e7\u00e3o da cidade do Rio de Janeiro (RJ). O \u2018<strong><em>Camiseta Azul, da G\u00e1vea<\/em><\/strong>\u2019 foi <strong><em>Fundado na segunda-feira, do dia 08 de julho de 1907<\/em><\/strong>. As <strong><em>cores<\/em><\/strong>, no <em>estatuto<\/em> constam: <em>azul<\/em> <em>turquesa<\/em> e <em>branco<\/em>.\u00a0<\/mark><\/p>\n\n\n\n<p><mark style=\"background-color:rgba(0, 0, 0, 0);color:#000000\" class=\"has-inline-color\">A sua <strong><em>Sede social<\/em><\/strong> ficava localizado na <strong><em>Rua M\u00e1rquez de S\u00e3o Vicente, n\u00ba 18, 76 (sobrado) e depois passou para o n\u00ba 173, na G\u00e1vea, na Zona Sul do Rio\/RJ<\/em><\/strong>. J\u00e1 a sua <strong><em>Pra\u00e7a de Esportes<\/em><\/strong> ficava na <strong><em>Rua Jardim Bot\u00e2nico, n\u00ba 840, no bairro do Jardim Bot\u00e2nico, na Zona Sul do Rio\/RJ<\/em><\/strong>.\u00a0 A dist\u00e2ncia entre a <strong><em>sede<\/em><\/strong> e o <strong><em>campo<\/em><\/strong> \u00e9 de <em>1,8 km<\/em>, o que d\u00e1 cerca de <em>17 minutos andando<\/em> <em>(bicicleta cerca de 8 minutos)<\/em>.<\/mark><\/p>\n\n\n\n<p><mark style=\"background-color:rgba(0, 0, 0, 0);color:#000000\" class=\"has-inline-color\">Essa dist\u00e2ncia diminuiu ainda mais em <strong><em>1928<\/em><\/strong>, quando o Jardim inaugurou o seu novo campo situado na<strong><em> Rua M\u00e1rquez de S\u00e3o Vicente, n\u00ba 185 e depois 173, na G\u00e1vea, na Zona Sul do Rio\/RJ<\/em><\/strong>. A partir da\u00ed o deslocamento passou a ser de <em>400 metros<\/em> <em>(cerca de dois minutos andando)<\/em>.<\/mark><\/p>\n\n\n\n<p><mark style=\"background-color:rgba(0, 0, 0, 0);color:#000000\" class=\"has-inline-color\">A sua <strong><em>Sede<\/em><\/strong> foi inaugurada no s\u00e1bado, do dia 21 de agosto de 1926. Al\u00e9m do <strong><em>futebol<\/em><\/strong>, tamb\u00e9m disputava as competi\u00e7\u00f5es de <strong><em>Ping Pong<\/em><\/strong><em> (atual: t\u00eanis de mesa)<\/em>. No sal\u00e3o nobre, o clube realizava <em>bailes<\/em>, <em>eventos carnavalescos<\/em>, <em>festas juninas<\/em>, entre outros.<\/mark><\/p>\n\n\n\n<h2 class=\"wp-block-heading\"><strong><em><mark style=\"background-color:rgba(0, 0, 0, 0);color:#19128e\" class=\"has-inline-color\">Campe\u00e3o de remo? Sim, senhor!<\/mark><\/em><\/strong><\/h2>\n\n\n\n<p><mark style=\"background-color:rgba(0, 0, 0, 0);color:#000000\" class=\"has-inline-color\">Em <strong><em>dezembro de<\/em><\/strong> <strong><em>1919<\/em><\/strong>, o <strong><em>Jardim<\/em><\/strong> foi <strong><em>campe\u00e3o<\/em><\/strong> nos <em>Segundos <\/em>e <em>Terceiros Team<\/em>, pela <strong><em>Uni\u00e3o das Sociedades do Remo da Lagoa Rodrigo de Freitas<\/em><\/strong>. O <strong><em>Club de Regatas Lage<\/em><\/strong> foi o vencedor nos <em>Primeiros Quadros<\/em>.<\/mark><\/p>\n\n\n\n<h2 class=\"wp-block-heading\"><strong><em><mark style=\"background-color:rgba(0, 0, 0, 0);color:#17269b\" class=\"has-inline-color\">Clube ajudou a fundar entidade em 1921<\/mark><\/em><\/strong><\/h2>\n\n\n\n<p><mark style=\"background-color:rgba(0, 0, 0, 0);color:#000000\" class=\"has-inline-color\">Em <em>junho de 1921<\/em>, por iniciativa do <strong><em>Jardim FBC<\/em><\/strong> foi fundada a <strong><em>Liga Uni\u00e3o das Sociedades dos Desportos Terrestres da Lagoa Rodrigo de Freitas<\/em><\/strong>. Os primeiros filiados foram: <strong><em>Praia Vermelha Football Club<\/em><\/strong> e <strong><em>Sport Humayta Football Club<\/em><\/strong>. A <strong><em>Sede<\/em><\/strong> ficava localizada na <strong><em>Avenida Doze de Maio, n\u00ba 21, na G\u00e1vea, na Zona Sul do Rio\/RJ<\/em><\/strong>.<\/mark><\/p>\n\n\n\n<p><mark style=\"background-color:rgba(0, 0, 0, 0);color:#000000\" class=\"has-inline-color\">Em <strong><em>1925<\/em><\/strong>, disputou o <strong><em>Campeonato na Lagoa<\/em><\/strong>, organizada pela <strong><em>Federa\u00e7\u00e3o Brasileira de Desportos Athleticos (FBDA)<\/em><\/strong>.<\/mark><\/p>\n\n\n<div class=\"wp-block-image\">\n<figure class=\"aligncenter size-large is-resized\"><img loading=\"lazy\" decoding=\"async\" width=\"418\" height=\"500\" src=\"https:\/\/historiadofutebol.com\/blog\/wp-content\/uploads\/2026\/03\/001-418x500.jpg\" alt=\"\" class=\"wp-image-136095\" style=\"width:281px;height:auto\" srcset=\"https:\/\/historiadofutebol.com\/blog\/wp-content\/uploads\/2026\/03\/001-418x500.jpg 418w, https:\/\/historiadofutebol.com\/blog\/wp-content\/uploads\/2026\/03\/001-251x300.jpg 251w, https:\/\/historiadofutebol.com\/blog\/wp-content\/uploads\/2026\/03\/001-624x746.jpg 624w, https:\/\/historiadofutebol.com\/blog\/wp-content\/uploads\/2026\/03\/001.jpg 665w\" sizes=\"auto, (max-width: 418px) 100vw, 418px\" \/><figcaption class=\"wp-element-caption\"><strong><mark style=\"background-color:rgba(0, 0, 0, 0);color:#158991\" class=\"has-inline-color\">Modelo de 1927<\/mark><\/strong><\/figcaption><\/figure><\/div>\n\n\n<h2 class=\"wp-block-heading\"><strong><em><mark style=\"background-color:rgba(0, 0, 0, 0);color:#14228c\" class=\"has-inline-color\">Vice-campe\u00e3o da Sub-Liga da LBD de 1927<\/mark><\/em><\/strong><\/h2>\n\n\n\n<p><mark style=\"background-color:rgba(0, 0, 0, 0);color:#000000\" class=\"has-inline-color\">Deu entrada <em>na quarta-feira, dia 08 de dezembro de 1926<\/em>, na secretaria da <strong><em>Liga Brasileira de Desportos (LBD)<\/em><\/strong>, para se filiar. Dias depois teve a sua filia\u00e7\u00e3o aprovada pela <strong><em>LBD<\/em><\/strong>.<\/mark><\/p>\n\n\n\n<p><mark style=\"background-color:rgba(0, 0, 0, 0);color:#000000\" class=\"has-inline-color\">Na sua 1\u00aa participa\u00e7\u00e3o na <strong><em>Sub-Liga<\/em><\/strong>, da<strong><em> LBD (Liga Brasileira de Desportos)<\/em><\/strong>, o Jardim foi o <strong><em>campe\u00e3o<\/em><\/strong> do <strong><em>Torneio da S\u00e9rie B<\/em><\/strong>. Com isso decidiu o t\u00edtulo com o <strong><em>Municipal Football Club<\/em><\/strong>, da <em>Rua da America, no bairro de Santo Cristo<\/em>.<\/mark><\/p>\n\n\n\n<p><mark style=\"background-color:rgba(0, 0, 0, 0);color:#000000\" class=\"has-inline-color\"><em>No domingo, do dia 18 de dezembro de 1927<\/em>, foi decidido o t\u00edtulo. Ap\u00f3s o 1\u00ba tempo equilibrado com vit\u00f3ria apertada de <strong><em>3 a 2<\/em><\/strong> para o <strong><em>time alviverde<\/em><\/strong>, na etapa final, o <strong><em>Municipal<\/em><\/strong> voltou melhor e marcou mais dois tentos, decretando um placar de <strong><em>5 a 2<\/em><\/strong>, conquistando o <em>Bicampeonato (1926 e 1927)<\/em>. O <strong><em>Jardim<\/em><\/strong> ficou com o <strong><em>vice<\/em><\/strong>.<\/mark><\/p>\n\n\n\n<h2 class=\"wp-block-heading\"><strong><em><mark style=\"background-color:rgba(0, 0, 0, 0);color:#1e25ab\" class=\"has-inline-color\">Quatro participa\u00e7\u00f5es no Campeonato Carioca da 2\u00aa Divis\u00e3o<\/mark><\/em><\/strong><\/h2>\n\n\n\n<p><mark style=\"background-color:rgba(0, 0, 0, 0);color:#000000\" class=\"has-inline-color\">O <strong><em>Jardim Foot-Ball Club<\/em><\/strong> disputou <strong><em>quatro edi\u00e7\u00f5es<\/em><\/strong> do <strong><em>Campeonato Carioca da 2\u00aa Divis\u00e3o<\/em><\/strong>: <strong><em>1928 (LBD)<\/em><\/strong>, <strong><em>1933 (AMEA &#8211; 2\u00ba lugar)<\/em><\/strong>, <strong><em>1934 (AMEA &#8211; 2\u00ba lugar)<\/em><\/strong> e <em>1935 (FMD)<\/em>. \u00a0<\/mark><\/p>\n\n\n\n<h2 class=\"wp-block-heading\"><strong><em><mark style=\"background-color:rgba(0, 0, 0, 0);color:#191fa3\" class=\"has-inline-color\">Campe\u00e3o nos Segundos Quadros de 1928<\/mark><\/em><\/strong><\/h2>\n\n\n\n<p><mark style=\"background-color:rgba(0, 0, 0, 0);color:#000000\" class=\"has-inline-color\"><em>Na tarde de domingo, do dia 16 de dezembro de 1928<\/em>, foi decidido o <strong><em>t\u00edtulo<\/em><\/strong> dos <strong><em>Segundos Quadros<\/em><\/strong> do <strong><em>Campeonato da 2\u00aa Divis\u00e3o da LBD<\/em><\/strong>, no campo do <strong><em>S. C. Bemfica<\/em><\/strong>. De um lado o <strong><em>Marqueza Football Club<\/em><\/strong>, <strong><em>campe\u00e3o da S\u00e9rie A<\/em><\/strong>, e do outro o <strong><em>Jardim<\/em><\/strong>, <strong><em>campe\u00e3o da S\u00e9rie B<\/em><\/strong>.<\/mark><\/p>\n\n\n\n<p><mark style=\"background-color:rgba(0, 0, 0, 0);color:#000000\" class=\"has-inline-color\">Com uma atua\u00e7\u00e3o impec\u00e1vel, o <strong><em>Jardim<\/em><\/strong> foi superior e venceu sem dificuldades pelo placar de <strong><em>3 a 0<\/em><\/strong>. Com este resultado tornou-se o <strong><em>Jardim Foot-Ball Club<\/em><\/strong> se sagrou campe\u00e3o dos <strong><em>Segundos Quadros<\/em><\/strong> da <strong><em>Segundona de 1928<\/em><\/strong>.<\/mark><\/p>\n\n\n\n<h2 class=\"wp-block-heading\"><strong><em><mark style=\"background-color:rgba(0, 0, 0, 0);color:#1017b7\" class=\"has-inline-color\">Filiou-se a AMEA<\/mark><\/em><\/strong><\/h2>\n\n\n\n<p><mark style=\"background-color:rgba(0, 0, 0, 0);color:#000000\" class=\"has-inline-color\"><em>No s\u00e1bado, do dia 22 de abril de 1933<\/em>, a <strong><em>AMEA (Associa\u00e7\u00e3o Metropolitana de Esportes Atl\u00e9ticos)<\/em><\/strong>, concedeu filia\u00e7\u00e3o ao <strong><em>Jardim FBC<\/em><\/strong>, por\u00e9m com a obriga\u00e7\u00e3o de aumentar o campo com as dimens\u00f5es legais, e o respectivo nivelamento, bem como cerca-lo seguindo as regras da entidade.\u00a0<\/mark><\/p>\n\n\n\n<h2 class=\"wp-block-heading\"><strong><em><mark style=\"background-color:rgba(0, 0, 0, 0);color:#121897\" class=\"has-inline-color\">Vice-campe\u00e3o da Segundona dos 2\u00ba Teams e 1933<\/mark><\/em><\/strong><\/h2>\n\n\n\n<p><mark style=\"background-color:rgba(0, 0, 0, 0);color:#000000\" class=\"has-inline-color\"><em>No domingo, \u00e0s 14h30min., do dia 31 de dezembro de 1933<\/em>, o <strong><em>Jardim<\/em><\/strong> <em>(campe\u00e3o da S\u00e9rie Miguel de Pino Machado)<\/em> e o <strong><em>Sport Club Uni\u00e3o<\/em><\/strong> <em>(campe\u00e3o da S\u00e9rie Jo\u00e3o Cantu\u00e1ria)<\/em> iniciaram a disputa, numa <strong><em>melhor de tr\u00eas<\/em><\/strong>, do <strong><em>t\u00edtulo<\/em><\/strong> do <strong><em>Campeonato Carioca da 2\u00aa Divis\u00e3o da AMEA,<\/em><\/strong> nos <strong><em>Segundos Quadros<\/em><\/strong>. A partida foi realizada no <em>Est\u00e1dio de General Severiano<\/em>, em Botafogo e teve <strong><em>arbitragem<\/em><\/strong> de <em>Waldemar Liotti<\/em>. No final, melhor para o <strong><em>Jardim<\/em><\/strong>, que derrotou o <strong><em>Uni\u00e3o<\/em><\/strong> por <strong><em>3 a 2<\/em><\/strong>.<\/mark><\/p>\n\n\n\n<p><mark style=\"background-color:rgba(0, 0, 0, 0);color:#000000\" class=\"has-inline-color\">No 2\u00ba jogo, o Anchieta goleou por <strong><em>5 a 1<\/em><\/strong>, levando a decis\u00e3o para a <em>terceira e \u00faltima partida<\/em>. Ent\u00e3o, <em>no domingo, dia 14 de janeiro de 1934<\/em>, da melhor de tr\u00eas, no campo da <strong><em>Portuguesa<\/em><\/strong>, decidiram o t\u00edtulo! A <strong><em>arbitragem<\/em><\/strong> ficou a cargo do <em>sr.<\/em> <em>Leonardo Teixeira<\/em>.<\/mark><\/p>\n\n\n\n<p><mark style=\"background-color:rgba(0, 0, 0, 0);color:#000000\" class=\"has-inline-color\">Embora se esperasse um jogo dif\u00edcil, no final tal situa\u00e7\u00e3o n\u00e3o sucedeu, porque o <strong><em>Sport Club Uni\u00e3o<\/em><\/strong> apresentando uma equipe em melhores condi\u00e7\u00f5es e mais treinada, venceu o <strong><em>Jardim<\/em><\/strong> com relativa facilidade por <strong><em>7 a 2<\/em><\/strong>, conquistando o <strong><em>t\u00edtulo<\/em><\/strong> de <strong><em>campe\u00e3o<\/em><\/strong> dos <strong><em>Segundos Teams<\/em><\/strong> da <strong><em>Segunda Divis\u00e3o da A. \u039c. \u0395. \u0391<\/em><\/strong>.<\/mark><\/p>\n\n\n\n<p><mark style=\"background-color:rgba(0, 0, 0, 0);color:#000000\" class=\"has-inline-color\">Os gols foram assinalados <em>Hugo<\/em> e <em>Dozinho<\/em>, com tr\u00eas tentos cada; e <em>Zeca<\/em>, com um gol, para o <strong><em>Uni\u00e3o<\/em><\/strong>; enquanto <em>Sebasti\u00e3o<\/em> e <em>Hor\u00e1cio<\/em>, de p\u00eanalti, fizeram os tentos do <strong><em>Jardim<\/em><\/strong>.<\/mark><\/p>\n\n\n\n<p><mark style=\"background-color:rgba(0, 0, 0, 0);color:#000000\" class=\"has-inline-color\"><strong><em>Uni\u00e3o: <\/em><\/strong><em>Brasil; Ant\u00f4nio e Heitor; Tit\u00e9o, Loli e Laert; Barth\u00f4, Armando, Zeca, Hugo e Dozinho<\/em>.<\/mark><\/p>\n\n\n\n<p><mark style=\"background-color:rgba(0, 0, 0, 0);color:#000000\" class=\"has-inline-color\"><strong><em>Jardim: <\/em><\/strong><em>Loma; Ariza e Mauro; Sebasti\u00e3o, Lourival e J\u00falio; Oswaldo, Adalberto, Hor\u00e1cio, Dutra e Carij\u00f3<\/em>. <strong><em>Reservas:<\/em><\/strong><em> Russo, Gallo, Tote, Maneco e Atan\u00e1sio<\/em>.<\/mark><\/p>\n\n\n\n<h2 class=\"wp-block-heading\"><strong><em><mark style=\"background-color:rgba(0, 0, 0, 0);color:#151a94\" class=\"has-inline-color\">Final da Segundona dos 1\u00ba Quadros de 1933, o Jardim ficou com o vice!<\/mark><\/em><\/strong><\/h2>\n\n\n\n<p><mark style=\"background-color:rgba(0, 0, 0, 0);color:#000000\" class=\"has-inline-color\">Na<em> <strong>S\u00e9rie Miguel de Pino Machado<\/strong>, <\/em>o<em> <strong>Jardim<\/strong> <\/em>foi o<em> <strong>campe\u00e3o<\/strong><\/em>. Foram <strong><em>seis jogos e 11 pontos; com cinco vit\u00f3rias e um empate; marcando 15 gols, sofrendo nove e um saldo positivo de seis<\/em><\/strong>.<\/mark><\/p>\n\n\n\n<p><em><strong><mark style=\"background-color:rgba(0, 0, 0, 0);color:#000000\" class=\"has-inline-color\">Os resultados abaixo:<\/mark><\/strong><\/em><\/p>\n\n\n\n<figure class=\"wp-block-table is-style-stripes\"><table class=\"has-fixed-layout\"><tbody><tr><td><mark style=\"background-color:rgba(0, 0, 0, 0);color:#000000\" class=\"has-inline-color\">02\/07<\/mark><\/td><td><mark style=\"background-color:rgba(0, 0, 0, 0);color:#000000\" class=\"has-inline-color\">Jardim FBC<\/mark><\/td><td><mark style=\"background-color:rgba(0, 0, 0, 0);color:#000000\" class=\"has-inline-color\">4<\/mark><\/td><td><mark style=\"background-color:rgba(0, 0, 0, 0);color:#000000\" class=\"has-inline-color\"><strong>X<\/strong><\/mark><\/td><td><mark style=\"background-color:rgba(0, 0, 0, 0);color:#000000\" class=\"has-inline-color\">3<\/mark><\/td><td><mark style=\"background-color:rgba(0, 0, 0, 0);color:#000000\" class=\"has-inline-color\">AC Cordovil<\/mark><\/td><td><mark style=\"background-color:rgba(0, 0, 0, 0);color:#000000\" class=\"has-inline-color\">Rua Marqu\u00eas de S\u00e3o Vicente, na G\u00e1vea<\/mark><\/td><\/tr><tr><td><mark style=\"background-color:rgba(0, 0, 0, 0);color:#000000\" class=\"has-inline-color\">16\/07<\/mark><\/td><td><mark style=\"background-color:rgba(0, 0, 0, 0);color:#000000\" class=\"has-inline-color\">Penha AC<\/mark><\/td><td><mark style=\"background-color:rgba(0, 0, 0, 0);color:#000000\" class=\"has-inline-color\">2<\/mark><\/td><td><mark style=\"background-color:rgba(0, 0, 0, 0);color:#000000\" class=\"has-inline-color\"><strong>X<\/strong><\/mark><\/td><td><mark style=\"background-color:rgba(0, 0, 0, 0);color:#000000\" class=\"has-inline-color\">2<\/mark><\/td><td><mark style=\"background-color:rgba(0, 0, 0, 0);color:#000000\" class=\"has-inline-color\">Jardim FBC<\/mark><\/td><td><mark style=\"background-color:rgba(0, 0, 0, 0);color:#000000\" class=\"has-inline-color\">Rua C\u00e2ndido Silva, Olaria<\/mark><\/td><\/tr><tr><td><mark style=\"background-color:rgba(0, 0, 0, 0);color:#000000\" class=\"has-inline-color\">30\/07<\/mark><\/td><td><mark style=\"background-color:rgba(0, 0, 0, 0);color:#000000\" class=\"has-inline-color\">Municipal FC<\/mark><\/td><td><mark style=\"background-color:rgba(0, 0, 0, 0);color:#000000\" class=\"has-inline-color\">0<\/mark><\/td><td><mark style=\"background-color:rgba(0, 0, 0, 0);color:#000000\" class=\"has-inline-color\"><strong>X<\/strong><\/mark><\/td><td><mark style=\"background-color:rgba(0, 0, 0, 0);color:#000000\" class=\"has-inline-color\">1<\/mark><\/td><td><mark style=\"background-color:rgba(0, 0, 0, 0);color:#000000\" class=\"has-inline-color\">Jardim FBC<\/mark><\/td><td><mark style=\"background-color:rgba(0, 0, 0, 0);color:#000000\" class=\"has-inline-color\">Estrada do Norte, Bonsucesso<\/mark><\/td><\/tr><tr><td><mark style=\"background-color:rgba(0, 0, 0, 0);color:#000000\" class=\"has-inline-color\">13\/08<\/mark><\/td><td><mark style=\"background-color:rgba(0, 0, 0, 0);color:#000000\" class=\"has-inline-color\">AC Cordovil<\/mark><\/td><td><mark style=\"background-color:rgba(0, 0, 0, 0);color:#000000\" class=\"has-inline-color\">2<\/mark><\/td><td><mark style=\"background-color:rgba(0, 0, 0, 0);color:#000000\" class=\"has-inline-color\"><strong>X<\/strong><\/mark><\/td><td><mark style=\"background-color:rgba(0, 0, 0, 0);color:#000000\" class=\"has-inline-color\">3<\/mark><\/td><td><mark style=\"background-color:rgba(0, 0, 0, 0);color:#000000\" class=\"has-inline-color\">Jardim FBC<\/mark><\/td><td><mark style=\"background-color:rgba(0, 0, 0, 0);color:#000000\" class=\"has-inline-color\">Rua Oliveira Mello, Cordovil<\/mark><\/td><\/tr><tr><td><mark style=\"background-color:rgba(0, 0, 0, 0);color:#000000\" class=\"has-inline-color\">27\/08<\/mark><\/td><td><mark style=\"background-color:rgba(0, 0, 0, 0);color:#000000\" class=\"has-inline-color\">Jardim FBC<\/mark><\/td><td><mark style=\"background-color:rgba(0, 0, 0, 0);color:#000000\" class=\"has-inline-color\">2<\/mark><\/td><td><mark style=\"background-color:rgba(0, 0, 0, 0);color:#000000\" class=\"has-inline-color\"><strong>X<\/strong><\/mark><\/td><td><mark style=\"background-color:rgba(0, 0, 0, 0);color:#000000\" class=\"has-inline-color\">0<\/mark><\/td><td><mark style=\"background-color:rgba(0, 0, 0, 0);color:#000000\" class=\"has-inline-color\">Municipal FC<\/mark><\/td><td><mark style=\"background-color:rgba(0, 0, 0, 0);color:#000000\" class=\"has-inline-color\">Rua Marqu\u00eas de S\u00e3o Vicente, na G\u00e1vea<\/mark><\/td><\/tr><tr><td><mark style=\"background-color:rgba(0, 0, 0, 0);color:#000000\" class=\"has-inline-color\">10\/09<\/mark><\/td><td><mark style=\"background-color:rgba(0, 0, 0, 0);color:#000000\" class=\"has-inline-color\">Jardim FBC<\/mark><\/td><td><mark style=\"background-color:rgba(0, 0, 0, 0);color:#000000\" class=\"has-inline-color\">3<\/mark><\/td><td><mark style=\"background-color:rgba(0, 0, 0, 0);color:#000000\" class=\"has-inline-color\"><strong>X<\/strong><\/mark><\/td><td><mark style=\"background-color:rgba(0, 0, 0, 0);color:#000000\" class=\"has-inline-color\">2<\/mark><\/td><td><mark style=\"background-color:rgba(0, 0, 0, 0);color:#000000\" class=\"has-inline-color\">Penha AC<\/mark><\/td><td><mark style=\"background-color:rgba(0, 0, 0, 0);color:#000000\" class=\"has-inline-color\">Rua Marqu\u00eas de S\u00e3o Vicente, na G\u00e1vea<\/mark><\/td><\/tr><\/tbody><\/table><\/figure>\n\n\n\n<p><mark style=\"background-color:rgba(0, 0, 0, 0);color:#000000\" class=\"has-inline-color\"><em>No domingo, \u00e0s 15h30min., do dia 05 de novembro de 1933<\/em>, foi realizado o <strong><em>1\u00ba jogo<\/em><\/strong> da competi\u00e7\u00e3o decisiva do <strong><em>Campeonato Carioca da Segunda Divis\u00e3o da AMEA<\/em><\/strong>, entre o <strong><em>Sport Club Anchieta<\/em><\/strong> <em>(vencedor da s\u00e9rie &#8220;Jo\u00e3o Cantu\u00e1ria)<\/em> e o <strong><em>Jardim Football Club<\/em><\/strong> (<em>campe\u00e3o da s\u00e9rie Miguel de Pino Machado)<\/em>.<\/mark><\/p>\n\n\n\n<p><mark style=\"background-color:rgba(0, 0, 0, 0);color:#000000\" class=\"has-inline-color\">A partida foi disputada no campo do <strong><em>C. A. Central <\/em><\/strong><em>(anteriormente o jogo estava marcado para ser realizado no River Football Club)<\/em>, na <em>Rua Adriani, no bairro de Todos os Santos, na Zona Norte do Rio<\/em>. O <strong><em>\u00e1rbitro<\/em><\/strong> foi o <em>sr. Jayme Guimar\u00e3es<\/em>, do <strong><em>Mavilis Football Club<\/em><\/strong>. Apesar de import\u00e2ncia do jogo, o <strong><em>Anchieta<\/em><\/strong> n\u00e3o compareceu e o <strong><em>Jardim<\/em><\/strong> <strong><em>venceu<\/em><\/strong> por <strong><em>W.O.<\/em><\/strong>, somando <em>dois pontos<\/em>.<\/mark><\/p>\n\n\n\n<p><mark style=\"background-color:rgba(0, 0, 0, 0);color:#000000\" class=\"has-inline-color\">Uma semana depois, o segundo jogo, <em>no domingo, \u00e0s 15h30min., do dia 12 de novembro de 1933<\/em>, na <em>Av. Pasteur, Praia Vermelha, Urca<\/em>. Com <strong><em>arbitragem<\/em><\/strong> do sr. <em>Oswaldo Travassos Braga<\/em>, o <strong><em>Anchieta<\/em><\/strong> venceu por <strong><em>2 a 1<\/em><\/strong>, obrigando a necessidade do terceiro e \u00faltimo jogo. Os gols foram de <em>M\u00e1rio<\/em> para o <strong><em>Jardim<\/em><\/strong>; enquanto <em>Jarbas<\/em> e <em>Archimedes<\/em> para o <strong><em>Anchieta<\/em><\/strong>.<\/mark><\/p>\n\n\n\n<p><mark style=\"background-color:rgba(0, 0, 0, 0);color:#000000\" class=\"has-inline-color\"><strong><em>Jardim:<\/em><\/strong><em> Silvino; Carolino e Dantas; Arnaldo, Lourival e Bem-Te-Vi; N\u00e9lson, Lic\u00ednio, Antoniquinho, Onilo e M\u00e1rio<\/em>.<\/mark><\/p>\n\n\n\n<p><mark style=\"background-color:rgba(0, 0, 0, 0);color:#000000\" class=\"has-inline-color\"><em><strong>Anchieta:<\/strong> Escoteiro; Henrique e Leal; Pedro, Arnaldo e Telephone; Jo\u00e3o, Jarbas, Gast\u00e3o, Archimedes e Pinto<\/em>.<\/mark><\/p>\n\n\n\n<p><mark style=\"background-color:rgba(0, 0, 0, 0);color:#000000\" class=\"has-inline-color\">O t\u00edtulo foi decidido, <em>na quarta-feira, do dia 15 de novembro de 1933<\/em>, no Est\u00e1dio General Severiano, na preliminar do amistoso do <strong><em>Botafogo<\/em><\/strong>, que goleou a <strong><em>Sele\u00e7\u00e3o Paulista<\/em><\/strong> pelo placar de <strong><em>5 a 1<\/em><\/strong>.<\/mark><\/p>\n\n\n\n<p><mark style=\"background-color:rgba(0, 0, 0, 0);color:#000000\" class=\"has-inline-color\">Numa partida nervosa e cheia de altern\u00e2ncias, a sorte caiu para o <strong><em>Anchieta<\/em><\/strong> que derrotou o <strong><em>Jardim<\/em><\/strong> por <strong><em>1 a 0<\/em><\/strong>, ficando com o t\u00edtulo do <strong><em>Campeonato Carioca da 2\u00aa Divis\u00e3o da AMEA de 1933<\/em><\/strong>. O her\u00f3i da peleja foi o atacante <em>Pinto<\/em>, autor do gol que deu a vit\u00f3ria ao <strong><em>campe\u00e3o<\/em><\/strong>. <strong><em>Arbitragem<\/em><\/strong> foi do <em>sr. Waldemar Rodrigues Gomes<\/em>.\u00a0<\/mark><\/p>\n\n\n\n<p><mark style=\"background-color:rgba(0, 0, 0, 0);color:#000000\" class=\"has-inline-color\"><strong><em>Anchieta:<\/em><\/strong><em> Escoteiro; L\u00e9o e Herm\u00ednio; Pedro, Arnaldo e Telephone; Jo\u00e3o, Jarbas, Gast\u00e3o, Gradim e Pinto<\/em>.<\/mark><\/p>\n\n\n\n<p><mark style=\"background-color:rgba(0, 0, 0, 0);color:#000000\" class=\"has-inline-color\"><strong><em>Jardim:<\/em><\/strong><em> Silvino; Carolino e Dantas; Arnaldo, Lorico e Bem-Te-Vi; Adalberto, Antoniquinho (N\u00e9lson), Oswaldo, Carij\u00f3 e M\u00e1rio<\/em>.<\/mark><\/p>\n\n\n\n<h2 class=\"wp-block-heading\"><strong><em><mark style=\"background-color:rgba(0, 0, 0, 0);color:#1f1896\" class=\"has-inline-color\">Jardim goleou time invicto, sem d\u00f3<\/mark><\/em><\/strong><\/h2>\n\n\n\n<p><mark style=\"background-color:rgba(0, 0, 0, 0);color:#000000\" class=\"has-inline-color\"><em>No domingo, do dia 07 de outubro de 1934<\/em>, o <strong><em>Jardim<\/em><\/strong>, jogando nos seus dom\u00ednios, colocou fim a invencibilidade do <strong><em>Brasil Suburbano<\/em><\/strong> com uma goleada de <strong><em>7 a 2<\/em><\/strong>. Nos <strong><em>Segundos Quadros<\/em><\/strong> outro triunfo do <strong><em>Jardim<\/em><\/strong>.<\/mark><\/p>\n\n\n\n<h2 class=\"wp-block-heading\"><strong><em><mark style=\"background-color:rgba(0, 0, 0, 0);color:#000000\" class=\"has-inline-color\">Reorganiza\u00e7\u00e3o do Jardim F. Club<\/mark><\/em><\/strong><\/h2>\n\n\n\n<p><mark style=\"background-color:rgba(0, 0, 0, 0);color:#000000\" class=\"has-inline-color\">Fazendo parte da<em> <strong>AMEA<\/strong> (Associa\u00e7\u00e3o Metropolitana de Esportes Atl\u00e9ticos), o <strong>Jardim<\/strong> <\/em>tomou importante decis\u00e3o<em>, na quarta-feira, \u00e0s 20 horas, do dia 19 de dezembro de 1934<\/em>, o <em>sr. Ricardo Costa<\/em>, socio benem\u00e9rito, grande esfor\u00e7ado pelo <strong><em>Jardim F. C.<\/em><\/strong> convocou uma reuni\u00e3o na sede social, com os s\u00f3cios a fim de ser <em>organizada uma junta<\/em> para reerguimento do clube, evitando se que o clube fosse extinto.<\/mark><\/p>\n\n\n\n<p><mark style=\"background-color:rgba(0, 0, 0, 0);color:#000000\" class=\"has-inline-color\">Atendendo ao apelo do <em>sr. Ricardo Costa<\/em>, compareceu \u00e0 reuni\u00e3o um grande n\u00famero de s\u00f3cios, organizaram a seguinte junta:<\/mark><\/p>\n\n\n\n<p><mark style=\"background-color:rgba(0, 0, 0, 0);color:#000000\" class=\"has-inline-color\"><strong><em>Presidente:<\/em><\/strong><em> Zeniz Cezar da Rosa<\/em>;<\/mark><\/p>\n\n\n\n<p><mark style=\"background-color:rgba(0, 0, 0, 0);color:#000000\" class=\"has-inline-color\"><strong><em>Thesoureiro:<\/em><\/strong><em> Ricardo Costa<\/em>;<\/mark><\/p>\n\n\n\n<p><mark style=\"background-color:rgba(0, 0, 0, 0);color:#000000\" class=\"has-inline-color\"><strong><em>Secret\u00e1rio:<\/em><\/strong><em> Arlindo Cunha<\/em>;<\/mark><\/p>\n\n\n\n<p><mark style=\"background-color:rgba(0, 0, 0, 0);color:#000000\" class=\"has-inline-color\"><strong><em>Procurador:<\/em><\/strong><em> Manoel Baptista<\/em>.<\/mark><\/p>\n\n\n\n<p><mark style=\"background-color:rgba(0, 0, 0, 0);color:#000000\" class=\"has-inline-color\">Ficou resolvido que a partir de <em>Janeiro de 1935<\/em>, o valor da mensalidade passaria a ser de <em>3$000 (tr\u00eas mil cruzados)<\/em>, a fim de ser facultado a volta de todos os associados.<\/mark><\/p>\n\n\n\n<h2 class=\"wp-block-heading\"><strong><em><mark style=\"background-color:rgba(0, 0, 0, 0);color:#16219e\" class=\"has-inline-color\">Jardim ingressou na FMD, em 1935<\/mark><\/em><\/strong><\/h2>\n\n\n\n<p>Em <strong><em>1935<\/em><\/strong>, disputou o <strong><em>Campeonato da Divis\u00e3o Intermedi\u00e1ria<\/em><\/strong> da <strong><em>Federa\u00e7\u00e3o Metropolitana de Desportos (FMD)<\/em><\/strong>. Na pratica o <strong><em>Campeonato Carioca da Segunda Divis\u00e3o<\/em><\/strong>. O <strong><em>Jardim F.C.<\/em><\/strong> esteve presente no <strong><em>grupo \u2018S\u00e9rie Sul\u2019<\/em><\/strong>, com os seguintes clubes:<\/p>\n\n\n\n<p><em><mark style=\"background-color:rgba(0, 0, 0, 0);color:#000000\" class=\"has-inline-color\">Sport Club\u00a0<strong>Boa Vista<\/strong>\u00a0(Alto da Boa Vista);<\/mark><\/em><\/p>\n\n\n\n<p><em><mark style=\"background-color:rgba(0, 0, 0, 0);color:#000000\" class=\"has-inline-color\">Club Athletico\u00a0<strong>Central<\/strong>\u00a0(Todos os Santos);<\/mark><\/em><\/p>\n\n\n\n<p><em><mark style=\"background-color:rgba(0, 0, 0, 0);color:#000000\" class=\"has-inline-color\">Sport\u00a0Club\u00a0<strong>Cocot\u00e1\u00a0<\/strong>(Ilha do Governador);<\/mark><\/em><\/p>\n\n\n\n<p><strong><mark style=\"background-color:rgba(0, 0, 0, 0);color:#000000\" class=\"has-inline-color\"><em>Confian\u00e7a<\/em><\/mark><\/strong><em><mark style=\"background-color:rgba(0, 0, 0, 0);color:#000000\" class=\"has-inline-color\">\u00a0Athetico Club (Andara\u00ed);<\/mark><\/em><\/p>\n\n\n\n<p><strong><mark style=\"background-color:rgba(0, 0, 0, 0);color:#000000\" class=\"has-inline-color\"><em>Japohema<\/em><\/mark><\/strong><em><mark style=\"background-color:rgba(0, 0, 0, 0);color:#000000\" class=\"has-inline-color\">\u00a0Football Club (M\u00e9ier);<\/mark><\/em><\/p>\n\n\n\n<p><strong><mark style=\"background-color:rgba(0, 0, 0, 0);color:#000000\" class=\"has-inline-color\"><em>Jardim<\/em><\/mark><\/strong><em><mark style=\"background-color:rgba(0, 0, 0, 0);color:#000000\" class=\"has-inline-color\">\u00a0Football Club, (G\u00e1vea);<\/mark><\/em><\/p>\n\n\n\n<p><em><mark style=\"background-color:rgba(0, 0, 0, 0);color:#000000\" class=\"has-inline-color\">Sport Club\u00a0<strong>Portugal-Brasil<\/strong>\u00a0(Centro);<\/mark><\/em><\/p>\n\n\n\n<p><strong><mark style=\"background-color:rgba(0, 0, 0, 0);color:#000000\" class=\"has-inline-color\"><em>River<\/em><\/mark><\/strong><em><mark style=\"background-color:rgba(0, 0, 0, 0);color:#000000\" class=\"has-inline-color\">\u00a0Football Club (Piedade);<\/mark><\/em><\/p>\n\n\n\n<p><strong><mark style=\"background-color:rgba(0, 0, 0, 0);color:#000000\" class=\"has-inline-color\"><em>Sporting<\/em><\/mark><\/strong><em><mark style=\"background-color:rgba(0, 0, 0, 0);color:#000000\" class=\"has-inline-color\">\u00a0Club do\u00a0<strong>Brasil\u00a0<\/strong>(Centro);<\/mark><\/em><\/p>\n\n\n\n<p><mark style=\"background-color:rgba(0, 0, 0, 0);color:#000000\" class=\"has-inline-color\"><strong><em>Via\u00e7\u00e3o Excelsior<\/em><\/strong><em>\u00a0Football Club (S\u00e3o Crist\u00f3v\u00e3o)<\/em>.<\/mark><\/p>\n\n\n\n<h2 class=\"wp-block-heading\"><strong><em><mark style=\"background-color:rgba(0, 0, 0, 0);color:#131492\" class=\"has-inline-color\">Jardim entrou para a \u2018Nobre Arte\u2019<\/mark><\/em><\/strong><\/h2>\n\n\n\n<p><mark style=\"background-color:rgba(0, 0, 0, 0);color:#000000\" class=\"has-inline-color\"><em>Na sexta-feira, do dia 09 de agosto de 1935<\/em>, a diretoria do <strong><em>Jardim<\/em><\/strong> avaliou a ideia de instalar uma <strong><em>se\u00e7\u00e3o de boxe<\/em><\/strong> e se filiar na <strong><em>Federa\u00e7\u00e3o Brasileira de Pugilismo<\/em><\/strong>.\u00a0<\/mark><\/p>\n\n\n\n<h2 class=\"wp-block-heading\"><strong><mark style=\"background-color:rgba(0, 0, 0, 0);color:#1d1aa1\" class=\"has-inline-color\"><em>T\u00edtulos conquistados na Associa\u00e7\u00e3o Carioca de Football<\/em><\/mark><\/strong><\/h2>\n\n\n\n<p><mark style=\"background-color:rgba(0, 0, 0, 0);color:#000000\" class=\"has-inline-color\">Em <strong><em>1940<\/em><\/strong>, o <strong><em>Jardim<\/em><\/strong> se sagrou campe\u00e3o da <strong><em>Associa\u00e7\u00e3o Carioca de Football (ACF)<\/em><\/strong>. Em <strong><em>1941<\/em><\/strong>, ficou com o <strong><em>vice-campeonato<\/em><\/strong> com <em>25 pontos<\/em>, s\u00f3 atr\u00e1s do <strong><em>Bandeirantes<\/em><\/strong> que foi o <strong><em>campe\u00e3o<\/em><\/strong> com <em>27 pontos<\/em>. O clube da G\u00e1vea recebeu o trof\u00e9u \u201c<strong><em>Tudo nos Une<\/em><\/strong>\u201d, ofertado pelo <em>Sr. Ant\u00f4nio A. Marques<\/em>, dono da casa <strong><em>A Nova Lusit\u00e2nia<\/em><\/strong>. \u00a0<\/mark><\/p>\n\n\n\n<p><mark style=\"background-color:rgba(0, 0, 0, 0);color:#000000\" class=\"has-inline-color\">Por\u00e9m, nos <strong><em>Segundos Quadros <\/em><\/strong>e<strong><em> Juvenil<\/em><\/strong>, o <strong><em>Jardim<\/em><\/strong> ficou com os <strong><em>t\u00edtulos<\/em><\/strong>. No 2\u00ba Team, o <strong><em>Jardim<\/em><\/strong> com <em>21 pontos<\/em>; enquanto o Bandeirantes ficou na <strong><em>2\u00aa posi\u00e7\u00e3o<\/em><\/strong> com <em>19 pontos<\/em>. J\u00e1 no <strong><em>Juvenil<\/em><\/strong> o \u2018<strong><em>Camiseta Azul, da G\u00e1vea<\/em><\/strong>\u2019 levou a <strong><em>ta\u00e7a<\/em><\/strong> com <em>23 pontos<\/em>, enquanto o <strong><em>Argentino<\/em><\/strong> foi o <strong><em>vice<\/em><\/strong> com <em>22 pontos<\/em>.<\/mark><\/p>\n\n\n\n<h2 class=\"wp-block-heading\"><strong><em><mark style=\"background-color:rgba(0, 0, 0, 0);color:#141f75\" class=\"has-inline-color\">Campe\u00e3o do Torneio In\u00edcio da AFA<\/mark><\/em><\/strong><\/h2>\n\n\n\n<p><mark style=\"background-color:rgba(0, 0, 0, 0);color:#000000\" class=\"has-inline-color\">Em <strong><em>1942<\/em><\/strong>, o <strong><em>Jardim<\/em><\/strong> mudou de entidade, passando a atuar na <strong><em>Associa\u00e7\u00e3o de Football de Amadores (AFA)<\/em><\/strong>. Na primeira apari\u00e7\u00e3o, o Jardim foi <strong><em>campe\u00e3o<\/em><\/strong> do <strong><em>Torneio In\u00edcio da AFA<\/em><\/strong>.<\/mark><\/p>\n\n\n\n<p><mark style=\"background-color:rgba(0, 0, 0, 0);color:#000000\" class=\"has-inline-color\">Na estreia, bateu o <strong><em>Palestra<\/em><\/strong> por <strong><em>1 a 0<\/em><\/strong>, tendo como arbitragem <em>sr. Nelson do Vale<\/em>. Na <strong><em>fase semifinal<\/em><\/strong>, sofreu para eliminar o <strong><em>Nacional<\/em><\/strong>. Na prorroga\u00e7\u00e3o, ap\u00f3s empate em <em>1 a 1<\/em>, avan\u00e7ou <strong><em>nos escanteios<\/em><\/strong>: <strong><em>1 a 0<\/em><\/strong><em>. <strong>Arbitrou<\/strong> <\/em>o<em> sr. Raymundo Mello<\/em>.<\/mark><\/p>\n\n\n\n<p><mark style=\"background-color:rgba(0, 0, 0, 0);color:#000000\" class=\"has-inline-color\">Na <strong><em>grande final<\/em><\/strong>, a partida terminou <strong><em>empatada sem gols<\/em><\/strong>, mas no <em>crit\u00e9rio de desempate (nos escanteios)<\/em>, o <strong><em>Jardim<\/em><\/strong>bateu o<em> <strong>Bela Vista<\/strong> <\/em>por<em> <strong>3 corners contra 1 corner<\/strong><\/em>. O<em> <strong>\u00e1rbitro<\/strong> <\/em>foi o<em> sr. Jo\u00e3o Scaramello<\/em>.<\/mark><\/p>\n\n\n\n<h2 class=\"wp-block-heading\"><strong><em><mark style=\"background-color:rgba(0, 0, 0, 0);color:#191ba1\" class=\"has-inline-color\">Um fim silencioso<\/mark><\/em><\/strong><\/h2>\n\n\n\n<p><mark style=\"background-color:rgba(0, 0, 0, 0);color:#000000\" class=\"has-inline-color\">Na <strong><em>d\u00e9cada de 50 e 60<\/em><\/strong>, o notici\u00e1rio em rela\u00e7\u00e3o ao <strong><em>Jardim<\/em><\/strong> eram sobre os <em>eventos sociais<\/em>, al\u00e9m do campo, sendo alugado para outros clubes, inclusive ao <strong><em>Clube de Regatas Flamengo<\/em><\/strong>. Infelizmente, na d\u00e9cada de 70, j\u00e1 n\u00e3o foi encontrado mais nada! Mais um clube que desapareceu silenciosamente sem deixar rastros.<\/mark><\/p>\n\n\n\n<h2 class=\"wp-block-heading\"><strong><em><mark style=\"background-color:rgba(0, 0, 0, 0);color:#1516ab\" class=\"has-inline-color\"><u>Algumas forma\u00e7\u00f5es<\/u>:<\/mark><\/em><\/strong><\/h2>\n\n\n\n<p><mark style=\"background-color:rgba(0, 0, 0, 0);color:#000000\" class=\"has-inline-color\"><strong><em>Time base de 1914 (1\u00ba Team):<\/em><\/strong><em> Manoel P.; Medina e Mario; Vicente, Justiniano e Annibal; Manduca, Braga, Pedro, Gildo e Gabriel<\/em>.<\/mark><\/p>\n\n\n\n<p><mark style=\"background-color:rgba(0, 0, 0, 0);color:#000000\" class=\"has-inline-color\"><strong><em>Time base de 1914 (2\u00ba Team): <\/em><\/strong><em>Manoel; Felix e Arantes; Francisco, Napole\u00e3o e Pinto; Waldemar, Mario, Jos\u00e9, Doca e Ant\u00f4nio<\/em>.<\/mark><\/p>\n\n\n\n<p><mark style=\"background-color:rgba(0, 0, 0, 0);color:#000000\" class=\"has-inline-color\"><strong><em>Time base de 1926:<\/em><\/strong><em> Thomaz (Manduca); Gallo (Antonico) e Dantas (logato); Alh\u00f4, Nicola e Joaquim (Ernesto); Pahyha, Ajacio, Orlando (Cap.), Gordura e Affonso (Augustinho). <strong>Reservas:<\/strong> Lima, Oswaldo, Olicio, Rolla, Mingote e Alcides<\/em>.<\/mark><\/p>\n\n\n\n<p><mark style=\"background-color:rgba(0, 0, 0, 0);color:#000000\" class=\"has-inline-color\"><strong><em>Time base de 1927: <\/em><\/strong><em>Henrique (Manduca); Waldemar (Alvarenga) e Antonico (Silvino); Ernesto (Dantas), Gallo (Juca) e Pahyba (Renato); Jayme (Miguel), Orlando (Pereirinha), Corriol (Avelar ou Rolla), Mendes (Olicio ou Gordura) e Affonso (China ou Dutra)<\/em>. <strong><em>Capit\u00e3o:<\/em><\/strong><em> Orlando e depois Antonico<\/em>.<\/mark><\/p>\n\n\n\n<p><mark style=\"background-color:rgba(0, 0, 0, 0);color:#000000\" class=\"has-inline-color\"><strong><em>Time base de 1933:<\/em><\/strong><em> Silvino; Carolino e Dantas; Arnaldo, Lorico (Lourival) e Bem-Te-Vi; Dad\u00e1 (Lic\u00ednio), Antoniquinho (N\u00e9lson), Oswaldo, Carij\u00f3 (Onilo) e M\u00e1rio<\/em>.<\/mark><\/p>\n\n\n\n<p><mark style=\"background-color:rgba(0, 0, 0, 0);color:#000000\" class=\"has-inline-color\"><strong><em>Time base de 1935:<\/em><\/strong><em> Silvino; Arnaldo e Dantas (Landislau); Hor\u00e1cio (Elp\u00eddio), \u00c1lvaro e Bem-Te-Vi; (Dad\u00e1), Thom\u00e9 (Maneco), China (Salles), J\u00falio (Lic\u00ednio) e M\u00e1rio (Oswaldo)<\/em>.<\/mark><\/p>\n\n\n\n<p><mark style=\"background-color:rgba(0, 0, 0, 0);color:#000000\" class=\"has-inline-color\"><strong><em>Time base de 1941:<\/em><\/strong><em> Rolando; Walter e Alcy; Lissandro, Amaury e Alberto (Raul); Carlos, Romeu, Nen\u00e9m (Salom\u00e3o), Moreno e Edgard<\/em>.<\/mark><\/p>\n\n\n\n<p><mark style=\"background-color:rgba(0, 0, 0, 0);color:#000000\" class=\"has-inline-color\"><strong><em>Time base de 1942:<\/em><\/strong><em> Waldyr (Alberto); Alberto (Haroldo) e Zeca (China); Rolando (Walfredo), Ti\u00e3o e H\u00e9lio (Russo); Armandinho, Orfeu (Raul), Amaury (Vicente), Renato (Edgard) e Djalma (Joaquim)<\/em>.<\/mark><\/p>\n\n\n\n<p><strong><mark style=\"background-color:rgba(0, 0, 0, 0);color:#9c1616\" class=\"has-inline-color\"><em><u>ARTE<\/u>:<\/em><\/mark><\/strong><em><mark style=\"background-color:rgba(0, 0, 0, 0);color:#9c1616\" class=\"has-inline-color\"> desenho do escudo e uniforme \u2013 S\u00e9rgio Mello<\/mark><\/em><\/p>\n\n\n\n<p><strong><mark style=\"background-color:rgba(0, 0, 0, 0);color:#152391\" class=\"has-inline-color\"><em><u>FONTES<\/u>:<\/em><\/mark><\/strong><em><mark style=\"background-color:rgba(0, 0, 0, 0);color:#152391\" class=\"has-inline-color\"> A Noite (RJ) \u2013 Beira-Mar: Copacabana, Ipanema, Leme (RJ) \u2013 Correio da Manh\u00e3 (RJ) \u2013 Jornal do Brasil (RJ) \u2013 Jornal dos Sports (RJ) \u2013 O Imparcial: Di\u00e1rio Illustrado do Rio de Janeiro (RJ) \u2013 O Jornal (RJ) \u2013 O Paiz (RJ) \u2013 Futebol Nacional \u2013 Rio Sportivo (RJ)<\/mark><\/em><\/p>\n\n\n\n<p><\/p>\n","protected":false},"excerpt":{"rendered":"<p>Por S\u00e9rgio Mello O Jardim Foot-Ball Club foi uma agremia\u00e7\u00e3o da cidade do Rio de Janeiro (RJ). O \u2018Camiseta Azul, da G\u00e1vea\u2019 foi Fundado na segunda-feira, do dia 08 de julho de 1907. As cores, no estatuto constam: azul turquesa e branco.\u00a0 A sua Sede social ficava localizado na Rua M\u00e1rquez de S\u00e3o Vicente, n\u00ba [&hellip;]<\/p>\n","protected":false},"author":55,"featured_media":0,"comment_status":"open","ping_status":"closed","sticky":false,"template":"","format":"standard","meta":{"footnotes":""},"categories":[203,531,926,83,59,345,3,47,76],"tags":[],"class_list":["post-136092","post","type-post","status-publish","format-standard","hentry","category-sergio-mello","category-carencias","category-clubes-de-futebol","category-x9-curiosidades","category-escudos","category-fotos-historicas","category-historia-do-futebol","category-rio-de-janeiro","category-antigo-estado-do-rio"],"_links":{"self":[{"href":"https:\/\/historiadofutebol.com\/blog\/index.php?rest_route=\/wp\/v2\/posts\/136092","targetHints":{"allow":["GET"]}}],"collection":[{"href":"https:\/\/historiadofutebol.com\/blog\/index.php?rest_route=\/wp\/v2\/posts"}],"about":[{"href":"https:\/\/historiadofutebol.com\/blog\/index.php?rest_route=\/wp\/v2\/types\/post"}],"author":[{"embeddable":true,"href":"https:\/\/historiadofutebol.com\/blog\/index.php?rest_route=\/wp\/v2\/users\/55"}],"replies":[{"embeddable":true,"href":"https:\/\/historiadofutebol.com\/blog\/index.php?rest_route=%2Fwp%2Fv2%2Fcomments&post=136092"}],"version-history":[{"count":3,"href":"https:\/\/historiadofutebol.com\/blog\/index.php?rest_route=\/wp\/v2\/posts\/136092\/revisions"}],"predecessor-version":[{"id":136098,"href":"https:\/\/historiadofutebol.com\/blog\/index.php?rest_route=\/wp\/v2\/posts\/136092\/revisions\/136098"}],"wp:attachment":[{"href":"https:\/\/historiadofutebol.com\/blog\/index.php?rest_route=%2Fwp%2Fv2%2Fmedia&parent=136092"}],"wp:term":[{"taxonomy":"category","embeddable":true,"href":"https:\/\/historiadofutebol.com\/blog\/index.php?rest_route=%2Fwp%2Fv2%2Fcategories&post=136092"},{"taxonomy":"post_tag","embeddable":true,"href":"https:\/\/historiadofutebol.com\/blog\/index.php?rest_route=%2Fwp%2Fv2%2Ftags&post=136092"}],"curies":[{"name":"wp","href":"https:\/\/api.w.org\/{rel}","templated":true}]}}